{"id":25899,"date":"2025-09-16T18:29:27","date_gmt":"2025-09-16T21:29:27","guid":{"rendered":"https:\/\/novosaopaulo.com.br\/n1\/?p=25899"},"modified":"2025-09-16T18:29:28","modified_gmt":"2025-09-16T21:29:28","slug":"camara-de-suzano-analisa-vetos-do-executivo-e-concessao-de-titulo-de-cidadao-suzanense-na-sessao-ordinaria","status":"publish","type":"post","link":"https:\/\/novosaopaulo.com.br\/n1\/camara-de-suzano-analisa-vetos-do-executivo-e-concessao-de-titulo-de-cidadao-suzanense-na-sessao-ordinaria\/","title":{"rendered":"C\u00e2mara de Suzano analisa vetos do Executivo e concess\u00e3o de t\u00edtulo de cidad\u00e3o suzanense na sess\u00e3o ordin\u00e1ria"},"content":{"rendered":"\n<p>A C\u00e2mara de Suzano realiza, amanh\u00e3 (17), uma sess\u00e3o ordin\u00e1ria com tr\u00eas itens na pauta. Dois deles tratam da aprecia\u00e7\u00e3o de vetos encaminhados pelo Poder Executivo e o terceiro prop\u00f5e a concess\u00e3o de uma honraria.<\/p>\n\n\n\n<p>O primeiro item em discuss\u00e3o \u00e9 o veto ao projeto de lei n\u00ba 023\/2025, apresentado pelo vereador Jaime Siunte (Avante). A proposta original previa a cria\u00e7\u00e3o do Projeto de Integra\u00e7\u00e3o de C\u00e2meras Privadas de Seguran\u00e7a \u00e0 Central de Seguran\u00e7a Integrada (CSI), com o objetivo de ampliar a rede de monitoramento da cidade por meio da coopera\u00e7\u00e3o com estabelecimentos comerciais e resid\u00eancias.<\/p>\n\n\n\n<p>Na sequ\u00eancia, os parlamentares votar\u00e3o o veto relativo ao projeto de lei n\u00ba 076\/2025, de autoria do vereador Andr\u00e9 Dourado (PT). O texto propunha a gratuidade no sistema de transporte p\u00fablico municipal para m\u00e3es de beb\u00eas prematuros internados na rede p\u00fablica de sa\u00fade de Suzano, com o objetivo de facilitar o deslocamento di\u00e1rio durante o per\u00edodo de interna\u00e7\u00e3o.<\/p>\n\n\n\n<p>J\u00e1 o \u00faltimo item da pauta \u00e9 o projeto de decreto legislativo n\u00ba 007\/2025, apresentado pelo vereador Marcel Pereira da Silva (PRD), o Marcel da ONG, que concede o T\u00edtulo de Cidad\u00e3o Suzanense a Jucenio Felix da Silva. A honraria \u00e9 destinada a pessoas que tenham contribu\u00eddo de forma relevante para o desenvolvimento social, econ\u00f4mico ou cultural do munic\u00edpio.<\/p>\n\n\n\n<p>A sess\u00e3o ordin\u00e1ria ser\u00e1 realizada no Plen\u00e1rio Jos\u00e9 de Souza Candido e ter\u00e1 transmiss\u00e3o ao vivo pelos canais oficiais da C\u00e2mara: TV C\u00e2mara Suzano no YouTube (www.youtube.com\/TVCamaraDeSuzano) e pela p\u00e1gina da Casa de Leis no Facebook (www.facebook.com\/camarasuzano).<\/p>\n","protected":false},"excerpt":{"rendered":"<p>A C\u00e2mara de Suzano realiza, amanh\u00e3 (17), uma sess\u00e3o ordin\u00e1ria com tr\u00eas itens na pauta&#8230;.<\/p>\n","protected":false},"author":1,"featured_media":25900,"comment_status":"open","ping_status":"open","sticky":false,"template":"","format":"standard","meta":{"footnotes":""},"categories":[34],"tags":[],"featured_image_urls":{"full":["https:\/\/novosaopaulo.com.br\/n1\/wp-content\/uploads\/2025\/09\/WhatsApp-Image-2025-09-16-at-17.24.56.jpeg",1080,720,false],"thumbnail":["https:\/\/novosaopaulo.com.br\/n1\/wp-content\/uploads\/2025\/09\/WhatsApp-Image-2025-09-16-at-17.24.56-150x150.jpeg",150,150,true],"medium":["https:\/\/novosaopaulo.com.br\/n1\/wp-content\/uploads\/2025\/09\/WhatsApp-Image-2025-09-16-at-17.24.56-300x200.jpeg",300,200,true],"medium_large":["https:\/\/novosaopaulo.com.br\/n1\/wp-content\/uploads\/2025\/09\/WhatsApp-Image-2025-09-16-at-17.24.56-768x512.jpeg",640,427,true],"large":["https:\/\/novosaopaulo.com.br\/n1\/wp-content\/uploads\/2025\/09\/WhatsApp-Image-2025-09-16-at-17.24.56-1024x683.jpeg",640,427,true],"1536x1536":["https:\/\/novosaopaulo.com.br\/n1\/wp-content\/uploads\/2025\/09\/WhatsApp-Image-2025-09-16-at-17.24.56.jpeg",1080,720,false],"2048x2048":["https:\/\/novosaopaulo.com.br\/n1\/wp-content\/uploads\/2025\/09\/WhatsApp-Image-2025-09-16-at-17.24.56.jpeg",1080,720,false],"newsever-slider-full":["https:\/\/novosaopaulo.com.br\/n1\/wp-content\/uploads\/2025\/09\/WhatsApp-Image-2025-09-16-at-17.24.56.jpeg",1080,720,false],"newsever-featured":["https:\/\/novosaopaulo.com.br\/n1\/wp-content\/uploads\/2025\/09\/WhatsApp-Image-2025-09-16-at-17.24.56-1024x683.jpeg",1024,683,true],"newsever-medium":["https:\/\/novosaopaulo.com.br\/n1\/wp-content\/uploads\/2025\/09\/WhatsApp-Image-2025-09-16-at-17.24.56-720x475.jpeg",720,475,true]},"author_info":{"display_name":"Reda\u00e7\u00e3o","author_link":"https:\/\/novosaopaulo.com.br\/n1\/author\/g5poa\/"},"category_info":"<a href=\"https:\/\/novosaopaulo.com.br\/n1\/category\/alto-tiete\/\" rel=\"category tag\">Alto Tiet\u00ea<\/a>","tag_info":"Alto Tiet\u00ea","comment_count":"0","_links":{"self":[{"href":"https:\/\/novosaopaulo.com.br\/n1\/wp-json\/wp\/v2\/posts\/25899"}],"collection":[{"href":"https:\/\/novosaopaulo.com.br\/n1\/wp-json\/wp\/v2\/posts"}],"about":[{"href":"https:\/\/novosaopaulo.com.br\/n1\/wp-json\/wp\/v2\/types\/post"}],"author":[{"embeddable":true,"href":"https:\/\/novosaopaulo.com.br\/n1\/wp-json\/wp\/v2\/users\/1"}],"replies":[{"embeddable":true,"href":"https:\/\/novosaopaulo.com.br\/n1\/wp-json\/wp\/v2\/comments?post=25899"}],"version-history":[{"count":1,"href":"https:\/\/novosaopaulo.com.br\/n1\/wp-json\/wp\/v2\/posts\/25899\/revisions"}],"predecessor-version":[{"id":25901,"href":"https:\/\/novosaopaulo.com.br\/n1\/wp-json\/wp\/v2\/posts\/25899\/revisions\/25901"}],"wp:featuredmedia":[{"embeddable":true,"href":"https:\/\/novosaopaulo.com.br\/n1\/wp-json\/wp\/v2\/media\/25900"}],"wp:attachment":[{"href":"https:\/\/novosaopaulo.com.br\/n1\/wp-json\/wp\/v2\/media?parent=25899"}],"wp:term":[{"taxonomy":"category","embeddable":true,"href":"https:\/\/novosaopaulo.com.br\/n1\/wp-json\/wp\/v2\/categories?post=25899"},{"taxonomy":"post_tag","embeddable":true,"href":"https:\/\/novosaopaulo.com.br\/n1\/wp-json\/wp\/v2\/tags?post=25899"}],"curies":[{"name":"wp","href":"https:\/\/api.w.org\/{rel}","templated":true}]}}