{"id":25896,"date":"2025-09-16T18:28:01","date_gmt":"2025-09-16T21:28:01","guid":{"rendered":"https:\/\/novosaopaulo.com.br\/n1\/?p=25896"},"modified":"2025-09-16T18:28:15","modified_gmt":"2025-09-16T21:28:15","slug":"fux-quebra-a-unanimidade-e-expoe-os-limites-da-criminalizacao-de-atos-democraticos","status":"publish","type":"post","link":"https:\/\/novosaopaulo.com.br\/n1\/fux-quebra-a-unanimidade-e-expoe-os-limites-da-criminalizacao-de-atos-democraticos\/","title":{"rendered":"Fux quebra a unanimidade e exp\u00f5e os limites da criminaliza\u00e7\u00e3o de atos democr\u00e1ticos"},"content":{"rendered":"\n<p>O julgamento que levou \u00e0 condena\u00e7\u00e3o do ex-presidente Jair Bolsonaro por crimes contra a ordem democr\u00e1tica mobilizou o pa\u00eds e exp\u00f4s diverg\u00eancias relevantes no Supremo Tribunal Federal (STF). O voto do ministro Luiz Fux destoou da maioria e trouxe reflex\u00f5es que ultrapassam o caso concreto, tocando em pilares constitucionais como o juiz natural, o devido processo legal e a tipicidade material dos delitos penais. Fux iniciou sua diverg\u00eancia apontando a incompet\u00eancia da Primeira Turma para julgar o caso, em raz\u00e3o da perda do foro privilegiado pelo ex-presidente. O argumento encontra respaldo na pr\u00f3pria jurisprud\u00eancia da Corte desde 2018, quando o STF consolidou que o foro por prerrogativa de fun\u00e7\u00e3o \u00e9 de natureza funcional, vinculado ao exerc\u00edcio do cargo, cessando automaticamente quando o mandato \u00e9 encerrado. Para o advogado criminalista Dr. Robert Beserra, a posi\u00e7\u00e3o \u00e9 juridicamente consistente: \u201cO foro por prerrogativa de fun\u00e7\u00e3o n\u00e3o \u00e9 um privil\u00e9gio pessoal, mas uma garantia institucional ligada ao exerc\u00edcio do cargo. Ao deixar a fun\u00e7\u00e3o, a compet\u00eancia especial deixa de existir. Esse entendimento resguarda o princ\u00edpio do juiz natural, previsto no artigo 5\u00ba, inciso LIII da Constitui\u00e7\u00e3o, e evita distor\u00e7\u00f5es na jurisdi\u00e7\u00e3o penal\u201d.<\/p>\n\n\n\n<p>O ministro tamb\u00e9m sustentou que, ainda que se reconhecesse a compet\u00eancia do Supremo, o julgamento deveria ter ocorrido no Plen\u00e1rio, e n\u00e3o em uma de suas Turmas. A Constitui\u00e7\u00e3o atribui ao Plen\u00e1rio a compet\u00eancia origin\u00e1ria para julgar autoridades com foro especial, e embora o Regimento Interno permita a delega\u00e7\u00e3o, Fux destacou que casos de alta repercuss\u00e3o institucional demandam maior colegialidade. Para Dr. Robert, o argumento \u00e9 pertinente: \u201cA forma\u00e7\u00e3o plen\u00e1ria assegura maior legitimidade democr\u00e1tica, pois envolve a manifesta\u00e7\u00e3o integral da Corte. Em processos que tocam o n\u00facleo da ordem constitucional, restringir a decis\u00e3o a apenas cinco ministros pode abrir espa\u00e7o para questionamentos de legitimidade e de amplitude da colegialidade\u201d.<\/p>\n\n\n\n<p>Outro ponto de destaque foi a rejei\u00e7\u00e3o da tese de que os atos atribu\u00eddos ao ex-presidente configurariam crime de aboli\u00e7\u00e3o violenta do Estado Democr\u00e1tico de Direito. Segundo Fux, n\u00e3o houve demonstra\u00e7\u00e3o de risco concreto \u00e0 ordem constitucional, posi\u00e7\u00e3o alinhada ao princ\u00edpio da tipicidade material adotado pelo Supremo. Para Dr. Robert, essa interpreta\u00e7\u00e3o \u00e9 crucial: \u201cO STF tem reiterado que o Direito Penal s\u00f3 deve ser acionado quando h\u00e1 efetiva lesividade. Criminalizar atos simb\u00f3licos ou meramente preparat\u00f3rios contraria a l\u00f3gica do Estado Democr\u00e1tico de Direito\u201d. O criminalista ainda pondera que esse entendimento cria uma barreira probat\u00f3ria mais elevada: \u201cO precedente tende a restringir a aplica\u00e7\u00e3o do artigo 359-L do C\u00f3digo Penal, exigindo n\u00e3o apenas a inten\u00e7\u00e3o, mas a real capacidade de abalar as institui\u00e7\u00f5es. Isso cria uma salvaguarda importante contra interpreta\u00e7\u00f5es expansivas do tipo penal\u201d.<\/p>\n\n\n\n<p>O voto de Fux tamb\u00e9m criticou o tempo concedido \u00e0 defesa para analisar o volumoso acervo probat\u00f3rio, apontando que a celeridade processual n\u00e3o poderia sacrificar a plenitude da defesa. O devido processo legal, em sua dimens\u00e3o processual, exige que a defesa tenha condi\u00e7\u00f5es reais de se manifestar sobre todo o material probat\u00f3rio. Como observa Dr. Robert: \u201cO princ\u00edpio do contradit\u00f3rio e da ampla defesa, previstos no artigo 5\u00ba, LV da Constitui\u00e7\u00e3o, n\u00e3o podem ser relativizados em nome da celeridade. Em processos com milhares de p\u00e1ginas, conceder prazos ex\u00edguos inviabiliza a defesa t\u00e9cnica e gera nulidade. O STF j\u00e1 anulou procedimentos em raz\u00e3o da insufici\u00eancia de prazo quando houve preju\u00edzo concreto\u201d.<\/p>\n\n\n\n<p>Nesse contexto, Fux alertou para o risco de uma atua\u00e7\u00e3o \u201cinquisitorial\u201d diante da velocidade do julgamento, o que exp\u00f4s o dilema entre a press\u00e3o social por respostas r\u00e1pidas em casos de alta repercuss\u00e3o e a necessidade de preservar garantias constitucionais. Dr. Robert refor\u00e7a o alerta: \u201cA efici\u00eancia processual n\u00e3o pode se sobrepor aos direitos fundamentais. O Estado deve ser firme, mas nunca atropelar o devido processo legal. Respostas r\u00e1pidas que sacrificam garantias podem gerar nulidades e, no fim, enfraquecer a pr\u00f3pria legitimidade das decis\u00f5es\u201d.<\/p>\n\n\n\n<p>Al\u00e9m das quest\u00f5es t\u00e9cnicas, o voto divergente teve repercuss\u00e3o pol\u00edtica e simb\u00f3lica. Para alguns, refor\u00e7ou a pluralidade do STF; para outros, transmitiu a imagem de fragmenta\u00e7\u00e3o. Dr. Robert Beserra pondera: \u201cA diverg\u00eancia \u00e9 parte da democracia judicial. Mostra que o Supremo n\u00e3o decide de forma monol\u00edtica e que h\u00e1 espa\u00e7o para interpreta\u00e7\u00f5es diferentes. O problema \u00e9 quando essa pluralidade \u00e9 instrumentalizada politicamente como sinal de fraqueza institucional\u201d. Houve tamb\u00e9m cr\u00edticas sobre poss\u00edveis contradi\u00e7\u00f5es em rela\u00e7\u00e3o a posicionamentos anteriores do ministro, especialmente na \u00e9poca da Lava Jato. Parte da comunidade jur\u00eddica enxerga incoer\u00eancia; outra parte v\u00ea evolu\u00e7\u00e3o. \u201c\u00c9 poss\u00edvel enxergar mudan\u00e7a de sensibilidade \u00e0s garantias processuais ap\u00f3s experi\u00eancias recentes. O Supremo evolui a partir de revis\u00f5es cr\u00edticas, e isso faz parte de sua din\u00e2mica institucional\u201d, acrescenta o advogado.<\/p>\n\n\n\n<p>As consequ\u00eancias pr\u00e1ticas do voto de Fux n\u00e3o se limitam ao julgamento de Bolsonaro. Ele abre margem para recursos futuros com base em alega\u00e7\u00f5es de cerceamento de defesa, perda de compet\u00eancia por aus\u00eancia de foro e falta de risco concreto ao bem jur\u00eddico. Mais do que isso, tende a influenciar a jurisprud\u00eancia futura. \u201cEsse voto servir\u00e1 como baliza para interpreta\u00e7\u00f5es mais restritivas do artigo 359-L, exigindo prova de risco real ao Estado democr\u00e1tico, al\u00e9m de refor\u00e7ar a necessidade de prazos amplos e respeito integral ao contradit\u00f3rio. \u00c9 uma sinaliza\u00e7\u00e3o de fortalecimento das garantias processuais em tempos de polariza\u00e7\u00e3o\u201d, conclui Dr. Robert Beserra.<\/p>\n\n\n\n<p>Camila Ferreira<\/p>\n","protected":false},"excerpt":{"rendered":"<p>O julgamento que levou \u00e0 condena\u00e7\u00e3o do ex-presidente Jair Bolsonaro por crimes contra a ordem&#8230;<\/p>\n","protected":false},"author":1,"featured_media":25897,"comment_status":"open","ping_status":"open","sticky":false,"template":"","format":"standard","meta":{"footnotes":""},"categories":[2],"tags":[],"featured_image_urls":{"full":["https:\/\/novosaopaulo.com.br\/n1\/wp-content\/uploads\/2025\/09\/WhatsApp-Image-2025-09-16-at-17.22.28.jpeg",1600,1151,false],"thumbnail":["https:\/\/novosaopaulo.com.br\/n1\/wp-content\/uploads\/2025\/09\/WhatsApp-Image-2025-09-16-at-17.22.28-150x150.jpeg",150,150,true],"medium":["https:\/\/novosaopaulo.com.br\/n1\/wp-content\/uploads\/2025\/09\/WhatsApp-Image-2025-09-16-at-17.22.28-300x216.jpeg",300,216,true],"medium_large":["https:\/\/novosaopaulo.com.br\/n1\/wp-content\/uploads\/2025\/09\/WhatsApp-Image-2025-09-16-at-17.22.28-768x552.jpeg",640,460,true],"large":["https:\/\/novosaopaulo.com.br\/n1\/wp-content\/uploads\/2025\/09\/WhatsApp-Image-2025-09-16-at-17.22.28-1024x737.jpeg",640,461,true],"1536x1536":["https:\/\/novosaopaulo.com.br\/n1\/wp-content\/uploads\/2025\/09\/WhatsApp-Image-2025-09-16-at-17.22.28-1536x1105.jpeg",1536,1105,true],"2048x2048":["https:\/\/novosaopaulo.com.br\/n1\/wp-content\/uploads\/2025\/09\/WhatsApp-Image-2025-09-16-at-17.22.28.jpeg",1600,1151,false],"newsever-slider-full":["https:\/\/novosaopaulo.com.br\/n1\/wp-content\/uploads\/2025\/09\/WhatsApp-Image-2025-09-16-at-17.22.28-1280x845.jpeg",1280,845,true],"newsever-featured":["https:\/\/novosaopaulo.com.br\/n1\/wp-content\/uploads\/2025\/09\/WhatsApp-Image-2025-09-16-at-17.22.28-1024x737.jpeg",1024,737,true],"newsever-medium":["https:\/\/novosaopaulo.com.br\/n1\/wp-content\/uploads\/2025\/09\/WhatsApp-Image-2025-09-16-at-17.22.28-720x475.jpeg",720,475,true]},"author_info":{"display_name":"Reda\u00e7\u00e3o","author_link":"https:\/\/novosaopaulo.com.br\/n1\/author\/g5poa\/"},"category_info":"<a href=\"https:\/\/novosaopaulo.com.br\/n1\/category\/cidades\/\" rel=\"category tag\">Cidades<\/a>","tag_info":"Cidades","comment_count":"0","_links":{"self":[{"href":"https:\/\/novosaopaulo.com.br\/n1\/wp-json\/wp\/v2\/posts\/25896"}],"collection":[{"href":"https:\/\/novosaopaulo.com.br\/n1\/wp-json\/wp\/v2\/posts"}],"about":[{"href":"https:\/\/novosaopaulo.com.br\/n1\/wp-json\/wp\/v2\/types\/post"}],"author":[{"embeddable":true,"href":"https:\/\/novosaopaulo.com.br\/n1\/wp-json\/wp\/v2\/users\/1"}],"replies":[{"embeddable":true,"href":"https:\/\/novosaopaulo.com.br\/n1\/wp-json\/wp\/v2\/comments?post=25896"}],"version-history":[{"count":1,"href":"https:\/\/novosaopaulo.com.br\/n1\/wp-json\/wp\/v2\/posts\/25896\/revisions"}],"predecessor-version":[{"id":25898,"href":"https:\/\/novosaopaulo.com.br\/n1\/wp-json\/wp\/v2\/posts\/25896\/revisions\/25898"}],"wp:featuredmedia":[{"embeddable":true,"href":"https:\/\/novosaopaulo.com.br\/n1\/wp-json\/wp\/v2\/media\/25897"}],"wp:attachment":[{"href":"https:\/\/novosaopaulo.com.br\/n1\/wp-json\/wp\/v2\/media?parent=25896"}],"wp:term":[{"taxonomy":"category","embeddable":true,"href":"https:\/\/novosaopaulo.com.br\/n1\/wp-json\/wp\/v2\/categories?post=25896"},{"taxonomy":"post_tag","embeddable":true,"href":"https:\/\/novosaopaulo.com.br\/n1\/wp-json\/wp\/v2\/tags?post=25896"}],"curies":[{"name":"wp","href":"https:\/\/api.w.org\/{rel}","templated":true}]}}