{"id":25884,"date":"2025-09-15T15:37:06","date_gmt":"2025-09-15T18:37:06","guid":{"rendered":"https:\/\/novosaopaulo.com.br\/n1\/?p=25884"},"modified":"2025-09-15T15:37:08","modified_gmt":"2025-09-15T18:37:08","slug":"suzano-reforca-importancia-do-cuidado-com-a-saude-mental-por-meio-de-iniciativas-a-colaboradoresas","status":"publish","type":"post","link":"https:\/\/novosaopaulo.com.br\/n1\/suzano-reforca-importancia-do-cuidado-com-a-saude-mental-por-meio-de-iniciativas-a-colaboradoresas\/","title":{"rendered":"Suzano refor\u00e7a import\u00e2ncia do cuidado com a sa\u00fade mental por meio de iniciativas a colaboradores(as)"},"content":{"rendered":"\n<p><em>Durante o Setembro Amarelo, empresa evidencia seu compromisso com o bem-estar e sa\u00fade integral por meio de a\u00e7\u00f5es como canal de teleatendimento, sess\u00f5es de psicoterapia on-line, descontos em academias e atendimento m\u00e9dico e psicol\u00f3gico nas unidades<\/em><\/p>\n\n\n\n<p>A Suzano, maior produtora mundial de celulose e refer\u00eancia global na fabrica\u00e7\u00e3o de bioprodutos a partir do eucalipto, reafirma, neste Setembro Amarelo, o seu compromisso com a promo\u00e7\u00e3o da sa\u00fade mental e o bem-estar de seus(suas) colaboradores(as). A companhia acredita que o di\u00e1logo sobre sa\u00fade mental \u00e9 muito importante para reduzir tabus, ampliar o acolhimento e promover a valoriza\u00e7\u00e3o da vida. Para isso, por meio do Programa Faz Bem, desenvolvido pela \u00e1rea de Qualidade de Vida, a empresa mant\u00e9m um conjunto de iniciativas que oferecem suporte emocional, f\u00edsico e social.<\/p>\n\n\n\n<p>Entre elas est\u00e1 o Tele Faz Bem, canal exclusivo, gratuito e sigiloso, dispon\u00edvel 24 horas por dia, sete dias por semana, que conecta colaboradores(as) e familiares a uma equipe multidisciplinar formada por psic\u00f3logos, assistentes sociais, nutricionistas e especialistas jur\u00eddicos que d\u00e3o apoio integral para diferentes necessidades.<\/p>\n\n\n\n<p>A Suzano tamb\u00e9m disponibiliza, por meio de um parceiro externo especializado, uma plataforma de atendimento psicol\u00f3gico on-line, que oferece at\u00e9 quatro sess\u00f5es gratuitas por m\u00eas com um(a) especialista por videoconfer\u00eancia, em ambiente confidencial, pr\u00e1tico e seguro. A empresa ainda oferece um benef\u00edcio de descontos em academias e aplicativos de sa\u00fade integral, incentivando a pr\u00e1tica de atividades f\u00edsicas e a ado\u00e7\u00e3o de h\u00e1bitos saud\u00e1veis. J\u00e1 nas unidades industriais, os(as) colaboradores(as) contam com uma equipe de m\u00e9dicos(as) e enfermeiros(as), que prestam atendimento, acolhimento e direcionamento aos servi\u00e7os adequados.<\/p>\n\n\n\n<p>\u201cNosso compromisso \u00e9 oferecer aos(\u00e0s) colaboradores(as) um conjunto de iniciativas que promovam sa\u00fade e bem-estar de forma integral. Sabemos que falar sobre sa\u00fade mental ainda \u00e9 um desafio, mas tamb\u00e9m um ato de coragem, e por isso disponibilizamos diferentes recursos, todos sigilosos, gratuitos e acess\u00edveis. Dessa forma, reafirmamos nosso direcionador que diz que s\u00f3 \u00e9 bom para n\u00f3s se for bom para o mundo\u201d, destaca Denise Alegrette, coordenadora de Qualidade de Vida da Suzano.<\/p>\n\n\n\n<p><strong>Setembro amarelo<\/strong><\/p>\n\n\n\n<p>Com a recente san\u00e7\u00e3o da lei que oficializa a Campanha Setembro Amarelo, a Suzano destaca sua atua\u00e7\u00e3o nessa frente h\u00e1 mais de uma d\u00e9cada, desenvolvendo iniciativas que incentivam colaboradores(as), familiares e amigos(as) a reconhecerem sinais de alerta e buscarem apoio. Mudan\u00e7as de comportamento, isolamento social e tristeza intensa podem anteceder sintomas da depress\u00e3o, e a aten\u00e7\u00e3o de pessoas pr\u00f3ximas \u00e9 fundamental. O acolhimento, a informa\u00e7\u00e3o e o tratamento adequado podem prevenir em at\u00e9 90% dos casos de suic\u00eddio, segundo especialistas.<\/p>\n\n\n\n<p>Por meio do disque 188, qualquer pessoa encontra, no Centro de Valoriza\u00e7\u00e3o da Vida (CVV), um canal direto que oferece, gratuitamente e 24 horas por dia, apoio emocional, atuando na preven\u00e7\u00e3o do suic\u00eddio por meio de conversas que podem ocorrer por telefone, e-mail, chat ou VoIP. Disque 188 e procure ajuda.<\/p>\n\n\n\n<p><strong>Sobre\u202fa Suzano<\/strong><\/p>\n\n\n\n<p>A Suzano \u00e9 a maior produtora mundial de celulose, uma das maiores fabricantes de pap\u00e9is da Am\u00e9rica Latina e l\u00edder no segmento de papel higi\u00eanico no Brasil. A companhia adota as melhores pr\u00e1ticas de inova\u00e7\u00e3o e sustentabilidade para desenvolver produtos e solu\u00e7\u00f5es a partir de mat\u00e9ria-prima renov\u00e1vel. Os produtos da Suzano est\u00e3o presentes na vida de mais de 2 bilh\u00f5es de pessoas, cerca de 25% da popula\u00e7\u00e3o mundial, e incluem celulose; itens para higiene pessoal como papel higi\u00eanico e guardanapos; pap\u00e9is para embalagens, copos e canudos; pap\u00e9is para imprimir e escrever, entre outros produtos desenvolvidos para atender \u00e0 crescente necessidade do planeta por itens mais sustent\u00e1veis. Entre suas marcas no Brasil est\u00e3o Neve\u00ae, P\u00f3len\u00ae, Suzano Report\u00ae, Mimmo\u00ae, entre outras. Com sede no Brasil e opera\u00e7\u00f5es na Am\u00e9rica Latina, Am\u00e9rica do Norte, Europa e \u00c1sia, a empresa tem mais de 100 anos de hist\u00f3ria e a\u00e7\u00f5es negociadas nas bolsas do Brasil (SUZB3) e dos Estados Unidos (SUZ). Saiba mais em: <a href=\"http:\/\/www.suzano.com.br\">www.suzano.com.br<\/a>.<\/p>\n\n\n\n<figure class=\"wp-block-gallery has-nested-images columns-default is-cropped wp-block-gallery-1 is-layout-flex wp-block-gallery-is-layout-flex\">\n<figure class=\"wp-block-image size-large\"><a href=\"https:\/\/novosaopaulo.com.br\/n1\/?attachment_id=25888\" target=\"_blank\" rel=\"noopener\"><img fetchpriority=\"high\" decoding=\"async\" width=\"765\" height=\"390\" data-id=\"25888\" src=\"https:\/\/novosaopaulo.com.br\/n1\/wp-content\/uploads\/2025\/09\/WhatsApp-Image-2025-09-15-at-14.48.02.jpeg\" alt=\"\" class=\"wp-image-25888\" srcset=\"https:\/\/novosaopaulo.com.br\/n1\/wp-content\/uploads\/2025\/09\/WhatsApp-Image-2025-09-15-at-14.48.02.jpeg 765w, https:\/\/novosaopaulo.com.br\/n1\/wp-content\/uploads\/2025\/09\/WhatsApp-Image-2025-09-15-at-14.48.02-300x153.jpeg 300w\" sizes=\"(max-width: 765px) 100vw, 765px\" \/><\/a><\/figure>\n\n\n\n<figure class=\"wp-block-image size-large\"><a href=\"https:\/\/novosaopaulo.com.br\/n1\/?attachment_id=25887\" target=\"_blank\" rel=\"noopener\"><img decoding=\"async\" width=\"800\" height=\"600\" data-id=\"25887\" src=\"https:\/\/novosaopaulo.com.br\/n1\/wp-content\/uploads\/2025\/09\/WhatsApp-Image-2025-09-15-at-14.48.03-1.jpeg\" alt=\"\" class=\"wp-image-25887\" srcset=\"https:\/\/novosaopaulo.com.br\/n1\/wp-content\/uploads\/2025\/09\/WhatsApp-Image-2025-09-15-at-14.48.03-1.jpeg 800w, https:\/\/novosaopaulo.com.br\/n1\/wp-content\/uploads\/2025\/09\/WhatsApp-Image-2025-09-15-at-14.48.03-1-300x225.jpeg 300w, https:\/\/novosaopaulo.com.br\/n1\/wp-content\/uploads\/2025\/09\/WhatsApp-Image-2025-09-15-at-14.48.03-1-768x576.jpeg 768w\" sizes=\"(max-width: 800px) 100vw, 800px\" \/><\/a><\/figure>\n\n\n\n<figure class=\"wp-block-image size-large\"><a href=\"https:\/\/novosaopaulo.com.br\/n1\/?attachment_id=25885\" target=\"_blank\" rel=\"noopener\"><img decoding=\"async\" width=\"1024\" height=\"655\" data-id=\"25885\" src=\"https:\/\/novosaopaulo.com.br\/n1\/wp-content\/uploads\/2025\/09\/WhatsApp-Image-2025-09-15-at-14.48.03-1024x655.jpeg\" alt=\"\" class=\"wp-image-25885\" srcset=\"https:\/\/novosaopaulo.com.br\/n1\/wp-content\/uploads\/2025\/09\/WhatsApp-Image-2025-09-15-at-14.48.03-1024x655.jpeg 1024w, https:\/\/novosaopaulo.com.br\/n1\/wp-content\/uploads\/2025\/09\/WhatsApp-Image-2025-09-15-at-14.48.03-300x192.jpeg 300w, https:\/\/novosaopaulo.com.br\/n1\/wp-content\/uploads\/2025\/09\/WhatsApp-Image-2025-09-15-at-14.48.03-768x491.jpeg 768w, https:\/\/novosaopaulo.com.br\/n1\/wp-content\/uploads\/2025\/09\/WhatsApp-Image-2025-09-15-at-14.48.03.jpeg 1280w\" sizes=\"(max-width: 1024px) 100vw, 1024px\" \/><\/a><\/figure>\n<\/figure>\n","protected":false},"excerpt":{"rendered":"<p>Durante o Setembro Amarelo, empresa evidencia seu compromisso com o bem-estar e sa\u00fade integral por&#8230;<\/p>\n","protected":false},"author":1,"featured_media":25886,"comment_status":"open","ping_status":"open","sticky":false,"template":"","format":"standard","meta":{"footnotes":""},"categories":[34],"tags":[],"featured_image_urls":{"full":["https:\/\/novosaopaulo.com.br\/n1\/wp-content\/uploads\/2025\/09\/WhatsApp-Image-2025-09-15-at-14.48.01.jpeg",1192,650,false],"thumbnail":["https:\/\/novosaopaulo.com.br\/n1\/wp-content\/uploads\/2025\/09\/WhatsApp-Image-2025-09-15-at-14.48.01-150x150.jpeg",150,150,true],"medium":["https:\/\/novosaopaulo.com.br\/n1\/wp-content\/uploads\/2025\/09\/WhatsApp-Image-2025-09-15-at-14.48.01-300x164.jpeg",300,164,true],"medium_large":["https:\/\/novosaopaulo.com.br\/n1\/wp-content\/uploads\/2025\/09\/WhatsApp-Image-2025-09-15-at-14.48.01-768x419.jpeg",640,349,true],"large":["https:\/\/novosaopaulo.com.br\/n1\/wp-content\/uploads\/2025\/09\/WhatsApp-Image-2025-09-15-at-14.48.01-1024x558.jpeg",640,349,true],"1536x1536":["https:\/\/novosaopaulo.com.br\/n1\/wp-content\/uploads\/2025\/09\/WhatsApp-Image-2025-09-15-at-14.48.01.jpeg",1192,650,false],"2048x2048":["https:\/\/novosaopaulo.com.br\/n1\/wp-content\/uploads\/2025\/09\/WhatsApp-Image-2025-09-15-at-14.48.01.jpeg",1192,650,false],"newsever-slider-full":["https:\/\/novosaopaulo.com.br\/n1\/wp-content\/uploads\/2025\/09\/WhatsApp-Image-2025-09-15-at-14.48.01.jpeg",1192,650,false],"newsever-featured":["https:\/\/novosaopaulo.com.br\/n1\/wp-content\/uploads\/2025\/09\/WhatsApp-Image-2025-09-15-at-14.48.01-1024x558.jpeg",1024,558,true],"newsever-medium":["https:\/\/novosaopaulo.com.br\/n1\/wp-content\/uploads\/2025\/09\/WhatsApp-Image-2025-09-15-at-14.48.01-720x475.jpeg",720,475,true]},"author_info":{"display_name":"Reda\u00e7\u00e3o","author_link":"https:\/\/novosaopaulo.com.br\/n1\/author\/g5poa\/"},"category_info":"<a href=\"https:\/\/novosaopaulo.com.br\/n1\/category\/alto-tiete\/\" rel=\"category tag\">Alto Tiet\u00ea<\/a>","tag_info":"Alto Tiet\u00ea","comment_count":"0","_links":{"self":[{"href":"https:\/\/novosaopaulo.com.br\/n1\/wp-json\/wp\/v2\/posts\/25884"}],"collection":[{"href":"https:\/\/novosaopaulo.com.br\/n1\/wp-json\/wp\/v2\/posts"}],"about":[{"href":"https:\/\/novosaopaulo.com.br\/n1\/wp-json\/wp\/v2\/types\/post"}],"author":[{"embeddable":true,"href":"https:\/\/novosaopaulo.com.br\/n1\/wp-json\/wp\/v2\/users\/1"}],"replies":[{"embeddable":true,"href":"https:\/\/novosaopaulo.com.br\/n1\/wp-json\/wp\/v2\/comments?post=25884"}],"version-history":[{"count":1,"href":"https:\/\/novosaopaulo.com.br\/n1\/wp-json\/wp\/v2\/posts\/25884\/revisions"}],"predecessor-version":[{"id":25889,"href":"https:\/\/novosaopaulo.com.br\/n1\/wp-json\/wp\/v2\/posts\/25884\/revisions\/25889"}],"wp:featuredmedia":[{"embeddable":true,"href":"https:\/\/novosaopaulo.com.br\/n1\/wp-json\/wp\/v2\/media\/25886"}],"wp:attachment":[{"href":"https:\/\/novosaopaulo.com.br\/n1\/wp-json\/wp\/v2\/media?parent=25884"}],"wp:term":[{"taxonomy":"category","embeddable":true,"href":"https:\/\/novosaopaulo.com.br\/n1\/wp-json\/wp\/v2\/categories?post=25884"},{"taxonomy":"post_tag","embeddable":true,"href":"https:\/\/novosaopaulo.com.br\/n1\/wp-json\/wp\/v2\/tags?post=25884"}],"curies":[{"name":"wp","href":"https:\/\/api.w.org\/{rel}","templated":true}]}}