{"id":25852,"date":"2025-09-12T14:48:28","date_gmt":"2025-09-12T17:48:28","guid":{"rendered":"https:\/\/novosaopaulo.com.br\/n1\/?p=25852"},"modified":"2025-09-12T14:48:29","modified_gmt":"2025-09-12T17:48:29","slug":"as-condenacoes-e-incertezas-do-golpe-e-das-reacoes","status":"publish","type":"post","link":"https:\/\/novosaopaulo.com.br\/n1\/as-condenacoes-e-incertezas-do-golpe-e-das-reacoes\/","title":{"rendered":"As condena\u00e7\u00f5es e incertezas do golpe e das rea\u00e7\u00f5es"},"content":{"rendered":"\n<p>O dia seguinte \u00e0 condena\u00e7\u00e3o do ex-presidente Jair Bolsonaro e seus ex-auxiliares de governo \u2013 pela denunciada tentativa de golpe de Estado \u2013 constitui um (ou v\u00e1rios) ponto de interroga\u00e7\u00e3o tanto para o futuro pr\u00f3ximo quanto ao movimento pol\u00edtico brasileiro das pr\u00f3ximas elei\u00e7\u00f5es e dos anos que a ela se seguir\u00e3o. H\u00e1, pendente, grande n\u00famero de den\u00fancias de inconformidade na den\u00fancia e no procedimento do Supremo Tribunal Federal, que precisam ser dirimidos. A principal d\u00favida \u00e9 aquela levantada pelo ministro Fux, que considera a suprema corte foro inadequado para julgar ex-presidentes e ex-integrantes do governo, como no caso. H\u00e1 que se definir o que fazer nesse sentido e at\u00e9 onde a diverg\u00eancia do ministro, que repercute nacional e internacionalmente, vai ensejar recursos e outras provid\u00eancias, j\u00e1 que a inst\u00e2ncia respons\u00e1vel pelo julgado \u00e9 a maior do Pa\u00eds. Tamb\u00e9m se faz necess\u00e1rio definir at\u00e9 onde ser\u00e1 poss\u00edvel o recurso a tribunais internacionais pelos advogados de defesa, que denunciam n\u00e3o terem tido o tempo h\u00e1bil para analisar as den\u00fancias e produzir a defesa dos clientes.<\/p>\n\n\n\n<pre class=\"wp-block-code\"><code>  O ponto mais urgente \u2013 e preocupante -, no entanto, est\u00e1 na rela\u00e7\u00e3o dos Estados Unidos, que j\u00e1 sancionaram o ministro Alexandre de Moraes com base na lei Magnitsky e sobretaxaram com 50% de tributos as exporta\u00e7\u00f5es brasileiras para aquele pa\u00eds. N\u00e3o d\u00e1 para esquecer que o presidente Donald Trump, parceiro ideol\u00f3gico de Bolsonaro, al\u00e9m das provid\u00eancias j\u00e1 adotadas, acena com a possibilidade de aplicar as san\u00e7\u00f5es aos outros ministros que votaram pela condena\u00e7\u00e3o do ex-presidente brasileiro e seus ex-auxiliares e, concretamente, disse que n\u00e3o evitar\u00e1 retalia\u00e7\u00f5es, at\u00e9 militares, contra o Brasil. Para n\u00f3s, que formamos a popula\u00e7\u00e3o nacional, \u00e9 um grande problema a possibilidade de nosso pa\u00eds ser ocupado por tropas da principal pot\u00eancia militar do planeta. Melhor seria mitigar essa quest\u00e3o, mas n\u00e3o \u00e9 isso que se vislumbra nas rea\u00e7\u00f5es do presidente e do governo brasileiro.\n\n  Se ficar confirmada a tend\u00eancia do STF considerar cumprida a sua obriga\u00e7\u00e3o na quest\u00e3o do denunciado golpe, s\u00f3 restar\u00e1 \u00e0 popula\u00e7\u00e3o a esperan\u00e7a de que o Congresso Nacional tr\u00e2mite e vote a anistia aos envolvidos nos epis\u00f3dios de 8 de janeiro de 2023 e os parlamentares se debrucem sobre alternativas pacificadoras. O Legislativo estar\u00e1 sozinho nisso, visto que o Judici\u00e1rio j\u00e1 ter\u00e1 sua decis\u00e3o e o Executivo \u2013 suposta v\u00edtima do virtual golpe \u2013 \u00e9 fortemente contr\u00e1rio a qualquer abrandamento das penas.\n\n  Sem qualquer ju\u00edzo de valor sobre o decidido, torcemos para que o bom senso se fa\u00e7a presente e possa conduzir a Na\u00e7\u00e3o \u00e0 pacifica\u00e7\u00e3o, venha ela de onde vier e na medida que for menos traum\u00e1tica. O quadro que hoje vivemos \u00e9 o resultado do esgar\u00e7amento do tecido pol\u00edtico ao longo de anos, onde desenvolveram-se interesses e h\u00e1bitos nem sempre de melhor qualidade e \u2013 o pior \u2013 surgiu e cresceu o \u00f3dio entre os segmentos pol\u00edticos que, em vez de advers\u00e1rios, passaram a se comportar como inimigos figadais.\n\n  \u00c9 preocupante o quadro pol\u00edtico vigente, onde o senso popular \u00e9 de que  os Tr\u00eas Poderes deixaram de se comportar harm\u00f4nicos e independentes como determina a Constitui\u00e7\u00e3o, para divergirem e confrontarem. \u00c9 desej\u00e1vel que os titulares e membros dessas institui\u00e7\u00f5es busquem o caminho das paz e do compromisso com o institucional. H\u00e1 muita d\u00favida lan\u00e7ada ao ar sobre o tal golpe de Estado (ou sua tentativa). A sociedade necessita de defini\u00e7\u00f5es e convencimento. Sem isso, o futuro ser\u00e1 incerto... <\/code><\/pre>\n\n\n\n<p>Tenente Dirceu Cardoso Gon\u00e7alves &#8211; dirigente da ASPOMIL (Associa\u00e7\u00e3o de Assist. Social dos Policiais Militares de S\u00e3o Paulo).<\/p>\n","protected":false},"excerpt":{"rendered":"<p>O dia seguinte \u00e0 condena\u00e7\u00e3o do ex-presidente Jair Bolsonaro e seus ex-auxiliares de governo \u2013&#8230;<\/p>\n","protected":false},"author":1,"featured_media":23327,"comment_status":"open","ping_status":"open","sticky":false,"template":"","format":"standard","meta":{"footnotes":""},"categories":[2],"tags":[],"featured_image_urls":{"full":["https:\/\/novosaopaulo.com.br\/n1\/wp-content\/uploads\/2025\/04\/Tenente-Dirceu-Cardoso-Goncalves.jpg",600,564,false],"thumbnail":["https:\/\/novosaopaulo.com.br\/n1\/wp-content\/uploads\/2025\/04\/Tenente-Dirceu-Cardoso-Goncalves-150x150.jpg",150,150,true],"medium":["https:\/\/novosaopaulo.com.br\/n1\/wp-content\/uploads\/2025\/04\/Tenente-Dirceu-Cardoso-Goncalves-300x282.jpg",300,282,true],"medium_large":["https:\/\/novosaopaulo.com.br\/n1\/wp-content\/uploads\/2025\/04\/Tenente-Dirceu-Cardoso-Goncalves.jpg",600,564,false],"large":["https:\/\/novosaopaulo.com.br\/n1\/wp-content\/uploads\/2025\/04\/Tenente-Dirceu-Cardoso-Goncalves.jpg",600,564,false],"1536x1536":["https:\/\/novosaopaulo.com.br\/n1\/wp-content\/uploads\/2025\/04\/Tenente-Dirceu-Cardoso-Goncalves.jpg",600,564,false],"2048x2048":["https:\/\/novosaopaulo.com.br\/n1\/wp-content\/uploads\/2025\/04\/Tenente-Dirceu-Cardoso-Goncalves.jpg",600,564,false],"newsever-slider-full":["https:\/\/novosaopaulo.com.br\/n1\/wp-content\/uploads\/2025\/04\/Tenente-Dirceu-Cardoso-Goncalves.jpg",600,564,false],"newsever-featured":["https:\/\/novosaopaulo.com.br\/n1\/wp-content\/uploads\/2025\/04\/Tenente-Dirceu-Cardoso-Goncalves.jpg",600,564,false],"newsever-medium":["https:\/\/novosaopaulo.com.br\/n1\/wp-content\/uploads\/2025\/04\/Tenente-Dirceu-Cardoso-Goncalves-600x475.jpg",600,475,true]},"author_info":{"display_name":"Reda\u00e7\u00e3o","author_link":"https:\/\/novosaopaulo.com.br\/n1\/author\/g5poa\/"},"category_info":"<a href=\"https:\/\/novosaopaulo.com.br\/n1\/category\/cidades\/\" rel=\"category tag\">Cidades<\/a>","tag_info":"Cidades","comment_count":"0","_links":{"self":[{"href":"https:\/\/novosaopaulo.com.br\/n1\/wp-json\/wp\/v2\/posts\/25852"}],"collection":[{"href":"https:\/\/novosaopaulo.com.br\/n1\/wp-json\/wp\/v2\/posts"}],"about":[{"href":"https:\/\/novosaopaulo.com.br\/n1\/wp-json\/wp\/v2\/types\/post"}],"author":[{"embeddable":true,"href":"https:\/\/novosaopaulo.com.br\/n1\/wp-json\/wp\/v2\/users\/1"}],"replies":[{"embeddable":true,"href":"https:\/\/novosaopaulo.com.br\/n1\/wp-json\/wp\/v2\/comments?post=25852"}],"version-history":[{"count":1,"href":"https:\/\/novosaopaulo.com.br\/n1\/wp-json\/wp\/v2\/posts\/25852\/revisions"}],"predecessor-version":[{"id":25853,"href":"https:\/\/novosaopaulo.com.br\/n1\/wp-json\/wp\/v2\/posts\/25852\/revisions\/25853"}],"wp:featuredmedia":[{"embeddable":true,"href":"https:\/\/novosaopaulo.com.br\/n1\/wp-json\/wp\/v2\/media\/23327"}],"wp:attachment":[{"href":"https:\/\/novosaopaulo.com.br\/n1\/wp-json\/wp\/v2\/media?parent=25852"}],"wp:term":[{"taxonomy":"category","embeddable":true,"href":"https:\/\/novosaopaulo.com.br\/n1\/wp-json\/wp\/v2\/categories?post=25852"},{"taxonomy":"post_tag","embeddable":true,"href":"https:\/\/novosaopaulo.com.br\/n1\/wp-json\/wp\/v2\/tags?post=25852"}],"curies":[{"name":"wp","href":"https:\/\/api.w.org\/{rel}","templated":true}]}}