{"id":25811,"date":"2025-09-09T18:18:52","date_gmt":"2025-09-09T21:18:52","guid":{"rendered":"https:\/\/novosaopaulo.com.br\/n1\/?p=25811"},"modified":"2025-09-09T18:18:53","modified_gmt":"2025-09-09T21:18:53","slug":"70a-festa-do-peao-de-barretos-movimentou-r-545-milhoes-e-recebeu-990-mil-visitas","status":"publish","type":"post","link":"https:\/\/novosaopaulo.com.br\/n1\/70a-festa-do-peao-de-barretos-movimentou-r-545-milhoes-e-recebeu-990-mil-visitas\/","title":{"rendered":"70\u00aa Festa do Pe\u00e3o de Barretos movimentou R$ 545 milh\u00f5es e recebeu 990 mil visitas"},"content":{"rendered":"\n<p>Durante o evento, o CIET realizou pesquisa de campo para identificar o perfil do visitante e saber como ele avalia sua experi\u00eancia tur\u00edstica; confira<\/p>\n\n\n\n<p>A Festa do Pe\u00e3o de Barretos, maior do g\u00eanero na Am\u00e9rica Latina, completou 70 anos e alcan\u00e7ou outro marco hist\u00f3rico: movimentou diretamente R$ 545 milh\u00f5es, valor acima do estimado para esta \u00faltima edi\u00e7\u00e3o da Festa. \u00c9 o que revela a pesquisa de campo realizada no evento pelo CIET (Centro de Intelig\u00eancia da Economia do Turismo), ligado \u00e0 Secretaria de Turismo e Viagens do Estado de S\u00e3o Paulo (Setur-SP).<\/p>\n\n\n\n<p>De acordo com dados da organiza\u00e7\u00e3o, foram registradas cerca de 990 mil visitas \u00e0 Festa do Pe\u00e3o de Barretos neste ano. O evento contabiliza acessos registrados ao Parque, levando em conta que o ingresso permite a sa\u00edda e o retorno do visitante.<\/p>\n\n\n\n<p>Para ajudar a tra\u00e7ar o perfil deste visitante, o CIET entrevistou 1.036 participantes durante o evento. Os frequentadores de Barretos s\u00e3o homens (51%) e mulheres (49%), com cerca de 36 anos de idade. Al\u00e9m disso, a maioria possui ensino Superior Completo (45%) e t\u00eam renda familiar m\u00e9dia de R$ 14 mil. S\u00e3o frequentadores ass\u00edduos que j\u00e1 foram a cinco edi\u00e7\u00f5es da Festa e que tem como principal motiva\u00e7\u00e3o os shows e as op\u00e7\u00f5es de lazer.<\/p>\n\n\n\n<p>Os participantes costumam ir em cinco dias de evento e gastam, em m\u00e9dia, R$ 605,60 por dia. As despesas est\u00e3o relacionadas ao turismo, que inclui ingresso, transporte, hospedagem, alimenta\u00e7\u00e3o, compras e lazer, impulsionando significativamente a economia local.<\/p>\n\n\n\n<p>A pesquisa tamb\u00e9m revela que a maioria (55%) dos visitantes da Festa do Pe\u00e3o de Barretos \u00e9 do Estado de S\u00e3o Paulo, seguidos por moradores de Minas Gerais, Paran\u00e1 e Goi\u00e1s. Ao todo, a Festa recebeu visitantes de 26 estados brasileiros e do Distrito Federal, o que demonstra a relev\u00e2ncia do evento em \u00e2mbito nacional. Mas n\u00e3o para por a\u00ed, pois turistas estrangeiros, vindos dos Estados Unidos, It\u00e1lia e Uruguai, tamb\u00e9m marcaram presen\u00e7a na Festa.<\/p>\n\n\n\n<p>\u201cA Festa do Pe\u00e3o de Boiadeiro \u00e9 sempre fant\u00e1stica, e esta edi\u00e7\u00e3o foi particularmente inesquec\u00edvel, pois celebrou os 70 anos de uma Festa que valoriza a cultura sertaneja. O melhor rodeio do mundo movimenta toda a cadeia do turismo e gera emprego e renda, al\u00e9m de ter um forte car\u00e1ter social. \u00c9 um orgulho para o nosso Estado sediar um evento como este\u201d, disse o secret\u00e1rio de Turismo e Viagens do Estado de S\u00e3o Paulo, Roberto de Lucena.<\/p>\n\n\n\n<p>\u201cO evento atingiu todas as nossas expectativas. Preparamos uma edi\u00e7\u00e3o hist\u00f3rica para os 70 anos e ficamos muito felizes da entrega que realizamos para os visitantes e, mais uma vez, com a grande movimenta\u00e7\u00e3o financeira que impacta a regi\u00e3o e beneficia tantas pessoas\u201d, afirmou o presidente de Os Independentes, Jeronimo Luiz Muzeti, respons\u00e1vel pela organiza\u00e7\u00e3o do evento.<\/p>\n\n\n\n<p>A pesquisa ainda aponta que a grande maioria do p\u00fablico (81%) \u00e9 formada por turistas ou excursionistas, que costumam viajar em grupos de amigos (33%) ou em fam\u00edlia (29%). O principal meio de transporte utilizado para chegar a Barretos foram os carros (73%), pr\u00f3prios ou de carona. Al\u00e9m das excurs\u00f5es (29%), os principais meios de hospedagem escolhidos pelos visitantes foram hotel\/pousada (28%) e o camping do Parque do Pe\u00e3o (20%).<\/p>\n\n\n\n<p>Como os visitantes avaliaram o turismo na cidade e a Festa?<\/p>\n\n\n\n<p>Os turistas e moradores que frequentaram a Festa avaliaram positivamente o evento (9,4 de 10). No turismo em Barretos, destacaram a boa hospedagem (95,5%), op\u00e7\u00f5es de alimenta\u00e7\u00e3o, com restaurantes, bares e outros (94,6%), a oferta de informa\u00e7\u00f5es tur\u00edsticas no site oficial (90,1%), al\u00e9m de sinaliza\u00e7\u00e3o tur\u00edstica na cidade (91,6%).<\/p>\n\n\n\n<p>Outro dado positivo \u00e9 que 89,5% se sentiram seguros na cidade e 84,1% comentaram que Barretos \u00e9 acess\u00edvel para pessoas com defici\u00eancia. Para 90% dos visitantes, a hospitalidade dos moradores se destaca e a cidade atendeu \u00e0s expectativas de 92,4% dos turistas.<\/p>\n\n\n\n<p>Na Festa do Pe\u00e3o de Barretos, a programa\u00e7\u00e3o cultural\/shows (97,4%), as competi\u00e7\u00f5es (96,5%), a seguran\u00e7a (94,4%), o camping (94,3%) e a limpeza (94%) foram os mais lembrados pelos turistas. Palavras como \u201ctradi\u00e7\u00e3o\u201d, \u201cinesquec\u00edvel\u201d, \u201cdivers\u00e3o\u201d, \u201cespet\u00e1culo\u201d, \u201calegria\u201d e \u201crodeio\u201d foram recorrentes na fala dos entrevistados.<\/p>\n\n\n\n<p>A pesquisa foi realizada entre os dias 21 e 23 de agosto e 28 e 30 de agosto de 2025 no Parque do Pe\u00e3o. A distribui\u00e7\u00e3o do campo foi setorizada em sete locais do evento para abordar o m\u00e1ximo de perfis de p\u00fablico.<\/p>\n\n\n\n<p>Mais que um evento: o impacto social e ambiental da Festa do Pe\u00e3o de Barretos<\/p>\n\n\n\n<p>A 70\u00aa Festa do Pe\u00e3o de Boiadeiro de Barretos tamb\u00e9m se destaca por diversas a\u00e7\u00f5es sociais e iniciativas de sustentabilidade. O evento firmou uma parceria de mais de 30 anos com o Hospital de Amor, uma institui\u00e7\u00e3o de tratamento de c\u00e2ncer na cidade que oferece atendimento gratuito. A Festa do Pe\u00e3o de Barretos \u00e9 uma das principais fontes de arrecada\u00e7\u00e3o de fundos para o hospital, e em 2025, a parceria arrecadou mais de R$ 8 milh\u00f5es por meio de doa\u00e7\u00f5es de artistas sertanejos, como a dupla Hugo &amp; Guilherme, que doou o cach\u00ea integral de seu show.<\/p>\n\n\n\n<p>J\u00e1 a apresenta\u00e7\u00e3o de Frei Gilson, que aconteceu na noite de 25 de agosto, resultou na arrecada\u00e7\u00e3o de mais de 30 toneladas de alimentos. A iniciativa foi promovida por Os Independentes e o volume arrecadado ser\u00e1 repassado ao Fundo Social de Solidariedade, que far\u00e1 a distribui\u00e7\u00e3o entre fam\u00edlias em situa\u00e7\u00e3o de vulnerabilidade, e a entidades assistenciais de Barretos.<\/p>\n\n\n\n<p>J\u00e1 o Universo Eco, projeto do Instituto de Compromisso com o Desenvolvimento Humano (ICDH) em parceria com Os Independentes, promoveu a\u00e7\u00f5es de cuidado, autoestima e dignidade para os mais de 90 agentes ambientais que atuaram na coleta seletiva de res\u00edduos do evento. Os agentes receberam kits de autocuidado, com itens de higiene e beleza, al\u00e9m de ter uma &#8220;Tarde de Beleza&#8221; com cortes de cabelo, manicure, massagem e barbearia, realizada por volunt\u00e1rios.<\/p>\n\n\n\n<p>O Parque do Pe\u00e3o tamb\u00e9m implementou uma s\u00e9rie de melhorias em sua rede el\u00e9trica para aumentar a seguran\u00e7a, efici\u00eancia e sustentabilidade do evento. As mudan\u00e7as inclu\u00edram a troca de postes de madeira por postes de concreto; a substitui\u00e7\u00e3o de cabeamento nu por cabos protegidos e a instala\u00e7\u00e3o de totens de liga\u00e7\u00e3o de alvenaria para barracas e trailers.<\/p>\n","protected":false},"excerpt":{"rendered":"<p>Durante o evento, o CIET realizou pesquisa de campo para identificar o perfil do visitante&#8230;<\/p>\n","protected":false},"author":1,"featured_media":25812,"comment_status":"open","ping_status":"open","sticky":false,"template":"","format":"standard","meta":{"footnotes":""},"categories":[2],"tags":[],"featured_image_urls":{"full":["https:\/\/novosaopaulo.com.br\/n1\/wp-content\/uploads\/2025\/09\/WhatsApp-Image-2025-09-09-at-16.16.29.jpeg",640,427,false],"thumbnail":["https:\/\/novosaopaulo.com.br\/n1\/wp-content\/uploads\/2025\/09\/WhatsApp-Image-2025-09-09-at-16.16.29-150x150.jpeg",150,150,true],"medium":["https:\/\/novosaopaulo.com.br\/n1\/wp-content\/uploads\/2025\/09\/WhatsApp-Image-2025-09-09-at-16.16.29-300x200.jpeg",300,200,true],"medium_large":["https:\/\/novosaopaulo.com.br\/n1\/wp-content\/uploads\/2025\/09\/WhatsApp-Image-2025-09-09-at-16.16.29.jpeg",640,427,false],"large":["https:\/\/novosaopaulo.com.br\/n1\/wp-content\/uploads\/2025\/09\/WhatsApp-Image-2025-09-09-at-16.16.29.jpeg",640,427,false],"1536x1536":["https:\/\/novosaopaulo.com.br\/n1\/wp-content\/uploads\/2025\/09\/WhatsApp-Image-2025-09-09-at-16.16.29.jpeg",640,427,false],"2048x2048":["https:\/\/novosaopaulo.com.br\/n1\/wp-content\/uploads\/2025\/09\/WhatsApp-Image-2025-09-09-at-16.16.29.jpeg",640,427,false],"newsever-slider-full":["https:\/\/novosaopaulo.com.br\/n1\/wp-content\/uploads\/2025\/09\/WhatsApp-Image-2025-09-09-at-16.16.29.jpeg",640,427,false],"newsever-featured":["https:\/\/novosaopaulo.com.br\/n1\/wp-content\/uploads\/2025\/09\/WhatsApp-Image-2025-09-09-at-16.16.29.jpeg",640,427,false],"newsever-medium":["https:\/\/novosaopaulo.com.br\/n1\/wp-content\/uploads\/2025\/09\/WhatsApp-Image-2025-09-09-at-16.16.29.jpeg",640,427,false]},"author_info":{"display_name":"Reda\u00e7\u00e3o","author_link":"https:\/\/novosaopaulo.com.br\/n1\/author\/g5poa\/"},"category_info":"<a href=\"https:\/\/novosaopaulo.com.br\/n1\/category\/cidades\/\" rel=\"category tag\">Cidades<\/a>","tag_info":"Cidades","comment_count":"0","_links":{"self":[{"href":"https:\/\/novosaopaulo.com.br\/n1\/wp-json\/wp\/v2\/posts\/25811"}],"collection":[{"href":"https:\/\/novosaopaulo.com.br\/n1\/wp-json\/wp\/v2\/posts"}],"about":[{"href":"https:\/\/novosaopaulo.com.br\/n1\/wp-json\/wp\/v2\/types\/post"}],"author":[{"embeddable":true,"href":"https:\/\/novosaopaulo.com.br\/n1\/wp-json\/wp\/v2\/users\/1"}],"replies":[{"embeddable":true,"href":"https:\/\/novosaopaulo.com.br\/n1\/wp-json\/wp\/v2\/comments?post=25811"}],"version-history":[{"count":1,"href":"https:\/\/novosaopaulo.com.br\/n1\/wp-json\/wp\/v2\/posts\/25811\/revisions"}],"predecessor-version":[{"id":25813,"href":"https:\/\/novosaopaulo.com.br\/n1\/wp-json\/wp\/v2\/posts\/25811\/revisions\/25813"}],"wp:featuredmedia":[{"embeddable":true,"href":"https:\/\/novosaopaulo.com.br\/n1\/wp-json\/wp\/v2\/media\/25812"}],"wp:attachment":[{"href":"https:\/\/novosaopaulo.com.br\/n1\/wp-json\/wp\/v2\/media?parent=25811"}],"wp:term":[{"taxonomy":"category","embeddable":true,"href":"https:\/\/novosaopaulo.com.br\/n1\/wp-json\/wp\/v2\/categories?post=25811"},{"taxonomy":"post_tag","embeddable":true,"href":"https:\/\/novosaopaulo.com.br\/n1\/wp-json\/wp\/v2\/tags?post=25811"}],"curies":[{"name":"wp","href":"https:\/\/api.w.org\/{rel}","templated":true}]}}