{"id":25808,"date":"2025-09-09T18:17:22","date_gmt":"2025-09-09T21:17:22","guid":{"rendered":"https:\/\/novosaopaulo.com.br\/n1\/?p=25808"},"modified":"2025-09-09T18:17:23","modified_gmt":"2025-09-09T21:17:23","slug":"escolas-municipais-de-poa-recebem-premio-de-excelencia-educacional-por-avancos-na-alfabetizacao","status":"publish","type":"post","link":"https:\/\/novosaopaulo.com.br\/n1\/escolas-municipais-de-poa-recebem-premio-de-excelencia-educacional-por-avancos-na-alfabetizacao\/","title":{"rendered":"Escolas municipais de Po\u00e1 recebem pr\u00eamio de excel\u00eancia educacional por avan\u00e7os na alfabetiza\u00e7\u00e3o"},"content":{"rendered":"\n<p>EMEBs do munic\u00edpio foram premiadas pelo programa Alfabetiza Juntos SP e receberam incentivo financeiro para aplica\u00e7\u00e3o em projeto pedag\u00f3gicos<\/p>\n\n\n\n<p>Em reconhecimento ao avan\u00e7o nos \u00edndices de alfabetiza\u00e7\u00e3o e \u00e0 melhoria da qualidade do ensino, quatro escolas municipais de Po\u00e1 receberam o Pr\u00eamio Excel\u00eancia Educacional do Governo do Estado. A homenagem foi entregue na tarde da \u00faltima sexta-feira (5), durante cerim\u00f4nia realizada no audit\u00f3rio da Diretoria de Ensino Regional, em Itaquaquecetuba. As unidades premiadas foram as EMEBs Heitor Gloeden, Roberto Elias Xidieh, Professora Carolina Ribeiro e Professora Walkiria Janoni Vieira.<\/p>\n\n\n\n<p>O pr\u00eamio integra o programa Alfabetiza Juntos SP, iniciativa da Secretaria Estadual da Educa\u00e7\u00e3o em parceria com os munic\u00edpios, que busca garantir a alfabetiza\u00e7\u00e3o de todas as crian\u00e7as at\u00e9 o fim do 2\u00ba ano do ensino fundamental. Os resultados s\u00e3o medidos pelo Sistema de Avalia\u00e7\u00e3o de Rendimento Escolar (Saresp) e pelo \u00cdndice de Excel\u00eancia Educacional (IEE), que considera n\u00e3o apenas o desempenho, mas tamb\u00e9m fatores como vulnerabilidade social e evolu\u00e7\u00e3o de cada escola.<\/p>\n\n\n\n<p>Al\u00e9m do reconhecimento simb\u00f3lico, as escolas contempladas receberam placas de honra ao m\u00e9rito e um incentivo financeiro de R$ 100 por aluno matriculado, que pode ser aplicado em projetos pedag\u00f3gicos, capacita\u00e7\u00e3o de professores e melhorias na infraestrutura escolar.<\/p>\n\n\n\n<p>O evento reuniu autoridades do setor, como o secret\u00e1rio municipal de Educa\u00e7\u00e3o, Diego Moreira, a dirigente regional de ensino, Viviane Ara\u00fajo de Melo, o l\u00edder regional da Secretaria da Educa\u00e7\u00e3o do Estado, Sandro Roberto da Silva, a representante da Uni\u00e3o dos Dirigentes Municipais de Educa\u00e7\u00e3o (Undime) Alto Tiet\u00ea, Daniela David Carvalho, e o articulador municipal de Educa\u00e7\u00e3o, Samuel Moreira Barbosa.<\/p>\n\n\n\n<p>Durante a cerim\u00f4nia, Diego Moreira enfatizou a import\u00e2ncia do trabalho realizado em sala de aula. &#8220;Quero parabenizar todas as escolas vencedoras. Al\u00e9m da crian\u00e7a, o principal homenageado \u00e9 o professor, que est\u00e1 ali diariamente alfabetizando, cuidando das crian\u00e7as com muito afinco e profissionalismo. Esse trabalho no cotidiano da escola \u00e9 o que transforma a vida dos alunos e garante cidadania e pertencimento. Tenho certeza que esse \u00e9 s\u00f3 o come\u00e7o e no pr\u00f3ximo ano teremos mais escolas da nossa cidade recebendo o pr\u00eamio&#8221;, afirmou.<\/p>\n\n\n\n<p>J\u00e1 a dirigente regional de ensino, Viviane Ara\u00fajo, destacou o orgulho de ver a educa\u00e7\u00e3o de Po\u00e1 avan\u00e7ando. &#8220;Parabenizo toda a equipe educacional por essa conquista, fruto da parceria entre o munic\u00edpio e o Estado. Como ex-aluna da escola p\u00fablica, reconhe\u00e7o a import\u00e2ncia dos professores na minha trajet\u00f3ria at\u00e9 a dire\u00e7\u00e3o de ensino. Admiro o trabalho do secret\u00e1rio Diego Moreira e do prefeito Saulo Souza, que fortalecem nossas escolas, e tenho certeza de que a Educa\u00e7\u00e3o de Po\u00e1 seguir\u00e1 cada vez mais valorizada\u201d, disse.<\/p>\n\n\n\n<p>A professora Adriana Nh\u00e3m, falou em nome dos premiados no evento e ressaltou que o resultado s\u00f3 \u00e9 poss\u00edvel com a uni\u00e3o entre escola, fam\u00edlia e comunidade. &#8220;Alfabetizar n\u00e3o \u00e9 apenas um discurso de letras, mas respeitar a viv\u00eancia de cada um. A parceria \u00e9 o que faz o sucesso. N\u00f3s recebemos seres humanos em sala de aula e temos a responsabilidade de conduzi-los. Essa palavra conduzir \u00e9 muito potente para nossa pr\u00e1tica e nossa responsabilidade em rela\u00e7\u00e3o a cada um que recebemos desde o primeiro dia de aula &#8220;, afirmou.<\/p>\n\n\n\n<p>O prefeito Saulo Souza tamb\u00e9m comemorou a conquista e ressaltou a import\u00e2ncia do reconhecimento estadual \u00e0s escolas municipais, especialmente no Dia Mundial da Alfabetiza\u00e7\u00e3o, comemorado nesta segunda-feira (08\/09). \u201cEsse pr\u00eamio \u00e9 motivo de muito orgulho para nossa cidade e um reflexo do compromisso de todos os profissionais da educa\u00e7\u00e3o que, com dedica\u00e7\u00e3o e amor, t\u00eam transformado a vida dos nossos alunos. Ver quatro escolas de Po\u00e1 sendo homenageadas pelo Governo do Estado \u00e9 a prova de que estamos no caminho certo, investindo em uma educa\u00e7\u00e3o de qualidade, que garante futuro e oportunidade para nossas crian\u00e7as\u201d, afirmou.<\/p>\n\n\n\n<p>Apresenta\u00e7\u00f5es culturais<\/p>\n\n\n\n<p>A entrega do pr\u00eamio contou tamb\u00e9m com apresenta\u00e7\u00f5es culturais de estudantes. A Orquestra da Escola Estadual Maria Aparecida Ferreira, de Po\u00e1, abriu a cerim\u00f4nia. Alunos da E.E Roque Barbosa de Miranda, de Itaquaquecetuba, apresentaram a leitura teatral \u201cLer \u00e9 aprimorar saberes\u201d, inspirada na personagem Em\u00edlia, de Monteiro Lobato, enquanto estudantes da E.E. Ervin Horvath, tamb\u00e9m de Itaqu\u00e1, recitaram o poema \u201cQuando eu era pequenino\u201d, de S\u00e9rgio Capparelli.<\/p>\n\n\n\n<p>Foto: Nivaldo Alves<\/p>\n","protected":false},"excerpt":{"rendered":"<p>EMEBs do munic\u00edpio foram premiadas pelo programa Alfabetiza Juntos SP e receberam incentivo financeiro para&#8230;<\/p>\n","protected":false},"author":1,"featured_media":25809,"comment_status":"open","ping_status":"open","sticky":false,"template":"","format":"standard","meta":{"footnotes":""},"categories":[2],"tags":[],"featured_image_urls":{"full":["https:\/\/novosaopaulo.com.br\/n1\/wp-content\/uploads\/2025\/09\/WhatsApp-Image-2025-09-09-at-14.45.03.jpeg",1080,720,false],"thumbnail":["https:\/\/novosaopaulo.com.br\/n1\/wp-content\/uploads\/2025\/09\/WhatsApp-Image-2025-09-09-at-14.45.03-150x150.jpeg",150,150,true],"medium":["https:\/\/novosaopaulo.com.br\/n1\/wp-content\/uploads\/2025\/09\/WhatsApp-Image-2025-09-09-at-14.45.03-300x200.jpeg",300,200,true],"medium_large":["https:\/\/novosaopaulo.com.br\/n1\/wp-content\/uploads\/2025\/09\/WhatsApp-Image-2025-09-09-at-14.45.03-768x512.jpeg",640,427,true],"large":["https:\/\/novosaopaulo.com.br\/n1\/wp-content\/uploads\/2025\/09\/WhatsApp-Image-2025-09-09-at-14.45.03-1024x683.jpeg",640,427,true],"1536x1536":["https:\/\/novosaopaulo.com.br\/n1\/wp-content\/uploads\/2025\/09\/WhatsApp-Image-2025-09-09-at-14.45.03.jpeg",1080,720,false],"2048x2048":["https:\/\/novosaopaulo.com.br\/n1\/wp-content\/uploads\/2025\/09\/WhatsApp-Image-2025-09-09-at-14.45.03.jpeg",1080,720,false],"newsever-slider-full":["https:\/\/novosaopaulo.com.br\/n1\/wp-content\/uploads\/2025\/09\/WhatsApp-Image-2025-09-09-at-14.45.03.jpeg",1080,720,false],"newsever-featured":["https:\/\/novosaopaulo.com.br\/n1\/wp-content\/uploads\/2025\/09\/WhatsApp-Image-2025-09-09-at-14.45.03-1024x683.jpeg",1024,683,true],"newsever-medium":["https:\/\/novosaopaulo.com.br\/n1\/wp-content\/uploads\/2025\/09\/WhatsApp-Image-2025-09-09-at-14.45.03-720x475.jpeg",720,475,true]},"author_info":{"display_name":"Reda\u00e7\u00e3o","author_link":"https:\/\/novosaopaulo.com.br\/n1\/author\/g5poa\/"},"category_info":"<a href=\"https:\/\/novosaopaulo.com.br\/n1\/category\/cidades\/\" rel=\"category tag\">Cidades<\/a>","tag_info":"Cidades","comment_count":"0","_links":{"self":[{"href":"https:\/\/novosaopaulo.com.br\/n1\/wp-json\/wp\/v2\/posts\/25808"}],"collection":[{"href":"https:\/\/novosaopaulo.com.br\/n1\/wp-json\/wp\/v2\/posts"}],"about":[{"href":"https:\/\/novosaopaulo.com.br\/n1\/wp-json\/wp\/v2\/types\/post"}],"author":[{"embeddable":true,"href":"https:\/\/novosaopaulo.com.br\/n1\/wp-json\/wp\/v2\/users\/1"}],"replies":[{"embeddable":true,"href":"https:\/\/novosaopaulo.com.br\/n1\/wp-json\/wp\/v2\/comments?post=25808"}],"version-history":[{"count":1,"href":"https:\/\/novosaopaulo.com.br\/n1\/wp-json\/wp\/v2\/posts\/25808\/revisions"}],"predecessor-version":[{"id":25810,"href":"https:\/\/novosaopaulo.com.br\/n1\/wp-json\/wp\/v2\/posts\/25808\/revisions\/25810"}],"wp:featuredmedia":[{"embeddable":true,"href":"https:\/\/novosaopaulo.com.br\/n1\/wp-json\/wp\/v2\/media\/25809"}],"wp:attachment":[{"href":"https:\/\/novosaopaulo.com.br\/n1\/wp-json\/wp\/v2\/media?parent=25808"}],"wp:term":[{"taxonomy":"category","embeddable":true,"href":"https:\/\/novosaopaulo.com.br\/n1\/wp-json\/wp\/v2\/categories?post=25808"},{"taxonomy":"post_tag","embeddable":true,"href":"https:\/\/novosaopaulo.com.br\/n1\/wp-json\/wp\/v2\/tags?post=25808"}],"curies":[{"name":"wp","href":"https:\/\/api.w.org\/{rel}","templated":true}]}}