{"id":25795,"date":"2025-09-09T18:12:32","date_gmt":"2025-09-09T21:12:32","guid":{"rendered":"https:\/\/novosaopaulo.com.br\/n1\/?p=25795"},"modified":"2025-09-09T18:12:33","modified_gmt":"2025-09-09T21:12:33","slug":"oficinas-do-sementeia-fortalecem-dialogo-entre-artistas-e-alunos-de-projetos-culturais-de-suzano","status":"publish","type":"post","link":"https:\/\/novosaopaulo.com.br\/n1\/oficinas-do-sementeia-fortalecem-dialogo-entre-artistas-e-alunos-de-projetos-culturais-de-suzano\/","title":{"rendered":"Oficinas do Sementeia fortalecem di\u00e1logo entre artistas e alunos de projetos culturais de Suzano"},"content":{"rendered":"\n<p>Experi\u00eancias de escuta e cria\u00e7\u00e3o coletiva aproximaram o Festival dos programas formativos mantidos pela Secretaria de Cultura.<\/p>\n\n\n\n<p>O II Festival Sementeia, que segue at\u00e9 12 de setembro em Suzano (SP), teve dois momentos marcantes de forma\u00e7\u00e3o e troca em sua programa\u00e7\u00e3o: as oficinas \u201cLaborat\u00f3rio de Escuta de Imagens\u201d, com Elidayana Alexandrino (04\/09), e Eu, Semente, com \u201cJana Santos\u201d (08\/09). Ambas foram gratuitas, abertas ao p\u00fablico e contaram tamb\u00e9m com a participa\u00e7\u00e3o de alunos de cursos culturais da Prefeitura, ampliando o alcance da proposta.<\/p>\n\n\n\n<p>No Laborat\u00f3rio de Escuta de Imagens, realizado no Casar\u00e3o das Artes, alunos do curso de Fotografia ministrado por William Ferro se somaram ao p\u00fablico em uma experi\u00eancia que estimulou novas formas de olhar para al\u00e9m da t\u00e9cnica. Por meio de imagens do cotidiano, mem\u00f3rias e narrativas emergiram em um processo l\u00fadico, sens\u00edvel e cr\u00edtico, guiado pela artista e educadora paraibana Elidayana Alexandrino.<\/p>\n\n\n\n<p>J\u00e1 em Eu, Semente, a graffiteira, ilustradora e arteterapeuta Jana Santos promoveu uma viv\u00eancia arte-terap\u00eautica no Centro Cultural Colorado com as alunas do curso de Artesanato com Artes Pl\u00e1sticas do projeto PROFART, coordenado pela professora Vera. O encontro levou acolhimento e reflex\u00e3o \u00e0s participantes, que confeccionaram mandalas a partir de sementes, transformando o gesto art\u00edstico em partilha e cuidado coletivo.<\/p>\n\n\n\n<p>As duas oficinas refor\u00e7aram o prop\u00f3sito do Festival em criar espa\u00e7os f\u00e9rteis de forma\u00e7\u00e3o e circula\u00e7\u00e3o de saberes, onde a cultura feita por mulheres se torna um lugar de encontro, fortalecimento e renova\u00e7\u00e3o.<\/p>\n\n\n\n<p>Programa\u00e7\u00e3o segue at\u00e9 o dia 12\/09<br>O Festival Sementeia continua nesta quinta-feira (11\/09) com o espet\u00e1culo teatral \u201cGuerreirinha, Guerreirinha\u201d, do coletivo Elementar, no CEU Gard\u00eania, \u00e0s 19h30, com abertura da performance \u201cPalavras\u201d, de Su\u00e9llen Santos.<\/p>\n\n\n\n<p>Na sexta-feira (12\/09), o encerramento acontece no Casar\u00e3o das Artes, a partir das 19h, com o show \u201cCinzas\u201d, da cantora Zanah, e discotecagem especial da DJ Fl\u00e1via Durante, celebrando vozes femininas latinas.<\/p>\n\n\n\n<p>A programa\u00e7\u00e3o completa est\u00e1 no Instagram: @festival_sementeia<\/p>\n\n\n\n<figure class=\"wp-block-gallery has-nested-images columns-default is-cropped wp-block-gallery-1 is-layout-flex wp-block-gallery-is-layout-flex\">\n<figure class=\"wp-block-image size-large\"><a href=\"https:\/\/novosaopaulo.com.br\/n1\/?attachment_id=25798\"><img fetchpriority=\"high\" decoding=\"async\" width=\"800\" height=\"533\" data-id=\"25798\" src=\"https:\/\/novosaopaulo.com.br\/n1\/wp-content\/uploads\/2025\/09\/WhatsApp-Image-2025-09-09-at-13.18.19-1.jpeg\" alt=\"\" class=\"wp-image-25798\" srcset=\"https:\/\/novosaopaulo.com.br\/n1\/wp-content\/uploads\/2025\/09\/WhatsApp-Image-2025-09-09-at-13.18.19-1.jpeg 800w, https:\/\/novosaopaulo.com.br\/n1\/wp-content\/uploads\/2025\/09\/WhatsApp-Image-2025-09-09-at-13.18.19-1-300x200.jpeg 300w, https:\/\/novosaopaulo.com.br\/n1\/wp-content\/uploads\/2025\/09\/WhatsApp-Image-2025-09-09-at-13.18.19-1-768x512.jpeg 768w\" sizes=\"(max-width: 800px) 100vw, 800px\" \/><\/a><\/figure>\n\n\n\n<figure class=\"wp-block-image size-large\"><a href=\"https:\/\/novosaopaulo.com.br\/n1\/?attachment_id=25797\"><img decoding=\"async\" width=\"800\" height=\"534\" data-id=\"25797\" src=\"https:\/\/novosaopaulo.com.br\/n1\/wp-content\/uploads\/2025\/09\/WhatsApp-Image-2025-09-09-at-13.18.19-2.jpeg\" alt=\"\" class=\"wp-image-25797\" srcset=\"https:\/\/novosaopaulo.com.br\/n1\/wp-content\/uploads\/2025\/09\/WhatsApp-Image-2025-09-09-at-13.18.19-2.jpeg 800w, https:\/\/novosaopaulo.com.br\/n1\/wp-content\/uploads\/2025\/09\/WhatsApp-Image-2025-09-09-at-13.18.19-2-300x200.jpeg 300w, https:\/\/novosaopaulo.com.br\/n1\/wp-content\/uploads\/2025\/09\/WhatsApp-Image-2025-09-09-at-13.18.19-2-768x513.jpeg 768w\" sizes=\"(max-width: 800px) 100vw, 800px\" \/><\/a><\/figure>\n<\/figure>\n\n\n\n<p>\ud83d\udcc4 Agnes Arruda<br>\ud83d\udcf8 Elidiane Alexandrino<\/p>\n","protected":false},"excerpt":{"rendered":"<p>Experi\u00eancias de escuta e cria\u00e7\u00e3o coletiva aproximaram o Festival dos programas formativos mantidos pela Secretaria&#8230;<\/p>\n","protected":false},"author":1,"featured_media":25796,"comment_status":"open","ping_status":"open","sticky":false,"template":"","format":"standard","meta":{"footnotes":""},"categories":[2],"tags":[],"featured_image_urls":{"full":["https:\/\/novosaopaulo.com.br\/n1\/wp-content\/uploads\/2025\/09\/WhatsApp-Image-2025-09-09-at-13.18.19.jpeg",800,533,false],"thumbnail":["https:\/\/novosaopaulo.com.br\/n1\/wp-content\/uploads\/2025\/09\/WhatsApp-Image-2025-09-09-at-13.18.19-150x150.jpeg",150,150,true],"medium":["https:\/\/novosaopaulo.com.br\/n1\/wp-content\/uploads\/2025\/09\/WhatsApp-Image-2025-09-09-at-13.18.19-300x200.jpeg",300,200,true],"medium_large":["https:\/\/novosaopaulo.com.br\/n1\/wp-content\/uploads\/2025\/09\/WhatsApp-Image-2025-09-09-at-13.18.19-768x512.jpeg",640,427,true],"large":["https:\/\/novosaopaulo.com.br\/n1\/wp-content\/uploads\/2025\/09\/WhatsApp-Image-2025-09-09-at-13.18.19.jpeg",640,426,false],"1536x1536":["https:\/\/novosaopaulo.com.br\/n1\/wp-content\/uploads\/2025\/09\/WhatsApp-Image-2025-09-09-at-13.18.19.jpeg",800,533,false],"2048x2048":["https:\/\/novosaopaulo.com.br\/n1\/wp-content\/uploads\/2025\/09\/WhatsApp-Image-2025-09-09-at-13.18.19.jpeg",800,533,false],"newsever-slider-full":["https:\/\/novosaopaulo.com.br\/n1\/wp-content\/uploads\/2025\/09\/WhatsApp-Image-2025-09-09-at-13.18.19.jpeg",800,533,false],"newsever-featured":["https:\/\/novosaopaulo.com.br\/n1\/wp-content\/uploads\/2025\/09\/WhatsApp-Image-2025-09-09-at-13.18.19.jpeg",800,533,false],"newsever-medium":["https:\/\/novosaopaulo.com.br\/n1\/wp-content\/uploads\/2025\/09\/WhatsApp-Image-2025-09-09-at-13.18.19-720x475.jpeg",720,475,true]},"author_info":{"display_name":"Reda\u00e7\u00e3o","author_link":"https:\/\/novosaopaulo.com.br\/n1\/author\/g5poa\/"},"category_info":"<a href=\"https:\/\/novosaopaulo.com.br\/n1\/category\/cidades\/\" rel=\"category tag\">Cidades<\/a>","tag_info":"Cidades","comment_count":"0","_links":{"self":[{"href":"https:\/\/novosaopaulo.com.br\/n1\/wp-json\/wp\/v2\/posts\/25795"}],"collection":[{"href":"https:\/\/novosaopaulo.com.br\/n1\/wp-json\/wp\/v2\/posts"}],"about":[{"href":"https:\/\/novosaopaulo.com.br\/n1\/wp-json\/wp\/v2\/types\/post"}],"author":[{"embeddable":true,"href":"https:\/\/novosaopaulo.com.br\/n1\/wp-json\/wp\/v2\/users\/1"}],"replies":[{"embeddable":true,"href":"https:\/\/novosaopaulo.com.br\/n1\/wp-json\/wp\/v2\/comments?post=25795"}],"version-history":[{"count":1,"href":"https:\/\/novosaopaulo.com.br\/n1\/wp-json\/wp\/v2\/posts\/25795\/revisions"}],"predecessor-version":[{"id":25799,"href":"https:\/\/novosaopaulo.com.br\/n1\/wp-json\/wp\/v2\/posts\/25795\/revisions\/25799"}],"wp:featuredmedia":[{"embeddable":true,"href":"https:\/\/novosaopaulo.com.br\/n1\/wp-json\/wp\/v2\/media\/25796"}],"wp:attachment":[{"href":"https:\/\/novosaopaulo.com.br\/n1\/wp-json\/wp\/v2\/media?parent=25795"}],"wp:term":[{"taxonomy":"category","embeddable":true,"href":"https:\/\/novosaopaulo.com.br\/n1\/wp-json\/wp\/v2\/categories?post=25795"},{"taxonomy":"post_tag","embeddable":true,"href":"https:\/\/novosaopaulo.com.br\/n1\/wp-json\/wp\/v2\/tags?post=25795"}],"curies":[{"name":"wp","href":"https:\/\/api.w.org\/{rel}","templated":true}]}}