{"id":25787,"date":"2025-09-09T18:07:41","date_gmt":"2025-09-09T21:07:41","guid":{"rendered":"https:\/\/novosaopaulo.com.br\/n1\/?p=25787"},"modified":"2025-09-09T18:07:42","modified_gmt":"2025-09-09T21:07:42","slug":"artista-nipo-brasileira-marta-matushita-expoe-obras-tecidas-com-fios-de-cabelo-na-lacerdine-galeria","status":"publish","type":"post","link":"https:\/\/novosaopaulo.com.br\/n1\/artista-nipo-brasileira-marta-matushita-expoe-obras-tecidas-com-fios-de-cabelo-na-lacerdine-galeria\/","title":{"rendered":"Artista nipo-brasileira Marta Matushita exp\u00f5e obras tecidas com fios de cabelo na Lacerdine Galeria"},"content":{"rendered":"\n<p>\u201cTrans-fios: tecer vidas\u201d traz cerca de 150 obras, com fios de cabelos em sua maioria, que se entrela\u00e7am com favos de abelha, exoesqueletos de cigarras, carac\u00f3is, moscas, entre outros elementos naturais<br>Vernissage ser\u00e1 dia 18\/9, com performance da artista. Ao longo da semana, a programa\u00e7\u00e3o inclui oficinas e palestras voltadas \u00e0 arte e cultura japonesas<\/p>\n\n\n\n<p>Marta Matushita utiliza os pr\u00f3prios cabelos como<br>material em suas obras (Cr\u00e9dito F\u00e1bio Bae)<\/p>\n\n\n\n<p>Imagens AQUI<br>Marta Matushita, artista de m\u00faltiplas linguagens, apresenta sua exposi\u00e7\u00e3o \u2018Trans-fios: tecer vidas\u2019, uma sele\u00e7\u00e3o de cerca de 150 obras que ocupam os 400m2 da Lacerdine Galeria de Arte (@lacerdine) \u2013 localizada a 300 metros do metr\u00f4 Paulista. A vernissage ser\u00e1 no dia 18\/9, \u00e0s 19h, com performance da artista nipo-brasileira. A mostra poder\u00e1 ser visitada at\u00e9 o dia 2\/10.<br>A programa\u00e7\u00e3o semanal ter\u00e1 v\u00e1rias atra\u00e7\u00f5es referentes \u00e0 exposi\u00e7\u00e3o e \u00e0 cultura japonesa. No s\u00e1bado, 20\/9, das 10h30 \u00e0s 12h30, acontece a oficina Corpo &amp; Caligrafia, com o especialista, doutor em educa\u00e7\u00e3o Luiz Fukushiro, da Associa\u00e7\u00e3o Shod\u014d do Brasil; e \u00e0s 16h, um bate-papo com a artista Marta Matushita e a curadora Michiko Okano; e dia 27\/9, das 15h \u00e0s 17h, ser\u00e1 realizada uma palestra sobre como s\u00e3o feitas as gravuras japonesas com demonstra\u00e7\u00e3o de impress\u00e3o de xilogravura japonesa com Fernando Saiki, Doutor em Xilogravura pela Universidade de Artes de T\u00f3quio.<br>Entre fios, seres vivos e natureza<\/p>\n\n\n\n<p>Marta utiliza os pr\u00f3prios cabelos como material em suas obras. \u201cA exposi\u00e7\u00e3o Trans-fios: tecer vidas revela trabalhos delicados e sens\u00edveis, que emergem de minha experi\u00eancia de \u00edntima rela\u00e7\u00e3o com a natureza. E o cabelo tem uma pot\u00eancia singular em minha obra, al\u00e9m de simbolizar a feminilidade\u201d, explica a artista de 70 anos.<br>Segunda ela, a natureza protagoniza tamb\u00e9m sua produ\u00e7\u00e3o art\u00edstica. \u201cPequenos seres, frequentemente invisibilizados pelo olhar humano, inspiram minhas obras: abelhas, carac\u00f3is, cigarras, aranhas, bichos-da-cesta, moscas, p\u00e1ssaros, cupins\u2026 Esses organismos ganham uma nova dimens\u00e3o po\u00e9tica em minhas cria\u00e7\u00f5es\u201d, conta.<br>Durante a vernissage, Marta realizar\u00e1 uma performance usando seus longos cabelos \u2013 ritual art\u00edstico que repete pela terceira vez. A primeira foi aos 18 anos, ao deixar sua cidade natal, Guar\u00e1 (SP), rumo \u00e0 capital. A segunda, em 2011, no encerramento do curso \u201cFotografia: Pensamento Visual\u201d, no Instituto Tomie Ohtake.<br>Nessa nova performance, a artista percorrer\u00e1 o espa\u00e7o da galeria tecendo fios invis\u00edveis, criando uma trama de materialidade ligada \u00e0 sua trajet\u00f3ria e rela\u00e7\u00e3o \u00edntima com os cabelos. \u201cO cabelo assumir\u00e1 o papel de protagonista, entrela\u00e7ando uma infinita malha de met\u00e1foras. Criar\u00e1 uma textura c\u00eanica que despertar\u00e1 no p\u00fablico um mergulho sensorial sobre o \u2018tecer a vida\u2019: a efemeridade, a perda, o peso, a transitoriedade e o desapego \u2013 elementos fundamentais da experi\u00eancia humana\u201d, explica Marta.<\/p>\n\n\n\n<p>Obras da artista Conex\u00e3o II (2016) e \u2018Sem t\u00edtulo\u2019<br>(2011) Cr\u00e9dito: Douglas Eiji<br>A exposi\u00e7\u00e3o inclui trabalhos como:<br>\u25cf Epifania I e II \u2013 Poesias de Clarice Lispector bordadas com cabelos da pr\u00f3pria artista<br>\u25cf DNA (2016) e Conex\u00e3o (2016) \u2013 Criadas com cabelos de outras pessoas<br>\u25cf Manuscrito do cupim (2019) e Conex\u00e3o I\u2013IV (2019) \u2013 Obras in\u00e9ditas<br>\u25cf Xilogravuras, fotografias, instala\u00e7\u00f5es e objetos h\u00edbridos com elementos naturais como favos de abelha e exoesqueletos de cigarras.<\/p>\n\n\n\n<p>\u25cf Projetos desenvolvidos durante sua viagem ao Jap\u00e3o, em 2017, onde explorou sua identidade nipo-brasileira em di\u00e1logo com a natureza e os fios que a conectam \u00e0s suas origens.<br>A curadora Michiko Okano destaca: \u201cEla nos convida a uma pausa contemplativa diante das exist\u00eancias diminutas e ciclos naturais de transforma\u00e7\u00e3o. Cabelos, vest\u00edgios de criaturas mi\u00fadas, tecido carcomido por cupins convertem-se, sob seu olhar, em condutores de reflex\u00e3o sobre pertencimento, temporalidade, vida e morte.\u201d<br>Trajet\u00f3ria de Marta Matushita (Guar\u00e1\/SP, 1955) &#8211; Vive e trabalha em S\u00e3o Paulo. Formada em Arquitetura pela Universidade de Mogi das Cruzes, iniciou sua trajet\u00f3ria art\u00edstica aos 50 anos. Aos 70, tem obras reconhecidas nacional e internacionalmente, e pesquisa diferentes linguagens como: Hist\u00f3ria da Arte, Sumi-\u00ea, Dan\u00e7a Contempor\u00e2nea, But\u00f4, Desenho, Pintura, Fotografia, Instala\u00e7\u00e3o, Gravura e viagens culturais. Uma de suas primeiras obras ic\u00f4nicas surgiu quando p\u00e1ssaros utilizaram seus cabelos para construir ninhos \u2013 dividindo com eles o protagonismo da cria\u00e7\u00e3o. Participou de exposi\u00e7\u00f5es em Nova York, Berlim, Genebra, Mil\u00e3o, al\u00e9m de mostras no Brasil.<br>www.martamatushita.com \/\/ @martamatushita<br>Exposi\u00e7\u00f5es internacionais (sele\u00e7\u00e3o):<br>\u25cf \u00c1gua da Palavra \/ Quando Mais Dentro Aflora \u2013 Galeria HilbertRaum, Berlim (2018)<br>\u25cf Ways of Looking \u2013 Galeria Vierraumladen, Berlim (2017)<br>\u25cf Unexpected World \u2013 Galeria Onishi, Nova York (2017)<br>\u25cf TransNaturae: Brazil Focus \u2013 MIA Photo Fair, Mil\u00e3o (2017)<br>\u25cf Photo Paged \u2013 Centre de la Photographie Geneve, Su\u00ed\u00e7a (2017)<br>Exposi\u00e7\u00f5es no Brasil (sele\u00e7\u00e3o):<br>\u25cf Pr\u00eamio de Artes e Literatura USP 60+ \u2013 Centro Maria Antonia (2024 e 2025)<br>\u25cf CompartiArte VIII \u2013 Centro Brit\u00e2nico Brasileiro (2023, 2022, 2019\u2026)<br>\u25cf 20 anos de Arte sobre Papel \u2013 Graphias Casa da Gravura (2023)<br>\u25cf Quando Mais Dentro Aflora \u2013 Instituto Adelina (2018)<br>\u25cf Olhar inComum: Jap\u00e3o Revisitado \u2013 Museu Oscar Niemeyer (2016)<br>Sobre a Lacerdine Galeria de Arte &#8211; Inaugurada em fevereiro de 2025, a Lacerdine Galeria de Arte abriga tamb\u00e9m o Caf\u00e9 Falasartes, e se dedica \u00e0 arte contempor\u00e2nea e ao di\u00e1logo intercultural. O espa\u00e7o promove exposi\u00e7\u00f5es, performances e encontros art\u00edsticos, com foco em inclus\u00e3o e acesso democr\u00e1tico \u00e0 arte. \u201cA Lacerdine foi escolhida por ser um espa\u00e7o vers\u00e1til e acolhedor, que abra\u00e7a obras de m\u00faltiplas linguagens\u201d, diz Marta Matushita.<br>\u201cMarta \u00e9 uma artista extremamente interessante, com uma conex\u00e3o profunda com a natureza. Suas obras s\u00e3o incr\u00edveis, diferentes de tudo o que j\u00e1 vimos\u201d, afirma Geraldo Lacerdine, artista expressionista e fundador da galeria. \u201c\u00c9 uma honra receber essa performance que marca o terceiro momento transformador da vida de Marta.\u201d<\/p>\n\n\n\n<p>Lacerdine Galeria de Arte<br>Avenida Ang\u00e9lica 2578, Higien\u00f3polis (300m metr\u00f4 Paulista\/Linha Amarela)<\/p>\n\n\n\n<p>Exposi\u00e7\u00e3o \u2018Trans-fios: Tecer Vidas\u2019,<br>Vernissage: quinta (18 de setembro), \u00e0s 19h<br>Garanta seu ingresso na Vernissage pelo Sympla (Gratuito)<br>De 18.09 a 2.10, das 10 \u00e0s 19h<br>@lacerdine<\/p>\n\n\n\n<p>Programa\u00e7\u00e3o Oficiais<br>(Ingressos devem ser adquiridos no Sympla)<\/p>\n\n\n\n<ul>\n<li>Dia 20.9, s\u00e1bado<br>10h30 \u00e0s 12h30 &#8211; Oficina Corpo &amp; Caligrafia \u2013 Sympla<br>16h, bate-papo com a artista Marta Matushita e a curadora Michiko Okano \u2013 Gratuito<\/li>\n\n\n\n<li>Dia 27.9, s\u00e1bado<br>15h \u00e0s 17h &#8211; Palestra sobre como s\u00e3o feitas as gravuras japonesas com demonstra\u00e7\u00e3o de impress\u00e3o de xilogravura japonesa. Sympla<\/li>\n<\/ul>\n\n\n\n<figure class=\"wp-block-gallery has-nested-images columns-default is-cropped wp-block-gallery-1 is-layout-flex wp-block-gallery-is-layout-flex\">\n<figure class=\"wp-block-image size-large\"><img fetchpriority=\"high\" decoding=\"async\" width=\"427\" height=\"640\" data-id=\"25789\" src=\"https:\/\/novosaopaulo.com.br\/n1\/wp-content\/uploads\/2025\/09\/WhatsApp-Image-2025-09-09-at-10.13.09.jpeg\" alt=\"\" class=\"wp-image-25789\" srcset=\"https:\/\/novosaopaulo.com.br\/n1\/wp-content\/uploads\/2025\/09\/WhatsApp-Image-2025-09-09-at-10.13.09.jpeg 427w, https:\/\/novosaopaulo.com.br\/n1\/wp-content\/uploads\/2025\/09\/WhatsApp-Image-2025-09-09-at-10.13.09-200x300.jpeg 200w\" sizes=\"(max-width: 427px) 100vw, 427px\" \/><figcaption class=\"wp-element-caption\">Cr\u00e9dito F\u00e1bio Bae<\/figcaption><\/figure>\n<\/figure>\n\n\n\n<p>Foto Capa: Cr\u00e9dito Douglas Eiji<\/p>\n\n\n\n<p><\/p>\n","protected":false},"excerpt":{"rendered":"<p>\u201cTrans-fios: tecer vidas\u201d traz cerca de 150 obras, com fios de cabelos em sua maioria,&#8230;<\/p>\n","protected":false},"author":1,"featured_media":25790,"comment_status":"open","ping_status":"open","sticky":false,"template":"","format":"standard","meta":{"footnotes":""},"categories":[2],"tags":[],"featured_image_urls":{"full":["https:\/\/novosaopaulo.com.br\/n1\/wp-content\/uploads\/2025\/09\/WhatsApp-Image-2025-09-09-at-10.13.30-1.jpeg",1600,1066,false],"thumbnail":["https:\/\/novosaopaulo.com.br\/n1\/wp-content\/uploads\/2025\/09\/WhatsApp-Image-2025-09-09-at-10.13.30-1-150x150.jpeg",150,150,true],"medium":["https:\/\/novosaopaulo.com.br\/n1\/wp-content\/uploads\/2025\/09\/WhatsApp-Image-2025-09-09-at-10.13.30-1-300x200.jpeg",300,200,true],"medium_large":["https:\/\/novosaopaulo.com.br\/n1\/wp-content\/uploads\/2025\/09\/WhatsApp-Image-2025-09-09-at-10.13.30-1-768x512.jpeg",640,427,true],"large":["https:\/\/novosaopaulo.com.br\/n1\/wp-content\/uploads\/2025\/09\/WhatsApp-Image-2025-09-09-at-10.13.30-1-1024x682.jpeg",640,426,true],"1536x1536":["https:\/\/novosaopaulo.com.br\/n1\/wp-content\/uploads\/2025\/09\/WhatsApp-Image-2025-09-09-at-10.13.30-1-1536x1023.jpeg",1536,1023,true],"2048x2048":["https:\/\/novosaopaulo.com.br\/n1\/wp-content\/uploads\/2025\/09\/WhatsApp-Image-2025-09-09-at-10.13.30-1.jpeg",1600,1066,false],"newsever-slider-full":["https:\/\/novosaopaulo.com.br\/n1\/wp-content\/uploads\/2025\/09\/WhatsApp-Image-2025-09-09-at-10.13.30-1-1280x845.jpeg",1280,845,true],"newsever-featured":["https:\/\/novosaopaulo.com.br\/n1\/wp-content\/uploads\/2025\/09\/WhatsApp-Image-2025-09-09-at-10.13.30-1-1024x682.jpeg",1024,682,true],"newsever-medium":["https:\/\/novosaopaulo.com.br\/n1\/wp-content\/uploads\/2025\/09\/WhatsApp-Image-2025-09-09-at-10.13.30-1-720x475.jpeg",720,475,true]},"author_info":{"display_name":"Reda\u00e7\u00e3o","author_link":"https:\/\/novosaopaulo.com.br\/n1\/author\/g5poa\/"},"category_info":"<a href=\"https:\/\/novosaopaulo.com.br\/n1\/category\/cidades\/\" rel=\"category tag\">Cidades<\/a>","tag_info":"Cidades","comment_count":"0","_links":{"self":[{"href":"https:\/\/novosaopaulo.com.br\/n1\/wp-json\/wp\/v2\/posts\/25787"}],"collection":[{"href":"https:\/\/novosaopaulo.com.br\/n1\/wp-json\/wp\/v2\/posts"}],"about":[{"href":"https:\/\/novosaopaulo.com.br\/n1\/wp-json\/wp\/v2\/types\/post"}],"author":[{"embeddable":true,"href":"https:\/\/novosaopaulo.com.br\/n1\/wp-json\/wp\/v2\/users\/1"}],"replies":[{"embeddable":true,"href":"https:\/\/novosaopaulo.com.br\/n1\/wp-json\/wp\/v2\/comments?post=25787"}],"version-history":[{"count":1,"href":"https:\/\/novosaopaulo.com.br\/n1\/wp-json\/wp\/v2\/posts\/25787\/revisions"}],"predecessor-version":[{"id":25791,"href":"https:\/\/novosaopaulo.com.br\/n1\/wp-json\/wp\/v2\/posts\/25787\/revisions\/25791"}],"wp:featuredmedia":[{"embeddable":true,"href":"https:\/\/novosaopaulo.com.br\/n1\/wp-json\/wp\/v2\/media\/25790"}],"wp:attachment":[{"href":"https:\/\/novosaopaulo.com.br\/n1\/wp-json\/wp\/v2\/media?parent=25787"}],"wp:term":[{"taxonomy":"category","embeddable":true,"href":"https:\/\/novosaopaulo.com.br\/n1\/wp-json\/wp\/v2\/categories?post=25787"},{"taxonomy":"post_tag","embeddable":true,"href":"https:\/\/novosaopaulo.com.br\/n1\/wp-json\/wp\/v2\/tags?post=25787"}],"curies":[{"name":"wp","href":"https:\/\/api.w.org\/{rel}","templated":true}]}}