{"id":25770,"date":"2025-09-08T14:48:40","date_gmt":"2025-09-08T17:48:40","guid":{"rendered":"https:\/\/novosaopaulo.com.br\/n1\/?p=25770"},"modified":"2025-09-08T14:48:41","modified_gmt":"2025-09-08T17:48:41","slug":"a-paz-a-ordem-e-o-progresso","status":"publish","type":"post","link":"https:\/\/novosaopaulo.com.br\/n1\/a-paz-a-ordem-e-o-progresso\/","title":{"rendered":"A paz, a ordem e o progresso"},"content":{"rendered":"\n<p>\u00c9 dif\u00edcil saber se o povo pode (ou deve) pedir ou torcer pela paz, se poss\u00edvel, no mundo. \u00c9 altamente preocupante o momento que atravessamos. Os pol\u00edticos em regime de guerra onde n\u00e3o se contentam apenas com o fazer de oposi\u00e7\u00e3o, mas procuram, tamb\u00e9m, destruir o advers\u00e1rio. As normas e regulamentos s\u00e3o desrespeitados e os poderes institucionais s\u00e3o acusados de invadir seara alheia, gerando protestos e queixas. O desej\u00e1vel \u00e9 que cada um permane\u00e7a em sua \u00e1rea de atribui\u00e7\u00e3o e desempenhe suas tarefas com dedica\u00e7\u00e3o e zelo. Que o poder seja empregado para o bem-estar coletivo e jamais para tentar subjugar os que pensam diferente.<\/p>\n\n\n\n<pre class=\"wp-block-code\"><code>  N\u00f3s, os brasileiros, somos hoje obrigados a nos preocupar com a possibilidade de guerra entre os Estados Unidos (nosso parceiro comercial e estrat\u00e9gico de dois s\u00e9culos) e a Venezuela, nossa vizinha governada pelo chavismo de Nicol\u00e1s Maduro, hoje pressionado a deixar o poder e cercado por navios, avi\u00f5es de guerra e tropas norte-americanas. Caso entrem em conflito aberto, os reflexos certamente vir\u00e3o ao  territ\u00f3rio brasileiro. E ainda mais: no proselitismo internacional fala-se que os Estados Unidos, sob o pretexto de combater o crime organizado e o narcotr\u00e1fico (que comercializa suas drogas nos EUA) poder\u00e3o derrubar os governos da Venezuela, Col\u00f4mbia, Nicar\u00e1gua e dos demais pa\u00edses da Am\u00e9rica Latina (at\u00e9 do Brasil) cujos governantes s\u00e3o simp\u00e1ticos ou vinculados \u00e0s esquerdas.  Se ocorrer, o povo sofrer\u00e1.<\/code><\/pre>\n\n\n\n<p>\u2018 Esperamos que \u2013 apesar das diverg\u00eancias \u2013 os governos dos presidentes Lula (Brasil) e Donald Trump (EUA) se esforcem para encontrar o ponto de equil\u00edbrio e respeito m\u00fatuo. Que quest\u00f5es menores n\u00e3o tenham o cond\u00e3o de azedar as rela\u00e7\u00f5es.<\/p>\n\n\n\n<pre class=\"wp-block-code\"><code>  Os \u00faltimos acontecimentos policiais brasileiros revelam a preocupante situa\u00e7\u00e3o do crime organizado operando dentro da estrutura econ\u00f4mica oficial do Pa\u00eds em diferentes frentes. As primeiras provid\u00eancias para resolver a quest\u00e3o j\u00e1 se encontram em andamento. Mas \u00e9 preciso a a\u00e7\u00e3o efetiva para evitar que os escaninhos oficiais continuem sendo utilizados para o crime e \u2013 se poss\u00edvel \u2013 que nosso Pa\u00eds n\u00e3o seja submetido \u00e0 a\u00e7\u00e3o anticartel criminoso que os EUA vem anunciando nos \u00faltimos tempos. Se tivermos de receber os esquadr\u00f5es antidrogas internacionais, que seja mediante acordo de coopera\u00e7\u00e3o; jamais pela unilateral invas\u00e3o da pot\u00eancia patrocinadora. N\u00e3o podemos abrir m\u00e3o da soberania territorial.\n\n  Ainda dentro do quadro de preocupa\u00e7\u00f5es relativas \u00e0s desaven\u00e7as de grupos pol\u00edticos e ideol\u00f3gicos e seus advers\u00e1rios. Por mais opini\u00f5es e interesses divergentes que os cercam, devem eles tentar toda negocia\u00e7\u00e3o para n\u00e3o tirar o Pa\u00eds e as institui\u00e7\u00f5es dos trilhos porque, se acontecer, ser\u00e1 pior para todos. Durante d\u00e9cadas vivemos a falta de compromisso de grupos com os interesses nacionais e isso nos levou \u00e0 bestialidade da polariza\u00e7\u00e3o. \u00c9 melhor cada um cuidar seriamente de suas obriga\u00e7\u00f5es, cumpri-las \u00e0 risca e evitar o terreno da retalia\u00e7\u00e3o.\n\n  O Brasil de hoje necessita que todos os \u00f3rg\u00e3os e autoridades cumpram exemplarmente seus deveres. Se assim tivesse ocorrido nas \u00faltimas quatro d\u00e9cadas, n\u00e3o haveria hoje a permanente queixa de que a Constitui\u00e7\u00e3o n\u00e3o \u00e9 cumprida, as pessoas e institui\u00e7\u00f5es n\u00e3o negligenciariam seus deveres, o crime organizado n\u00e3o estaria envolvido na economia oficial e nem em outros setores de presta\u00e7\u00e3o de servi\u00e7os \u00e0 comunidade. Senhores governantes, parlamentares e detentores de diferentes formas de poder emanado da Constitui\u00e7\u00e3o, cuidem o mais r\u00e1pido poss\u00edvel de colocar em dia seus compromissos e deveres para evitar que a sociedade pade\u00e7a pela falta de provid\u00eancias.<\/code><\/pre>\n\n\n\n<p>\u2018 Aguarda-se que nos pr\u00f3ximos dias o Parlamento discuta e vote o fim do foro privilegiado, a PEC da Seguran\u00e7a P\u00fablica, a Anistia aos envolvidos nos epis\u00f3dios de 8 de janeiro de 2023 e uma s\u00e9rie de pend\u00eancias. E que o legalismo volte a imperar nos corredores do poder sem nunca permitir que interpreta\u00e7\u00f5es viciadas ou maliciosas acabem por ensejar que o pretendido pelo legislador \u2013 tanto da Constitui\u00e7\u00e3o quanto do ordenamento jur\u00eddico dela decorrente \u2013 seja esbulhado ou jogado na lata do lixo.<\/p>\n\n\n\n<pre class=\"wp-block-code\"><code>  O Brasil e todos n\u00f3s, brasileiros, necessitamos desse cuidado e considera\u00e7\u00e3o vindos daqueles que elegemos ou que, pela legisla\u00e7\u00e3o, foram nomeados para gerir a Na\u00e7\u00e3o...<\/code><\/pre>\n\n\n\n<p>Tenente Dirceu Cardoso Gon\u00e7alves &#8211; dirigente da ASPOMIL (Associa\u00e7\u00e3o de Assist. Social dos Policiais Militares de S\u00e3o Paulo).<\/p>\n","protected":false},"excerpt":{"rendered":"<p>\u00c9 dif\u00edcil saber se o povo pode (ou deve) pedir ou torcer pela paz, se&#8230;<\/p>\n","protected":false},"author":1,"featured_media":23327,"comment_status":"open","ping_status":"open","sticky":false,"template":"","format":"standard","meta":{"footnotes":""},"categories":[2],"tags":[],"featured_image_urls":{"full":["https:\/\/novosaopaulo.com.br\/n1\/wp-content\/uploads\/2025\/04\/Tenente-Dirceu-Cardoso-Goncalves.jpg",600,564,false],"thumbnail":["https:\/\/novosaopaulo.com.br\/n1\/wp-content\/uploads\/2025\/04\/Tenente-Dirceu-Cardoso-Goncalves-150x150.jpg",150,150,true],"medium":["https:\/\/novosaopaulo.com.br\/n1\/wp-content\/uploads\/2025\/04\/Tenente-Dirceu-Cardoso-Goncalves-300x282.jpg",300,282,true],"medium_large":["https:\/\/novosaopaulo.com.br\/n1\/wp-content\/uploads\/2025\/04\/Tenente-Dirceu-Cardoso-Goncalves.jpg",600,564,false],"large":["https:\/\/novosaopaulo.com.br\/n1\/wp-content\/uploads\/2025\/04\/Tenente-Dirceu-Cardoso-Goncalves.jpg",600,564,false],"1536x1536":["https:\/\/novosaopaulo.com.br\/n1\/wp-content\/uploads\/2025\/04\/Tenente-Dirceu-Cardoso-Goncalves.jpg",600,564,false],"2048x2048":["https:\/\/novosaopaulo.com.br\/n1\/wp-content\/uploads\/2025\/04\/Tenente-Dirceu-Cardoso-Goncalves.jpg",600,564,false],"newsever-slider-full":["https:\/\/novosaopaulo.com.br\/n1\/wp-content\/uploads\/2025\/04\/Tenente-Dirceu-Cardoso-Goncalves.jpg",600,564,false],"newsever-featured":["https:\/\/novosaopaulo.com.br\/n1\/wp-content\/uploads\/2025\/04\/Tenente-Dirceu-Cardoso-Goncalves.jpg",600,564,false],"newsever-medium":["https:\/\/novosaopaulo.com.br\/n1\/wp-content\/uploads\/2025\/04\/Tenente-Dirceu-Cardoso-Goncalves-600x475.jpg",600,475,true]},"author_info":{"display_name":"Reda\u00e7\u00e3o","author_link":"https:\/\/novosaopaulo.com.br\/n1\/author\/g5poa\/"},"category_info":"<a href=\"https:\/\/novosaopaulo.com.br\/n1\/category\/cidades\/\" rel=\"category tag\">Cidades<\/a>","tag_info":"Cidades","comment_count":"0","_links":{"self":[{"href":"https:\/\/novosaopaulo.com.br\/n1\/wp-json\/wp\/v2\/posts\/25770"}],"collection":[{"href":"https:\/\/novosaopaulo.com.br\/n1\/wp-json\/wp\/v2\/posts"}],"about":[{"href":"https:\/\/novosaopaulo.com.br\/n1\/wp-json\/wp\/v2\/types\/post"}],"author":[{"embeddable":true,"href":"https:\/\/novosaopaulo.com.br\/n1\/wp-json\/wp\/v2\/users\/1"}],"replies":[{"embeddable":true,"href":"https:\/\/novosaopaulo.com.br\/n1\/wp-json\/wp\/v2\/comments?post=25770"}],"version-history":[{"count":1,"href":"https:\/\/novosaopaulo.com.br\/n1\/wp-json\/wp\/v2\/posts\/25770\/revisions"}],"predecessor-version":[{"id":25771,"href":"https:\/\/novosaopaulo.com.br\/n1\/wp-json\/wp\/v2\/posts\/25770\/revisions\/25771"}],"wp:featuredmedia":[{"embeddable":true,"href":"https:\/\/novosaopaulo.com.br\/n1\/wp-json\/wp\/v2\/media\/23327"}],"wp:attachment":[{"href":"https:\/\/novosaopaulo.com.br\/n1\/wp-json\/wp\/v2\/media?parent=25770"}],"wp:term":[{"taxonomy":"category","embeddable":true,"href":"https:\/\/novosaopaulo.com.br\/n1\/wp-json\/wp\/v2\/categories?post=25770"},{"taxonomy":"post_tag","embeddable":true,"href":"https:\/\/novosaopaulo.com.br\/n1\/wp-json\/wp\/v2\/tags?post=25770"}],"curies":[{"name":"wp","href":"https:\/\/api.w.org\/{rel}","templated":true}]}}