{"id":25762,"date":"2025-09-04T21:12:33","date_gmt":"2025-09-05T00:12:33","guid":{"rendered":"https:\/\/novosaopaulo.com.br\/n1\/?p=25762"},"modified":"2025-09-04T21:12:33","modified_gmt":"2025-09-05T00:12:33","slug":"prefeito-saulo-souza-homenageia-gcms-de-poa-e-anuncia-novos-investimentos-em-seguranca-publica","status":"publish","type":"post","link":"https:\/\/novosaopaulo.com.br\/n1\/prefeito-saulo-souza-homenageia-gcms-de-poa-e-anuncia-novos-investimentos-em-seguranca-publica\/","title":{"rendered":"Prefeito Saulo Souza homenageia GCMs de Po\u00e1 e anuncia novos investimentos em seguran\u00e7a p\u00fablica"},"content":{"rendered":"\n<p>Durante celebra\u00e7\u00e3o ao Dia do Guarda Civil, prefeito lembrou conquistas recentes da corpora\u00e7\u00e3o e apresentou medidas para modernizar a estrutura da seguran\u00e7a municipal<\/p>\n\n\n\n<p>O Dia do Guarda Civil Municipal (GCM) foi celebrado nesta quarta-feira (03\/09) em Po\u00e1 com um caf\u00e9 especial dedicado aos profissionais e o an\u00fancio de novos investimentos em seguran\u00e7a p\u00fablica e na corpora\u00e7\u00e3o. A homenagem contou com a presen\u00e7a do prefeito Saulo Souza, da primeira-dama e presidente do Fundo Social, Flavia Souza, e do secret\u00e1rio de Seguran\u00e7a, Comandante Ferreira. Na ocasi\u00e3o, o chefe do Executivo destacou importantes avan\u00e7os conquistados, como a progress\u00e3o de carreira, valoriza\u00e7\u00e3o da categoria, compra de r\u00e1dios comunicadores e anunciou novos a\u00e7\u00f5es, como a amplia\u00e7\u00e3o e renova\u00e7\u00e3o da frota ve\u00edculos, compra de coletes e a futura instala\u00e7\u00e3o de 120 c\u00e2meras de monitoramento integradas ao CSI (Centro de Seguran\u00e7a Integrada).<\/p>\n\n\n\n<p>\u201cHoje estamos ao lado daqueles que t\u00eam estado na ponta, vivendo li\u00e7\u00f5es desafiadoras, enfrentando situa\u00e7\u00f5es de risco e cuidando da nossa seguran\u00e7a e da nossa cidade. Nossos GCMs est\u00e3o na linha de frente cumprindo sua miss\u00e3o e por isso deixamos nosso muito obrigada e nosso carinho pelo trabalho que fazem em Po\u00e1. A singela homenagem que preparamos \u00e9 uma forma de reconhecer e valorizar esses profissionais valorosos\u201d, destacou o prefeito.<\/p>\n\n\n\n<p>Durante o caf\u00e9 oferecido em cada troca de turno dos GCMs, Saulo Souza ressaltou as melhorias e investimentos j\u00e1 realizado para a corpora\u00e7\u00e3o nos \u00faltimos meses, quando a GCM recebeu novos r\u00e1dios comunicadores, uma antiga demanda dos agentes, assim como a progress\u00e3o de carreira da corpora\u00e7\u00e3o, encaminhada pelo Executivo \u00e0 C\u00e2mara Municipal e aprovada por unanimidade pelos vereadores, ap\u00f3s anos de reivindica\u00e7\u00f5es. O prefeito anunciou tamb\u00e9m novos investimentos que chegar\u00e3o, como a amplia\u00e7\u00e3o e moderniza\u00e7\u00e3o da frota de ve\u00edculos em breve, e os novos coletes de prote\u00e7\u00e3o, que j\u00e1 est\u00e3o em fase final de compra.<\/p>\n\n\n\n<p>\u201cEstamos apenas no in\u00edcio de um grande processo de transforma\u00e7\u00e3o. Nosso objetivo \u00e9 levar a Guarda Civil Municipal a um novo patamar, consolidando em Po\u00e1 uma Pol\u00edcia Municipal mais moderna e preparada. Al\u00e9m da aquisi\u00e7\u00e3o de equipamentos, vamos investir fortemente em tecnologia. Cerca de 120 c\u00e2meras de monitoramento ser\u00e3o instaladas e integradas ao Centro de Controle do CSI. Tamb\u00e9m j\u00e1 est\u00e1 em andamento a amplia\u00e7\u00e3o da ilumina\u00e7\u00e3o p\u00fablica em LED nos bairros, a\u00e7\u00f5es que trar\u00e3o mais seguran\u00e7a e tranquilidade para a popula\u00e7\u00e3o\u201d, destacou o prefeito.<\/p>\n\n\n\n<p>O secret\u00e1rio de Seguran\u00e7a, Comandante Ferreira, destacou que a atual gest\u00e3o tem proporcionado um n\u00edvel de valoriza\u00e7\u00e3o sem precedentes na hist\u00f3ria da corpora\u00e7\u00e3o. \u201cEstou h\u00e1 17 anos nesta institui\u00e7\u00e3o e nunca presenciei tanto respeito e reconhecimento como agora. Tenho a certeza de que ainda vir\u00e3o muitas conquistas para nossa Guarda e para a cidade. S\u00f3 tenho a agradecer ao prefeito Saulo Souza, \u00e0 primeira-dama Fl\u00e1via Souza e a todos os integrantes da corpora\u00e7\u00e3o pelo empenho e dedica\u00e7\u00e3o\u201d, afirmou.<\/p>\n\n\n\n<p>O prefeito lembrou ainda que o Comandante Ferreira \u00e9 o primeiro GCM de carreira a assumir a Secretaria de Seguran\u00e7a na hist\u00f3ria de Po\u00e1. Para ele, isso refor\u00e7a a capacidade de a pr\u00f3pria corpora\u00e7\u00e3o formar lideran\u00e7as para \u00e1reas estrat\u00e9gicas. \u201cIsso demonstra que a pr\u00f3pria corpora\u00e7\u00e3o \u00e9 capaz de formar os melhores nomes para liderar uma \u00e1rea t\u00e3o importante\u201d, disse.<\/p>\n\n\n\n<p>Foto: Nivaldo Alves<\/p>\n","protected":false},"excerpt":{"rendered":"<p>Durante celebra\u00e7\u00e3o ao Dia do Guarda Civil, prefeito lembrou conquistas recentes da corpora\u00e7\u00e3o e apresentou&#8230;<\/p>\n","protected":false},"author":1,"featured_media":25763,"comment_status":"open","ping_status":"open","sticky":false,"template":"","format":"standard","meta":{"footnotes":""},"categories":[8],"tags":[],"featured_image_urls":{"full":["https:\/\/novosaopaulo.com.br\/n1\/wp-content\/uploads\/2025\/09\/WhatsApp-Image-2025-09-04-at-17.55.00.jpeg",1280,853,false],"thumbnail":["https:\/\/novosaopaulo.com.br\/n1\/wp-content\/uploads\/2025\/09\/WhatsApp-Image-2025-09-04-at-17.55.00-150x150.jpeg",150,150,true],"medium":["https:\/\/novosaopaulo.com.br\/n1\/wp-content\/uploads\/2025\/09\/WhatsApp-Image-2025-09-04-at-17.55.00-300x200.jpeg",300,200,true],"medium_large":["https:\/\/novosaopaulo.com.br\/n1\/wp-content\/uploads\/2025\/09\/WhatsApp-Image-2025-09-04-at-17.55.00-768x512.jpeg",640,427,true],"large":["https:\/\/novosaopaulo.com.br\/n1\/wp-content\/uploads\/2025\/09\/WhatsApp-Image-2025-09-04-at-17.55.00-1024x682.jpeg",640,426,true],"1536x1536":["https:\/\/novosaopaulo.com.br\/n1\/wp-content\/uploads\/2025\/09\/WhatsApp-Image-2025-09-04-at-17.55.00.jpeg",1280,853,false],"2048x2048":["https:\/\/novosaopaulo.com.br\/n1\/wp-content\/uploads\/2025\/09\/WhatsApp-Image-2025-09-04-at-17.55.00.jpeg",1280,853,false],"newsever-slider-full":["https:\/\/novosaopaulo.com.br\/n1\/wp-content\/uploads\/2025\/09\/WhatsApp-Image-2025-09-04-at-17.55.00-1280x845.jpeg",1280,845,true],"newsever-featured":["https:\/\/novosaopaulo.com.br\/n1\/wp-content\/uploads\/2025\/09\/WhatsApp-Image-2025-09-04-at-17.55.00-1024x682.jpeg",1024,682,true],"newsever-medium":["https:\/\/novosaopaulo.com.br\/n1\/wp-content\/uploads\/2025\/09\/WhatsApp-Image-2025-09-04-at-17.55.00-720x475.jpeg",720,475,true]},"author_info":{"display_name":"Reda\u00e7\u00e3o","author_link":"https:\/\/novosaopaulo.com.br\/n1\/author\/g5poa\/"},"category_info":"<a href=\"https:\/\/novosaopaulo.com.br\/n1\/category\/poa\/\" rel=\"category tag\">Po\u00e1<\/a>","tag_info":"Po\u00e1","comment_count":"0","_links":{"self":[{"href":"https:\/\/novosaopaulo.com.br\/n1\/wp-json\/wp\/v2\/posts\/25762"}],"collection":[{"href":"https:\/\/novosaopaulo.com.br\/n1\/wp-json\/wp\/v2\/posts"}],"about":[{"href":"https:\/\/novosaopaulo.com.br\/n1\/wp-json\/wp\/v2\/types\/post"}],"author":[{"embeddable":true,"href":"https:\/\/novosaopaulo.com.br\/n1\/wp-json\/wp\/v2\/users\/1"}],"replies":[{"embeddable":true,"href":"https:\/\/novosaopaulo.com.br\/n1\/wp-json\/wp\/v2\/comments?post=25762"}],"version-history":[{"count":1,"href":"https:\/\/novosaopaulo.com.br\/n1\/wp-json\/wp\/v2\/posts\/25762\/revisions"}],"predecessor-version":[{"id":25764,"href":"https:\/\/novosaopaulo.com.br\/n1\/wp-json\/wp\/v2\/posts\/25762\/revisions\/25764"}],"wp:featuredmedia":[{"embeddable":true,"href":"https:\/\/novosaopaulo.com.br\/n1\/wp-json\/wp\/v2\/media\/25763"}],"wp:attachment":[{"href":"https:\/\/novosaopaulo.com.br\/n1\/wp-json\/wp\/v2\/media?parent=25762"}],"wp:term":[{"taxonomy":"category","embeddable":true,"href":"https:\/\/novosaopaulo.com.br\/n1\/wp-json\/wp\/v2\/categories?post=25762"},{"taxonomy":"post_tag","embeddable":true,"href":"https:\/\/novosaopaulo.com.br\/n1\/wp-json\/wp\/v2\/tags?post=25762"}],"curies":[{"name":"wp","href":"https:\/\/api.w.org\/{rel}","templated":true}]}}