{"id":25748,"date":"2025-09-04T14:12:13","date_gmt":"2025-09-04T17:12:13","guid":{"rendered":"https:\/\/novosaopaulo.com.br\/n1\/?p=25748"},"modified":"2025-09-04T14:12:14","modified_gmt":"2025-09-04T17:12:14","slug":"com-25-mil-participantes-itaqua-realiza-desfile-civico-neste-domingo-7","status":"publish","type":"post","link":"https:\/\/novosaopaulo.com.br\/n1\/com-25-mil-participantes-itaqua-realiza-desfile-civico-neste-domingo-7\/","title":{"rendered":"Com 2,5 mil participantes, Itaqu\u00e1 realiza Desfile C\u00edvico neste domingo (7)"},"content":{"rendered":"\n<p>Evento come\u00e7a \u00e0s 14h na regi\u00e3o central<\/p>\n\n\n\n<p>A Prefeitura de Itaquaquecetuba, por meio da Secretaria de Cultura, realiza neste domingo (7), a partir das 14h, o tradicional desfile c\u00edvico em comemora\u00e7\u00e3o ao anivers\u00e1rio de 465 anos do munic\u00edpio e ao Dia da Independ\u00eancia do Brasil.<\/p>\n\n\n\n<p>Com o tema \u201cItaquaquecetuba e a valoriza\u00e7\u00e3o dos bens naturais, culturais e da diversidade no ano em que o Brasil sedia a COP 30\u201d, a concentra\u00e7\u00e3o ser\u00e1 na avenida Emancipa\u00e7\u00e3o, no centro da cidade. O trajeto seguir\u00e1 pela rua Sebasti\u00e3o Ferreira dos Santos e pela pra\u00e7a Padre Jo\u00e3o \u00c1lvares, com dispers\u00e3o na rua Capit\u00e3o Jos\u00e9 Leite.<\/p>\n\n\n\n<p>\u201cEsse encontro busca celebrar a independ\u00eancia do pa\u00eds e a hist\u00f3ria de Itaqu\u00e1, promovendo a valoriza\u00e7\u00e3o da cultura local, da diversidade e da sustentabilidade, alinhados ao contexto nacional\u201d, explicou a secret\u00e1ria de Cultura, Maria Ana Rosa.<\/p>\n\n\n\n<p>O desfile contar\u00e1 com a participa\u00e7\u00e3o de 2,5 mil pessoas entre estudantes, representantes de institui\u00e7\u00f5es, coletivos e servidores p\u00fablicos, com expectativa de receber um p\u00fablico estimado em 5 mil pessoas.<\/p>\n\n\n\n<p>\u201cO desfile c\u00edvico de 7 de setembro \u00e9 um momento de celebra\u00e7\u00e3o da hist\u00f3ria, da cultura e do compromisso ambiental do munic\u00edpio, reunindo gera\u00e7\u00f5es e fortalecendo o sentimento de pertencimento e cidadania\u201d, finalizou o prefeito Eduardo Boigues.<\/p>\n\n\n\n<p>Fotos: Eduardo Borges<\/p>\n\n\n\n<figure class=\"wp-block-gallery has-nested-images columns-4 is-cropped wp-block-gallery-1 is-layout-flex wp-block-gallery-is-layout-flex\">\n<figure class=\"wp-block-image size-large\"><a href=\"https:\/\/novosaopaulo.com.br\/n1\/wp-content\/uploads\/2025\/09\/WhatsApp-Image-2025-09-04-at-10.10.17-1.jpeg\" target=\"_blank\" rel=\"noopener\"><img fetchpriority=\"high\" decoding=\"async\" width=\"500\" height=\"749\" data-id=\"25752\" src=\"https:\/\/novosaopaulo.com.br\/n1\/wp-content\/uploads\/2025\/09\/WhatsApp-Image-2025-09-04-at-10.10.17-1.jpeg\" alt=\"\" class=\"wp-image-25752\" srcset=\"https:\/\/novosaopaulo.com.br\/n1\/wp-content\/uploads\/2025\/09\/WhatsApp-Image-2025-09-04-at-10.10.17-1.jpeg 500w, https:\/\/novosaopaulo.com.br\/n1\/wp-content\/uploads\/2025\/09\/WhatsApp-Image-2025-09-04-at-10.10.17-1-200x300.jpeg 200w\" sizes=\"(max-width: 500px) 100vw, 500px\" \/><\/a><\/figure>\n\n\n\n<figure class=\"wp-block-image size-large\"><a href=\"https:\/\/novosaopaulo.com.br\/n1\/wp-content\/uploads\/2025\/09\/WhatsApp-Image-2025-09-04-at-10.10.16.jpeg\" target=\"_blank\" rel=\"noopener\"><img decoding=\"async\" width=\"555\" height=\"832\" data-id=\"25749\" src=\"https:\/\/novosaopaulo.com.br\/n1\/wp-content\/uploads\/2025\/09\/WhatsApp-Image-2025-09-04-at-10.10.16.jpeg\" alt=\"\" class=\"wp-image-25749\" srcset=\"https:\/\/novosaopaulo.com.br\/n1\/wp-content\/uploads\/2025\/09\/WhatsApp-Image-2025-09-04-at-10.10.16.jpeg 555w, https:\/\/novosaopaulo.com.br\/n1\/wp-content\/uploads\/2025\/09\/WhatsApp-Image-2025-09-04-at-10.10.16-200x300.jpeg 200w\" sizes=\"(max-width: 555px) 100vw, 555px\" \/><\/a><\/figure>\n\n\n\n<figure class=\"wp-block-image size-large\"><a href=\"https:\/\/novosaopaulo.com.br\/n1\/wp-content\/uploads\/2025\/09\/WhatsApp-Image-2025-09-04-at-10.10.16-2.jpeg\" target=\"_blank\" rel=\"noopener\"><img decoding=\"async\" width=\"683\" height=\"1024\" data-id=\"25753\" src=\"https:\/\/novosaopaulo.com.br\/n1\/wp-content\/uploads\/2025\/09\/WhatsApp-Image-2025-09-04-at-10.10.16-2-683x1024.jpeg\" alt=\"\" class=\"wp-image-25753\" srcset=\"https:\/\/novosaopaulo.com.br\/n1\/wp-content\/uploads\/2025\/09\/WhatsApp-Image-2025-09-04-at-10.10.16-2-683x1024.jpeg 683w, https:\/\/novosaopaulo.com.br\/n1\/wp-content\/uploads\/2025\/09\/WhatsApp-Image-2025-09-04-at-10.10.16-2-200x300.jpeg 200w, https:\/\/novosaopaulo.com.br\/n1\/wp-content\/uploads\/2025\/09\/WhatsApp-Image-2025-09-04-at-10.10.16-2.jpeg 694w\" sizes=\"(max-width: 683px) 100vw, 683px\" \/><\/a><\/figure>\n\n\n\n<figure class=\"wp-block-image size-large\"><a href=\"https:\/\/novosaopaulo.com.br\/n1\/wp-content\/uploads\/2025\/09\/WhatsApp-Image-2025-09-04-at-10.10.16-1.jpeg\" target=\"_blank\" rel=\"noopener\"><img loading=\"lazy\" decoding=\"async\" width=\"555\" height=\"832\" data-id=\"25751\" src=\"https:\/\/novosaopaulo.com.br\/n1\/wp-content\/uploads\/2025\/09\/WhatsApp-Image-2025-09-04-at-10.10.16-1.jpeg\" alt=\"\" class=\"wp-image-25751\" srcset=\"https:\/\/novosaopaulo.com.br\/n1\/wp-content\/uploads\/2025\/09\/WhatsApp-Image-2025-09-04-at-10.10.16-1.jpeg 555w, https:\/\/novosaopaulo.com.br\/n1\/wp-content\/uploads\/2025\/09\/WhatsApp-Image-2025-09-04-at-10.10.16-1-200x300.jpeg 200w\" sizes=\"(max-width: 555px) 100vw, 555px\" \/><\/a><\/figure>\n<\/figure>\n","protected":false},"excerpt":{"rendered":"<p>Evento come\u00e7a \u00e0s 14h na regi\u00e3o central A Prefeitura de Itaquaquecetuba, por meio da Secretaria&#8230;<\/p>\n","protected":false},"author":1,"featured_media":25750,"comment_status":"open","ping_status":"open","sticky":false,"template":"","format":"standard","meta":{"footnotes":""},"categories":[34],"tags":[],"featured_image_urls":{"full":["https:\/\/novosaopaulo.com.br\/n1\/wp-content\/uploads\/2025\/09\/WhatsApp-Image-2025-09-04-at-10.10.17.jpeg",874,583,false],"thumbnail":["https:\/\/novosaopaulo.com.br\/n1\/wp-content\/uploads\/2025\/09\/WhatsApp-Image-2025-09-04-at-10.10.17-150x150.jpeg",150,150,true],"medium":["https:\/\/novosaopaulo.com.br\/n1\/wp-content\/uploads\/2025\/09\/WhatsApp-Image-2025-09-04-at-10.10.17-300x200.jpeg",300,200,true],"medium_large":["https:\/\/novosaopaulo.com.br\/n1\/wp-content\/uploads\/2025\/09\/WhatsApp-Image-2025-09-04-at-10.10.17-768x512.jpeg",640,427,true],"large":["https:\/\/novosaopaulo.com.br\/n1\/wp-content\/uploads\/2025\/09\/WhatsApp-Image-2025-09-04-at-10.10.17.jpeg",640,427,false],"1536x1536":["https:\/\/novosaopaulo.com.br\/n1\/wp-content\/uploads\/2025\/09\/WhatsApp-Image-2025-09-04-at-10.10.17.jpeg",874,583,false],"2048x2048":["https:\/\/novosaopaulo.com.br\/n1\/wp-content\/uploads\/2025\/09\/WhatsApp-Image-2025-09-04-at-10.10.17.jpeg",874,583,false],"newsever-slider-full":["https:\/\/novosaopaulo.com.br\/n1\/wp-content\/uploads\/2025\/09\/WhatsApp-Image-2025-09-04-at-10.10.17.jpeg",874,583,false],"newsever-featured":["https:\/\/novosaopaulo.com.br\/n1\/wp-content\/uploads\/2025\/09\/WhatsApp-Image-2025-09-04-at-10.10.17.jpeg",874,583,false],"newsever-medium":["https:\/\/novosaopaulo.com.br\/n1\/wp-content\/uploads\/2025\/09\/WhatsApp-Image-2025-09-04-at-10.10.17-720x475.jpeg",720,475,true]},"author_info":{"display_name":"Reda\u00e7\u00e3o","author_link":"https:\/\/novosaopaulo.com.br\/n1\/author\/g5poa\/"},"category_info":"<a href=\"https:\/\/novosaopaulo.com.br\/n1\/category\/alto-tiete\/\" rel=\"category tag\">Alto Tiet\u00ea<\/a>","tag_info":"Alto Tiet\u00ea","comment_count":"0","_links":{"self":[{"href":"https:\/\/novosaopaulo.com.br\/n1\/wp-json\/wp\/v2\/posts\/25748"}],"collection":[{"href":"https:\/\/novosaopaulo.com.br\/n1\/wp-json\/wp\/v2\/posts"}],"about":[{"href":"https:\/\/novosaopaulo.com.br\/n1\/wp-json\/wp\/v2\/types\/post"}],"author":[{"embeddable":true,"href":"https:\/\/novosaopaulo.com.br\/n1\/wp-json\/wp\/v2\/users\/1"}],"replies":[{"embeddable":true,"href":"https:\/\/novosaopaulo.com.br\/n1\/wp-json\/wp\/v2\/comments?post=25748"}],"version-history":[{"count":1,"href":"https:\/\/novosaopaulo.com.br\/n1\/wp-json\/wp\/v2\/posts\/25748\/revisions"}],"predecessor-version":[{"id":25754,"href":"https:\/\/novosaopaulo.com.br\/n1\/wp-json\/wp\/v2\/posts\/25748\/revisions\/25754"}],"wp:featuredmedia":[{"embeddable":true,"href":"https:\/\/novosaopaulo.com.br\/n1\/wp-json\/wp\/v2\/media\/25750"}],"wp:attachment":[{"href":"https:\/\/novosaopaulo.com.br\/n1\/wp-json\/wp\/v2\/media?parent=25748"}],"wp:term":[{"taxonomy":"category","embeddable":true,"href":"https:\/\/novosaopaulo.com.br\/n1\/wp-json\/wp\/v2\/categories?post=25748"},{"taxonomy":"post_tag","embeddable":true,"href":"https:\/\/novosaopaulo.com.br\/n1\/wp-json\/wp\/v2\/tags?post=25748"}],"curies":[{"name":"wp","href":"https:\/\/api.w.org\/{rel}","templated":true}]}}