{"id":25746,"date":"2025-09-04T11:24:51","date_gmt":"2025-09-04T14:24:51","guid":{"rendered":"https:\/\/novosaopaulo.com.br\/n1\/?p=25746"},"modified":"2025-09-04T11:24:52","modified_gmt":"2025-09-04T14:24:52","slug":"agronegocio-brasileiro-ja-produz-o-previsto-para-2029","status":"publish","type":"post","link":"https:\/\/novosaopaulo.com.br\/n1\/agronegocio-brasileiro-ja-produz-o-previsto-para-2029\/","title":{"rendered":"Agroneg\u00f3cio brasileiro j\u00e1 produz o previsto para 2029"},"content":{"rendered":"\n<p>O Brasil colhe agora, em 2025, a safra de gr\u00e3os que previa obter s\u00f3 em 2029. E tamb\u00e9m obtem recordes na produ\u00e7\u00e3o de carnes, produtos florestais e combust\u00edveis. Mas, mesmo operando como esteio da economia nacional, padece de dificuldades de financiamento e log\u00edstica para o escoamento das safras. A for\u00e7a indutora da economia agr\u00edcola est\u00e1 na condi\u00e7\u00e3o clim\u00e1tica da regi\u00e3o, que permitiu o desenvolvimento de m\u00e9todos, tecnologias e suprimentos capazes de garantir a execu\u00e7\u00e3o de tr\u00eas safras por ano, fen\u00f4meno dif\u00edcil em outras regi\u00f5es do planeta. N\u00e3o \u00e9 \u00e0toa que somos observados como celeiro e alternativa para o fornecimento de alimenta\u00e7\u00e3o ao povo, especialmente na China, \u00cdndia e outras regi\u00f5es de grande densidade populacional.<\/p>\n\n\n\n<p>A estimativa da Companhia Nacional de Abastecimento (Conab) aponta que os produtores brasileiros dever\u00e3o colocar este ano no mercado 345,2 milh\u00f5es de toneladas \u2014 alta de 15,6% sobre 2023\/24. A maior produ\u00e7\u00e3o de gr\u00e3os da hist\u00f3ria do Brasil dever\u00e1 ser impulsionada por marcas in\u00e9ditas em produtos como a soja, cuja previs\u00e3o \u00e9 crescer 15% em rela\u00e7\u00e3o \u00e0 safra anterior; o milho, com aumento projetado em 19%; o algod\u00e3o, que deve ter incremento de 7%; o sorgo, com expectativa de salto de 23%; e o amendoim, que deve ter acr\u00e9scimo de 45%, ultrapassando, pela primeira vez, 1 milh\u00e3o de toneladas.<\/p>\n\n\n\n<p>Os n\u00fameros surpreendem at\u00e9 as perspectivas mais otimistas. Um documento com as proje\u00e7\u00f5es do agroneg\u00f3cio nacional elaborado pelo Minist\u00e9rio da Agricultura e Pecu\u00e1ria em parceria com 13 entidades, publicado em 2024, tra\u00e7ou previs\u00f5es de produ\u00e7\u00e3o de gr\u00e3os para dez anos. Pelo levantamento, o Brasil produziria, em 2024\/25, 319 milh\u00f5es de toneladas. Um volume de quase 345 milh\u00f5es, 8% acima da expectativa, s\u00f3 era previsto para 2028\/29.<\/p>\n\n\n\n<p>Fora dos gr\u00e3os, um recorde de produ\u00e7\u00e3o dever\u00e1 ser registrado neste ano em produtos florestais \u2014 alta de pelo menos 11% em rela\u00e7\u00e3o ao ano passado, segundo entidades do setor. Nos combust\u00edveis, o etanol foi o maior j\u00e1 registrado, com 34,96 bilh\u00f5es de litros no ciclo 2024\/25 da cana-de-a\u00e7\u00facar, encerrado em mar\u00e7o \u2014 4,06% acima da safra anterior. J\u00e1 o biodiesel deve crescer 10% em 2025, chegando a 9,9 bilh\u00f5es de litros.<\/p>\n\n\n\n<p>As carnes tamb\u00e9m bateram recordes: em 2024, foram 10,2 milh\u00f5es de toneladas de carne bovina, 14,2% a mais que em 2023; 13,6 milh\u00f5es de toneladas de frango, avan\u00e7o de 2,4%; e 5,3 milh\u00f5es de toneladas de carne su\u00edna, alta de 1,2%. Para 2025, as proje\u00e7\u00f5es indicam novos crescimentos para o frango e os su\u00ednos. Apenas a bovina deve recuar levemente, por menor oferta de novilhas.<\/p>\n\n\n\n<p>Para se ter uma id\u00e9ia do tamanho do p\u00f3lo econ\u00f4mico em que se transformou, estudos e levantamentos revelam que se Mato Grosso fosse um pa\u00eds e n\u00e3o um Estado, seria o terceiro maior produtor de soja do mundo, superado apenas por Brasil e Estados Unidos, pois j\u00e1 superou a Argentina.<\/p>\n\n\n\n<p>Estudos dizem que, mesmo com o tarifa\u00e7o estabelecido pelos Estados Unidos \u2013 50% sobre os produtos brasileiros \u2013 o agroneg\u00f3cio ainda \u00e9 competitivo e lucrativo. Al\u00e9m dos EUA s\u00e3o muitos os pa\u00edses que necessitam de nossas mercadorias para alimentar suas popula\u00e7\u00f5es. Isso sem dizer dos interesses da China e de outras na\u00e7\u00f5es com mercado para receber os gr\u00e3os, a carne, os combust\u00edveis e outros produtos que o Brasil tornou-se gerador avan\u00e7ado.<\/p>\n\n\n\n<p>O agroneg\u00f3cio \u00e9 uma grande for\u00e7a econ\u00f4mica para nosso pa\u00eds. Precisa, no entanto, imunizar-se em rela\u00e7\u00e3o \u00e0s diverg\u00eancias de ordem econ\u00f4micas e principalmente ideol\u00f3gicas para a sua produ\u00e7\u00e3o continuar alavancando o desenvolvimento econ\u00f4mico nacional.<\/p>\n\n\n\n<p>Deve o governo, por seu turno, apressar-se para negociar a solu\u00e7\u00e3o do tarifa\u00e7o com Donald Trump e o estabelecimento de boas rela\u00e7\u00f5es com a Comunidade Europ\u00e9ia e outros organismos que podem ser nossos bons clientes.<\/p>\n\n\n\n<p>Maior por\u00e7\u00e3o territorial sul-americana e titular da maior economia do continente, o Brasil n\u00e3o pode perder-se em discuss\u00f5es ideol\u00f3gicas ou pol\u00edticas \u2013 tanto de esquerda quanto de direita \u2013 e priorizar seu bom relacionamento com os vizinhos sem esquecer do Mercosul (Mercado Comum do Cone Sul), que ainda n\u00e3o decolou por causa das diverg\u00eancias entre seus membros. A movimenta\u00e7\u00e3o dos Estados Unidos sob o governo Trump est\u00e1 preocupando o mundo inteiro. A maioria dos pa\u00edses j\u00e1 negociou suas tarifas com o governo de Washington. Espera-se que o presidente Lula tenha o jogo de cintura suficiente para discutir a quest\u00e3o com o colega norte-americano e saia fora das diverg\u00eancias que os v\u00eam separando. Os dois maiores pa\u00edses das Am\u00e9ricas n\u00e3o devem atuar em separado por mais diferen\u00e7as que tenham a negociar. Se romperem, ambos acumulam preju\u00edzos. Principalmente o nosso Brasil que, temos de reconhecer, \u00e9 o elo mais fraco dessa rela\u00e7\u00e3o.<\/p>\n\n\n\n<p>Tenente Dirceu Cardoso Gon\u00e7alves &#8211; dirigente da ASPOMIL (Associa\u00e7\u00e3o de Assist. Social dos Policiais Militares de S\u00e3o Paulo).<\/p>\n","protected":false},"excerpt":{"rendered":"<p>O Brasil colhe agora, em 2025, a safra de gr\u00e3os que previa obter s\u00f3 em&#8230;<\/p>\n","protected":false},"author":1,"featured_media":23327,"comment_status":"open","ping_status":"open","sticky":false,"template":"","format":"standard","meta":{"footnotes":""},"categories":[2],"tags":[],"featured_image_urls":{"full":["https:\/\/novosaopaulo.com.br\/n1\/wp-content\/uploads\/2025\/04\/Tenente-Dirceu-Cardoso-Goncalves.jpg",600,564,false],"thumbnail":["https:\/\/novosaopaulo.com.br\/n1\/wp-content\/uploads\/2025\/04\/Tenente-Dirceu-Cardoso-Goncalves-150x150.jpg",150,150,true],"medium":["https:\/\/novosaopaulo.com.br\/n1\/wp-content\/uploads\/2025\/04\/Tenente-Dirceu-Cardoso-Goncalves-300x282.jpg",300,282,true],"medium_large":["https:\/\/novosaopaulo.com.br\/n1\/wp-content\/uploads\/2025\/04\/Tenente-Dirceu-Cardoso-Goncalves.jpg",600,564,false],"large":["https:\/\/novosaopaulo.com.br\/n1\/wp-content\/uploads\/2025\/04\/Tenente-Dirceu-Cardoso-Goncalves.jpg",600,564,false],"1536x1536":["https:\/\/novosaopaulo.com.br\/n1\/wp-content\/uploads\/2025\/04\/Tenente-Dirceu-Cardoso-Goncalves.jpg",600,564,false],"2048x2048":["https:\/\/novosaopaulo.com.br\/n1\/wp-content\/uploads\/2025\/04\/Tenente-Dirceu-Cardoso-Goncalves.jpg",600,564,false],"newsever-slider-full":["https:\/\/novosaopaulo.com.br\/n1\/wp-content\/uploads\/2025\/04\/Tenente-Dirceu-Cardoso-Goncalves.jpg",600,564,false],"newsever-featured":["https:\/\/novosaopaulo.com.br\/n1\/wp-content\/uploads\/2025\/04\/Tenente-Dirceu-Cardoso-Goncalves.jpg",600,564,false],"newsever-medium":["https:\/\/novosaopaulo.com.br\/n1\/wp-content\/uploads\/2025\/04\/Tenente-Dirceu-Cardoso-Goncalves-600x475.jpg",600,475,true]},"author_info":{"display_name":"Reda\u00e7\u00e3o","author_link":"https:\/\/novosaopaulo.com.br\/n1\/author\/g5poa\/"},"category_info":"<a href=\"https:\/\/novosaopaulo.com.br\/n1\/category\/cidades\/\" rel=\"category tag\">Cidades<\/a>","tag_info":"Cidades","comment_count":"0","_links":{"self":[{"href":"https:\/\/novosaopaulo.com.br\/n1\/wp-json\/wp\/v2\/posts\/25746"}],"collection":[{"href":"https:\/\/novosaopaulo.com.br\/n1\/wp-json\/wp\/v2\/posts"}],"about":[{"href":"https:\/\/novosaopaulo.com.br\/n1\/wp-json\/wp\/v2\/types\/post"}],"author":[{"embeddable":true,"href":"https:\/\/novosaopaulo.com.br\/n1\/wp-json\/wp\/v2\/users\/1"}],"replies":[{"embeddable":true,"href":"https:\/\/novosaopaulo.com.br\/n1\/wp-json\/wp\/v2\/comments?post=25746"}],"version-history":[{"count":1,"href":"https:\/\/novosaopaulo.com.br\/n1\/wp-json\/wp\/v2\/posts\/25746\/revisions"}],"predecessor-version":[{"id":25747,"href":"https:\/\/novosaopaulo.com.br\/n1\/wp-json\/wp\/v2\/posts\/25746\/revisions\/25747"}],"wp:featuredmedia":[{"embeddable":true,"href":"https:\/\/novosaopaulo.com.br\/n1\/wp-json\/wp\/v2\/media\/23327"}],"wp:attachment":[{"href":"https:\/\/novosaopaulo.com.br\/n1\/wp-json\/wp\/v2\/media?parent=25746"}],"wp:term":[{"taxonomy":"category","embeddable":true,"href":"https:\/\/novosaopaulo.com.br\/n1\/wp-json\/wp\/v2\/categories?post=25746"},{"taxonomy":"post_tag","embeddable":true,"href":"https:\/\/novosaopaulo.com.br\/n1\/wp-json\/wp\/v2\/tags?post=25746"}],"curies":[{"name":"wp","href":"https:\/\/api.w.org\/{rel}","templated":true}]}}