{"id":25731,"date":"2025-09-03T13:34:24","date_gmt":"2025-09-03T16:34:24","guid":{"rendered":"https:\/\/novosaopaulo.com.br\/n1\/?p=25731"},"modified":"2025-09-03T13:34:24","modified_gmt":"2025-09-03T16:34:24","slug":"roda-mundo-inicia-circulacao-de-projeto-de-30-anos-na-opereta","status":"publish","type":"post","link":"https:\/\/novosaopaulo.com.br\/n1\/roda-mundo-inicia-circulacao-de-projeto-de-30-anos-na-opereta\/","title":{"rendered":"Roda Mundo inicia circula\u00e7\u00e3o de projeto de 30 anos na Opereta"},"content":{"rendered":"\n<p>Companhia teatral apresenta VidAruanA, nos dias 4 e 5 de setembro, \u00e0s 20h; grupo passar\u00e1 por outros quatro bairros perif\u00e9ricos com pe\u00e7a infantil, oficinas e rodas de conversa<\/p>\n\n\n\n<p>A Cia.Teatro Roda Mundo, de Po\u00e1-SP, dar\u00e1 in\u00edcio nesta semana a circula\u00e7\u00e3o de seu projeto de 30 anos com dois espet\u00e1culos e uma oficina entre os meses de setembro e outubro. A primeira atividade ser\u00e1 a reapresenta\u00e7\u00e3o de\u201cVidAruanA\u201d no Espa\u00e7o Cultural Opereta, na Vila Sopreter em duas datas: 4 e 5 de setembro, \u00e0s 20 horas, com entrada gratu\u00edta.<\/p>\n\n\n\n<p>VidAruanA \u00e9 um projeto premiado pelo ProAC 2021\/2022, que mescla teatro de sombras e m\u00fasica ao vivo para tratar de temas como preserva\u00e7\u00e3o ambiental, ancestralidade, pertencimento e a for\u00e7a dos saberes populares. Voltado a todos os p\u00fablicos, com linguagem acess\u00edvel e envolvente. Todas as apresenta\u00e7\u00f5es deste espet\u00e1culo ser\u00e3o realizadas no Espa\u00e7o Cultural Opereta, local hist\u00f3rico de ensaios, forma\u00e7\u00f5es e apresenta\u00e7\u00f5es da companhia, com estrutura t\u00e9cnica e acessibilidade. Nas duas sess\u00f5es, o p\u00fablico ainda poder\u00e1 participar de uma roda de conversa com o elenco e produ\u00e7\u00e3o para saber mais sobre o processo de cria\u00e7\u00e3o art\u00edstica. A apresenta\u00e7\u00e3o do dia 5 ser\u00e1 oferecida com audiodescri\u00e7\u00e3o para pessoas com defici\u00eancia visual e alunos de escolas p\u00fablicas.<\/p>\n\n\n\n<p>Pr\u00f3ximas datas<\/p>\n\n\n\n<p>Ainda em setembro, a companhia teatral estar\u00e1 na Cidade Kemel com a pe\u00e7a infantil \u201cO Flautista de Hamelin\u201d, no dia 14, \u00e0s 17 horas, na Associa\u00e7\u00e3o Cultural N\u00facleo de Teatro Amador Fazer Acontecer. Antes, a partir das 14 horas, integrantes do grupo ir\u00e3o ministrar uma Oficina de Teatro de Bonecos para interessados em geral. Dia 16, tamb\u00e9m na Opereta, haver\u00e1 Forma\u00e7\u00e3o em Acessibilidade para grupos art\u00edsticos do Alto Tiet\u00ea, das 19h \u00e0s 20h30, com orienta\u00e7\u00e3o de Let\u00edcia Oliveira.<\/p>\n\n\n\n<p>E no dia 26 deste m\u00eas, um workshop de Teatro para pessoas com defici\u00eancia visual, feito no CADEVIP &#8211; Centro de Apoio ao Deficiente Visual de Po\u00e1, a partir das 16h30.<\/p>\n\n\n\n<p>Em outubro, o espet\u00e1culo de bonecos seguir\u00e1 para a Escola Municipal de Educa\u00e7\u00e3o B\u00e1sica Professora Josefina Costa Calderaro, no Jardim Selma Helena, para a sede da Associa\u00e7\u00e3o de Moradores da Vila S\u00e3o Francisco e uma apresenta\u00e7\u00e3o no Bosque do Jardim Nova Po\u00e1.<\/p>\n\n\n\n<p>Todas as apresenta\u00e7\u00f5es teatrais deste projeto de circula\u00e7\u00e3o contar\u00e3o com abafadores de ru\u00eddo para quem tem sensibilidade auditiva.<\/p>\n\n\n\n<p>Parcerias<\/p>\n\n\n\n<p>O projeto \u201cCia. Teatro Roda Mundo: 30 Anos Circulando Arte Por Toda<\/p>\n\n\n\n<p>Parte\u201d foi contemplado pelo Edital 03\/2025 &#8211; PNAB \u2013 Pol\u00edtica Nacional Aldir Blanc realizado pela Secretaria de Cultura de Po\u00e1 e Minist\u00e9rio da Cultura e tem apoio da Associa\u00e7\u00e3o Cultural Opereta, Secretaria de Educa\u00e7\u00e3o e Secretaria do Meio Ambiente de Po\u00e1.<\/p>\n\n\n\n<p>A Cia. Teatro Roda Mundo aproveita o momento tamb\u00e9m para celebrar o recente reconhecimento como Ponto de Cultura Teatro Roda Mundo contemplado pelo Edital 47\/2024 do ProAC da Secretaria da Cultura, Economia e Ind\u00fastria Criativas do Estado de S\u00e3o Paulo.<\/p>\n","protected":false},"excerpt":{"rendered":"<p>Companhia teatral apresenta VidAruanA, nos dias 4 e 5 de setembro, \u00e0s 20h; grupo passar\u00e1&#8230;<\/p>\n","protected":false},"author":1,"featured_media":25732,"comment_status":"open","ping_status":"open","sticky":false,"template":"","format":"standard","meta":{"footnotes":""},"categories":[2],"tags":[],"featured_image_urls":{"full":["https:\/\/novosaopaulo.com.br\/n1\/wp-content\/uploads\/2025\/09\/WhatsApp-Image-2025-09-03-at-09.59.47.jpeg",1080,720,false],"thumbnail":["https:\/\/novosaopaulo.com.br\/n1\/wp-content\/uploads\/2025\/09\/WhatsApp-Image-2025-09-03-at-09.59.47-150x150.jpeg",150,150,true],"medium":["https:\/\/novosaopaulo.com.br\/n1\/wp-content\/uploads\/2025\/09\/WhatsApp-Image-2025-09-03-at-09.59.47-300x200.jpeg",300,200,true],"medium_large":["https:\/\/novosaopaulo.com.br\/n1\/wp-content\/uploads\/2025\/09\/WhatsApp-Image-2025-09-03-at-09.59.47-768x512.jpeg",640,427,true],"large":["https:\/\/novosaopaulo.com.br\/n1\/wp-content\/uploads\/2025\/09\/WhatsApp-Image-2025-09-03-at-09.59.47-1024x683.jpeg",640,427,true],"1536x1536":["https:\/\/novosaopaulo.com.br\/n1\/wp-content\/uploads\/2025\/09\/WhatsApp-Image-2025-09-03-at-09.59.47.jpeg",1080,720,false],"2048x2048":["https:\/\/novosaopaulo.com.br\/n1\/wp-content\/uploads\/2025\/09\/WhatsApp-Image-2025-09-03-at-09.59.47.jpeg",1080,720,false],"newsever-slider-full":["https:\/\/novosaopaulo.com.br\/n1\/wp-content\/uploads\/2025\/09\/WhatsApp-Image-2025-09-03-at-09.59.47.jpeg",1080,720,false],"newsever-featured":["https:\/\/novosaopaulo.com.br\/n1\/wp-content\/uploads\/2025\/09\/WhatsApp-Image-2025-09-03-at-09.59.47-1024x683.jpeg",1024,683,true],"newsever-medium":["https:\/\/novosaopaulo.com.br\/n1\/wp-content\/uploads\/2025\/09\/WhatsApp-Image-2025-09-03-at-09.59.47-720x475.jpeg",720,475,true]},"author_info":{"display_name":"Reda\u00e7\u00e3o","author_link":"https:\/\/novosaopaulo.com.br\/n1\/author\/g5poa\/"},"category_info":"<a href=\"https:\/\/novosaopaulo.com.br\/n1\/category\/cidades\/\" rel=\"category tag\">Cidades<\/a>","tag_info":"Cidades","comment_count":"0","_links":{"self":[{"href":"https:\/\/novosaopaulo.com.br\/n1\/wp-json\/wp\/v2\/posts\/25731"}],"collection":[{"href":"https:\/\/novosaopaulo.com.br\/n1\/wp-json\/wp\/v2\/posts"}],"about":[{"href":"https:\/\/novosaopaulo.com.br\/n1\/wp-json\/wp\/v2\/types\/post"}],"author":[{"embeddable":true,"href":"https:\/\/novosaopaulo.com.br\/n1\/wp-json\/wp\/v2\/users\/1"}],"replies":[{"embeddable":true,"href":"https:\/\/novosaopaulo.com.br\/n1\/wp-json\/wp\/v2\/comments?post=25731"}],"version-history":[{"count":1,"href":"https:\/\/novosaopaulo.com.br\/n1\/wp-json\/wp\/v2\/posts\/25731\/revisions"}],"predecessor-version":[{"id":25733,"href":"https:\/\/novosaopaulo.com.br\/n1\/wp-json\/wp\/v2\/posts\/25731\/revisions\/25733"}],"wp:featuredmedia":[{"embeddable":true,"href":"https:\/\/novosaopaulo.com.br\/n1\/wp-json\/wp\/v2\/media\/25732"}],"wp:attachment":[{"href":"https:\/\/novosaopaulo.com.br\/n1\/wp-json\/wp\/v2\/media?parent=25731"}],"wp:term":[{"taxonomy":"category","embeddable":true,"href":"https:\/\/novosaopaulo.com.br\/n1\/wp-json\/wp\/v2\/categories?post=25731"},{"taxonomy":"post_tag","embeddable":true,"href":"https:\/\/novosaopaulo.com.br\/n1\/wp-json\/wp\/v2\/tags?post=25731"}],"curies":[{"name":"wp","href":"https:\/\/api.w.org\/{rel}","templated":true}]}}