{"id":25723,"date":"2025-09-02T22:26:07","date_gmt":"2025-09-03T01:26:07","guid":{"rendered":"https:\/\/novosaopaulo.com.br\/n1\/?p=25723"},"modified":"2025-09-02T22:26:07","modified_gmt":"2025-09-03T01:26:07","slug":"rodrigo-garcia-fernando-montoro-paulo-serra-e-centenas-de-prefeitos-prestigiam-lancamento-de-livro-de-marco-vinholi-sobre-regionalizacao-de-sp","status":"publish","type":"post","link":"https:\/\/novosaopaulo.com.br\/n1\/rodrigo-garcia-fernando-montoro-paulo-serra-e-centenas-de-prefeitos-prestigiam-lancamento-de-livro-de-marco-vinholi-sobre-regionalizacao-de-sp\/","title":{"rendered":"Rodrigo Garcia, Fernando Montoro, Paulo Serra e centenas de prefeitos prestigiam lan\u00e7amento de livro de Marco Vinholi sobre regionaliza\u00e7\u00e3o de SP"},"content":{"rendered":"\n<p>Mais de 500 pessoas, entre lideran\u00e7as pol\u00edticas e representantes de classe, marcaram presen\u00e7a na sess\u00e3o de aut\u00f3grafos, no Shopping Iguatemi; deputado federal Arnaldo Jardim e Fred Guidoni, presidente da APM, assinam pref\u00e1cio<\/p>\n\n\n\n<p>O lan\u00e7amento do livro \u201cNova Regionaliza\u00e7\u00e3o de S\u00e3o Paulo \u2013 Governan\u00e7a, Participa\u00e7\u00e3o e Financiamento\u201d atraiu mais de 500 pessoas \u00e0 Livraria Travessa, do Shopping Iguatemi, na capital. A sess\u00e3o de aut\u00f3grafos da obra de Marco Vinholi, diretor-t\u00e9cnico do Sebrae-SP, rolou prestigiada, do in\u00edcio ao fim, na ter\u00e7a-feira (26\/8). S\u00f3 de exemplares, 300 foram vendidos, na oportunidade, que contou com a presen\u00e7a de nomes de relevo da Pol\u00edtica bandeirante, como o do ex-governador Rodrigo Garcia (sem partido) e do atual presidente da Executiva Estadual do PSDB de S\u00e3o Paulo, o ex-prefeito de Santo Andr\u00e9-SP Paulo Serra.<\/p>\n\n\n\n<p>Tamb\u00e9m passaram pelo lan\u00e7amento Fernando Montoro, filho de Andr\u00e9 Franco Montoro, governador de S\u00e3o Paulo de 1983 a 1987; o empres\u00e1rio Raul Doria, irm\u00e3o do ex-governador de S\u00e3o Paulo Jo\u00e3o Doria (sem partido); os ex-secret\u00e1rios de Estado C\u00e9lia Le\u00e3o (Direitos da Pessoa com Defici\u00eancia) e Jean Gorenstein (Sa\u00fade); e Geraldo Vinholi, ex-deputado estadual e ex-prefeito de Catanduva-SP.<\/p>\n\n\n\n<p>Entre as centenas de pessoas presentes na Livraria Travessa, do Shopping Iguatemi, estavam prefeitos e ex-prefeitos paulistas, vereadores e representantes de entidades afins com Gest\u00e3o P\u00fablica e Empreendedorismo, \u00e1reas de atua\u00e7\u00e3o de Vinholi, ex-deputado estadual e ex-secret\u00e1rio de Estado de Desenvolvimento Regional.<\/p>\n\n\n\n<p>Com 143 p\u00e1ginas e editado pela Ex-Libris Comunica\u00e7\u00e3o Integrada, \u201cNova Regionaliza\u00e7\u00e3o de S\u00e3o Paulo \u2013 Governan\u00e7a, Participa\u00e7\u00e3o e Financiamento\u201d sugere uma nova disposi\u00e7\u00e3o administrativa do solo bandeirante, levando em considera\u00e7\u00e3o as caracter\u00edsticas dos munic\u00edpios e das regi\u00f5es:<\/p>\n\n\n\n<p>\u201cComo diria (Franco) Montoro, as pessoas moram nas cidades, mas vivem regionalmente. Grande parte dos problemas e das solu\u00e7\u00f5es s\u00e3o, ent\u00e3o, de ordem regional. Desta forma, no decorrer do livro, defendo que S\u00e3o Paulo valorize as singularidades de 32 unidades regionais e a interdepend\u00eancia entre elas\u201d.<\/p>\n\n\n\n<p>Com pref\u00e1cios do deputado federal Arnaldo Jardim (Cidadania-SP) e do presidente da Associa\u00e7\u00e3o Paulista dos Munic\u00edpios (APM), Fred Guidoni, a obra tem como base a tese que o autor defendeu no mestrado que cursou em Gest\u00e3o P\u00fablica, na Funda\u00e7\u00e3o Get\u00falio Vargas (FGV), e no Projeto de Lei Complementar (PLC) 14\/2022, que prop\u00f5e uma nova regionaliza\u00e7\u00e3o para o estado paulista.<\/p>\n\n\n\n<p>O livro segue \u00e0 venda na Livraria Travessa, do Shopping Iguatemi, a R$ 40 &#8211; valor promocional de lan\u00e7amento.<\/p>\n\n\n\n<p>Sobre o autor<br>Marco Vinholi tem 40 anos, \u00e9 diretor-t\u00e9cnico do Sebrae no estado de S\u00e3o Paulo e membro do Conselho de Inova\u00e7\u00e3o da Universidade de S\u00e3o Paulo (USP) e do Conselho Regional do Servi\u00e7o Social da Ind\u00fastria (Sesi).<\/p>\n\n\n\n<p>Mestre em Gest\u00e3o P\u00fablica, pela FGV, \u00e9 mestrando em Empreendedorismo, na USP; p\u00f3s-graduado em Lideran\u00e7a e Inova\u00e7\u00e3o, pela FGV; especialista em Comunica\u00e7\u00e3o, pela Harvard University (Estados Unidos); e graduado em Administra\u00e7\u00e3o de Empresas, pela Pontif\u00edcia Universidade Cat\u00f3lica (PUC) S\u00e3o Paulo.<\/p>\n\n\n\n<p>Vinholi tamb\u00e9m \u00e9 organizador e autor do livro \u201cO Novo Municipalismo\u201d (2021).<\/p>\n\n\n\n<figure class=\"wp-block-gallery has-nested-images columns-default is-cropped wp-block-gallery-1 is-layout-flex wp-block-gallery-is-layout-flex\">\n<figure class=\"wp-block-image size-large\"><a href=\"https:\/\/novosaopaulo.com.br\/n1\/wp-content\/uploads\/2025\/09\/WhatsApp-Image-2025-09-02-at-22.22.12.jpeg\"><img fetchpriority=\"high\" decoding=\"async\" width=\"800\" height=\"533\" data-id=\"25729\" src=\"https:\/\/novosaopaulo.com.br\/n1\/wp-content\/uploads\/2025\/09\/WhatsApp-Image-2025-09-02-at-22.22.12.jpeg\" alt=\"\" class=\"wp-image-25729\" srcset=\"https:\/\/novosaopaulo.com.br\/n1\/wp-content\/uploads\/2025\/09\/WhatsApp-Image-2025-09-02-at-22.22.12.jpeg 800w, https:\/\/novosaopaulo.com.br\/n1\/wp-content\/uploads\/2025\/09\/WhatsApp-Image-2025-09-02-at-22.22.12-300x200.jpeg 300w, https:\/\/novosaopaulo.com.br\/n1\/wp-content\/uploads\/2025\/09\/WhatsApp-Image-2025-09-02-at-22.22.12-768x512.jpeg 768w\" sizes=\"(max-width: 800px) 100vw, 800px\" \/><\/a><\/figure>\n\n\n\n<figure class=\"wp-block-image size-large\"><a href=\"https:\/\/novosaopaulo.com.br\/n1\/wp-content\/uploads\/2025\/09\/WhatsApp-Image-2025-09-02-at-22.22.11.jpeg\"><img decoding=\"async\" width=\"800\" height=\"533\" data-id=\"25727\" src=\"https:\/\/novosaopaulo.com.br\/n1\/wp-content\/uploads\/2025\/09\/WhatsApp-Image-2025-09-02-at-22.22.11.jpeg\" alt=\"\" class=\"wp-image-25727\" srcset=\"https:\/\/novosaopaulo.com.br\/n1\/wp-content\/uploads\/2025\/09\/WhatsApp-Image-2025-09-02-at-22.22.11.jpeg 800w, https:\/\/novosaopaulo.com.br\/n1\/wp-content\/uploads\/2025\/09\/WhatsApp-Image-2025-09-02-at-22.22.11-300x200.jpeg 300w, https:\/\/novosaopaulo.com.br\/n1\/wp-content\/uploads\/2025\/09\/WhatsApp-Image-2025-09-02-at-22.22.11-768x512.jpeg 768w\" sizes=\"(max-width: 800px) 100vw, 800px\" \/><\/a><\/figure>\n\n\n\n<figure class=\"wp-block-image size-large\"><a href=\"https:\/\/novosaopaulo.com.br\/n1\/wp-content\/uploads\/2025\/09\/WhatsApp-Image-2025-09-02-at-22.22.11-3.jpeg\"><img decoding=\"async\" width=\"800\" height=\"533\" data-id=\"25728\" src=\"https:\/\/novosaopaulo.com.br\/n1\/wp-content\/uploads\/2025\/09\/WhatsApp-Image-2025-09-02-at-22.22.11-3.jpeg\" alt=\"\" class=\"wp-image-25728\" srcset=\"https:\/\/novosaopaulo.com.br\/n1\/wp-content\/uploads\/2025\/09\/WhatsApp-Image-2025-09-02-at-22.22.11-3.jpeg 800w, https:\/\/novosaopaulo.com.br\/n1\/wp-content\/uploads\/2025\/09\/WhatsApp-Image-2025-09-02-at-22.22.11-3-300x200.jpeg 300w, https:\/\/novosaopaulo.com.br\/n1\/wp-content\/uploads\/2025\/09\/WhatsApp-Image-2025-09-02-at-22.22.11-3-768x512.jpeg 768w\" sizes=\"(max-width: 800px) 100vw, 800px\" \/><\/a><\/figure>\n\n\n\n<figure class=\"wp-block-image size-large\"><a href=\"https:\/\/novosaopaulo.com.br\/n1\/wp-content\/uploads\/2025\/09\/WhatsApp-Image-2025-09-02-at-22.22.11-2.jpeg\"><img loading=\"lazy\" decoding=\"async\" width=\"640\" height=\"427\" data-id=\"25725\" src=\"https:\/\/novosaopaulo.com.br\/n1\/wp-content\/uploads\/2025\/09\/WhatsApp-Image-2025-09-02-at-22.22.11-2.jpeg\" alt=\"\" class=\"wp-image-25725\" srcset=\"https:\/\/novosaopaulo.com.br\/n1\/wp-content\/uploads\/2025\/09\/WhatsApp-Image-2025-09-02-at-22.22.11-2.jpeg 640w, https:\/\/novosaopaulo.com.br\/n1\/wp-content\/uploads\/2025\/09\/WhatsApp-Image-2025-09-02-at-22.22.11-2-300x200.jpeg 300w\" sizes=\"(max-width: 640px) 100vw, 640px\" \/><\/a><\/figure>\n\n\n\n<figure class=\"wp-block-image size-large\"><a href=\"https:\/\/novosaopaulo.com.br\/n1\/wp-content\/uploads\/2025\/09\/WhatsApp-Image-2025-09-02-at-22.22.11-1.jpeg\"><img loading=\"lazy\" decoding=\"async\" width=\"640\" height=\"427\" data-id=\"25726\" src=\"https:\/\/novosaopaulo.com.br\/n1\/wp-content\/uploads\/2025\/09\/WhatsApp-Image-2025-09-02-at-22.22.11-1.jpeg\" alt=\"\" class=\"wp-image-25726\" srcset=\"https:\/\/novosaopaulo.com.br\/n1\/wp-content\/uploads\/2025\/09\/WhatsApp-Image-2025-09-02-at-22.22.11-1.jpeg 640w, https:\/\/novosaopaulo.com.br\/n1\/wp-content\/uploads\/2025\/09\/WhatsApp-Image-2025-09-02-at-22.22.11-1-300x200.jpeg 300w\" sizes=\"(max-width: 640px) 100vw, 640px\" \/><\/a><\/figure>\n<\/figure>\n","protected":false},"excerpt":{"rendered":"<p>Mais de 500 pessoas, entre lideran\u00e7as pol\u00edticas e representantes de classe, marcaram presen\u00e7a na sess\u00e3o&#8230;<\/p>\n","protected":false},"author":1,"featured_media":25724,"comment_status":"open","ping_status":"open","sticky":false,"template":"","format":"standard","meta":{"footnotes":""},"categories":[2],"tags":[],"featured_image_urls":{"full":["https:\/\/novosaopaulo.com.br\/n1\/wp-content\/uploads\/2025\/09\/WhatsApp-Image-2025-09-02-at-22.22.10.jpeg",1600,1066,false],"thumbnail":["https:\/\/novosaopaulo.com.br\/n1\/wp-content\/uploads\/2025\/09\/WhatsApp-Image-2025-09-02-at-22.22.10-150x150.jpeg",150,150,true],"medium":["https:\/\/novosaopaulo.com.br\/n1\/wp-content\/uploads\/2025\/09\/WhatsApp-Image-2025-09-02-at-22.22.10-300x200.jpeg",300,200,true],"medium_large":["https:\/\/novosaopaulo.com.br\/n1\/wp-content\/uploads\/2025\/09\/WhatsApp-Image-2025-09-02-at-22.22.10-768x512.jpeg",640,427,true],"large":["https:\/\/novosaopaulo.com.br\/n1\/wp-content\/uploads\/2025\/09\/WhatsApp-Image-2025-09-02-at-22.22.10-1024x682.jpeg",640,426,true],"1536x1536":["https:\/\/novosaopaulo.com.br\/n1\/wp-content\/uploads\/2025\/09\/WhatsApp-Image-2025-09-02-at-22.22.10-1536x1023.jpeg",1536,1023,true],"2048x2048":["https:\/\/novosaopaulo.com.br\/n1\/wp-content\/uploads\/2025\/09\/WhatsApp-Image-2025-09-02-at-22.22.10.jpeg",1600,1066,false],"newsever-slider-full":["https:\/\/novosaopaulo.com.br\/n1\/wp-content\/uploads\/2025\/09\/WhatsApp-Image-2025-09-02-at-22.22.10-1280x845.jpeg",1280,845,true],"newsever-featured":["https:\/\/novosaopaulo.com.br\/n1\/wp-content\/uploads\/2025\/09\/WhatsApp-Image-2025-09-02-at-22.22.10-1024x682.jpeg",1024,682,true],"newsever-medium":["https:\/\/novosaopaulo.com.br\/n1\/wp-content\/uploads\/2025\/09\/WhatsApp-Image-2025-09-02-at-22.22.10-720x475.jpeg",720,475,true]},"author_info":{"display_name":"Reda\u00e7\u00e3o","author_link":"https:\/\/novosaopaulo.com.br\/n1\/author\/g5poa\/"},"category_info":"<a href=\"https:\/\/novosaopaulo.com.br\/n1\/category\/cidades\/\" rel=\"category tag\">Cidades<\/a>","tag_info":"Cidades","comment_count":"0","_links":{"self":[{"href":"https:\/\/novosaopaulo.com.br\/n1\/wp-json\/wp\/v2\/posts\/25723"}],"collection":[{"href":"https:\/\/novosaopaulo.com.br\/n1\/wp-json\/wp\/v2\/posts"}],"about":[{"href":"https:\/\/novosaopaulo.com.br\/n1\/wp-json\/wp\/v2\/types\/post"}],"author":[{"embeddable":true,"href":"https:\/\/novosaopaulo.com.br\/n1\/wp-json\/wp\/v2\/users\/1"}],"replies":[{"embeddable":true,"href":"https:\/\/novosaopaulo.com.br\/n1\/wp-json\/wp\/v2\/comments?post=25723"}],"version-history":[{"count":1,"href":"https:\/\/novosaopaulo.com.br\/n1\/wp-json\/wp\/v2\/posts\/25723\/revisions"}],"predecessor-version":[{"id":25730,"href":"https:\/\/novosaopaulo.com.br\/n1\/wp-json\/wp\/v2\/posts\/25723\/revisions\/25730"}],"wp:featuredmedia":[{"embeddable":true,"href":"https:\/\/novosaopaulo.com.br\/n1\/wp-json\/wp\/v2\/media\/25724"}],"wp:attachment":[{"href":"https:\/\/novosaopaulo.com.br\/n1\/wp-json\/wp\/v2\/media?parent=25723"}],"wp:term":[{"taxonomy":"category","embeddable":true,"href":"https:\/\/novosaopaulo.com.br\/n1\/wp-json\/wp\/v2\/categories?post=25723"},{"taxonomy":"post_tag","embeddable":true,"href":"https:\/\/novosaopaulo.com.br\/n1\/wp-json\/wp\/v2\/tags?post=25723"}],"curies":[{"name":"wp","href":"https:\/\/api.w.org\/{rel}","templated":true}]}}