{"id":25716,"date":"2025-09-02T15:23:51","date_gmt":"2025-09-02T18:23:51","guid":{"rendered":"https:\/\/novosaopaulo.com.br\/n1\/?p=25716"},"modified":"2025-09-02T15:23:52","modified_gmt":"2025-09-02T18:23:52","slug":"pela-primeira-vez-em-suzano-geni-nunez-encanta-o-publico-e-transforma-abertura-do-ii-festival-sementeia-em-noite-memoravel","status":"publish","type":"post","link":"https:\/\/novosaopaulo.com.br\/n1\/pela-primeira-vez-em-suzano-geni-nunez-encanta-o-publico-e-transforma-abertura-do-ii-festival-sementeia-em-noite-memoravel\/","title":{"rendered":"Pela primeira vez em Suzano, Geni Nu\u00f1ez encanta o p\u00fablico e transforma abertura do II Festival Sementeia em noite memor\u00e1vel"},"content":{"rendered":"\n<p>Psic\u00f3loga e ativista guarani chamou a aten\u00e7\u00e3o para a necessidade de questionar as monoculturas do pensamento; programa\u00e7\u00e3o do Festival segue florescendo at\u00e9 o dia 12 de setembro<\/p>\n\n\n\n<p>A fala gentil e suave de Geni Nu\u00f1ez soou estrondosa entre as presen\u00e7as atentas da sala Orlando Di Genova, no Centro Cultural Francisco Moriconi, em Suzano, para a abertura da segunda edi\u00e7\u00e3o do Festival Sementeia nessa segunda-feira (1\/9). Ao compartilhar seus escritos, resultados de pesquisa e experi\u00eancias obtidas a partir da ideia de descoloniza\u00e7\u00e3o dos afetos, tema que atravessa sua vida e obra, a psic\u00f3loga e ativista ind\u00edgena guarani deu o tom do que esperar para os pr\u00f3ximos dias de evento, que segue at\u00e9 o dia 12 de setembro na cidade: um espa\u00e7o no qual o protagonismo feminino art\u00edstico e criativo \u00e9 convidado e estimulado a florescer.<\/p>\n\n\n\n<p>Doutora pelo Programa de P\u00f3s-gradua\u00e7\u00e3o Interdisciplinar em Ci\u00eancias Humanas da Universidade Federal de Santa Catarina (PPGICH\/UFSC), Geni prop\u00f5e desafiar os dogmas da academia com a sabedoria ancestral que carrega. Sua escrita, assim como fala, vem acompanhada de termos, express\u00f5es, ora\u00e7\u00f5es e hist\u00f3rias que nos permitem questionar a vers\u00e3o \u00fanica que nos foi contada e imposta, desde a coloniza\u00e7\u00e3o, sobre nossos corpos, identidades e exist\u00eancias no mundo. \u201cSe a coloniza\u00e7\u00e3o n\u00e3o acabou, n\u00f3s tamb\u00e9m continuamos aqui\u201d, afirmou logo no in\u00edcio da fala, explicando que reflorestar o imagin\u00e1rio \u00e9 justamente desconfiar de tudo aquilo que se apresenta para n\u00f3s como uno, e incentivando \u201co reconhecimento de outras exist\u00eancias que tornam a nossa vida poss\u00edvel no mundo\u201d.<\/p>\n\n\n\n<p>O tema proposto por Geni para a conversa, mediada pela psic\u00f3loga suzanense Endil Oliveira, \u00e9 interseccional, e apresenta o recorte de g\u00eanero e as dualidades impostas pela cisheteronormatividade como uma instrumentaliza\u00e7\u00e3o perigosa para a vida das mulheres e popula\u00e7\u00e3o LGBTQIAP+. \u201c\u00c9 com assombro que percebo que viol\u00eancias s\u00e3o praticadas em nome do que se diz ser amor; ent\u00e3o mais do que expor essas viol\u00eancias, \u00e9 preciso questionar que tipo de amor amor \u00e9 esse, que \u00e9tica \u00e9 essa\u201d, pontua. \u201cUm sistema que n\u00e3o aceita o \u2018tamb\u00e9m\u2019, que pela norma estabelece desvios e imp\u00f5e hierarquias entre pessoas \u00e9 um sistema parasit\u00e1rio\u201d, ela afirma. \u201cNem tudo aquilo que nos foi negado \u00e9 bom, ent\u00e3o antes de pedir perd\u00e3o, a gente precisa ver se concorda com o que \u00e9 imposto como pecado\u201d.<\/p>\n\n\n\n<p>A atmosfera foi de celebra\u00e7\u00e3o e resist\u00eancia. Na abertura, a acessibilidade em Libras realizada pela equipe AcessaHabilidade, garantiu inclus\u00e3o e tamb\u00e9m simbolizou o cuidado do Festival em fazer da arte um espa\u00e7o de acolhimento real. Em plena segunda-feira, o p\u00fablico preencheu a sala, num gesto de mobiliza\u00e7\u00e3o coletiva que refor\u00e7ou a for\u00e7a e o desejo por iniciativas conduzidas por e para mulheres. Criado para celebrar a pot\u00eancia da arte feminina em Suzano, o Festival Sementeia contou ainda na abertura de sua segunda edi\u00e7\u00e3o com a apresenta\u00e7\u00e3o da artista e poeta Bel Jaccoub. Com o t\u00edtulo \u201cM\u00c3Enifesto &#8211; Tent\u00e1culo I\u201d, Bel deu boas-vindas, acolheu e integrou quem estava com um abra\u00e7o sens\u00edvel em sua performance.<\/p>\n\n\n\n<p>Al\u00e9m da palestra e da performance, a noite tamb\u00e9m trouxe uma feira de produtos feitos por mulheres da regi\u00e3o, que transformou o hall do Centro Cultural em um verdadeiro espa\u00e7o de encontro e trocas afetivas. Esse momento de conviv\u00eancia refor\u00e7ou o esp\u00edrito de fortalecimento m\u00fatuo que orienta o Festival, funcionando como um ritual de partilha e recarga de energias para os dias que vir\u00e3o.<\/p>\n\n\n\n<p>Celebra\u00e7\u00e3o, pol\u00edtica e afeto<br>Com produ\u00e7\u00e3o e curadoria toda assinada por mulheres e uma programa\u00e7\u00e3o voltada a toda comunidade, a idealizadora do projeto, Tuane Vieira, ressaltou a import\u00e2ncia dessa iniciativa ser amparada justamente por uma pol\u00edtica p\u00fablica de acesso e fomento \u00e0 cultura, que \u00e9 a Aldir Blanc, e chamou o p\u00fablico para se atentar a essas quest\u00f5es. \u201cO Festival Sementeia veio para plantar essa ideia, de que h\u00e1 um caminho diferente para se fazer arte e cultura, em que inclus\u00e3o, diversidade e oportunidade s\u00e3o garantias de uma exist\u00eancia pautada pela a\u00e7\u00e3o \u00e9tica e pol\u00edtica em sociedade\u201d, afirmou.<\/p>\n\n\n\n<p>A programa\u00e7\u00e3o, que conta com multi artistas locais e regionais de diversos segmentos, re\u00fane mais de 10 atividades, oferecendo um equil\u00edbrio entre forma\u00e7\u00f5es, debates e apresenta\u00e7\u00f5es art\u00edsticas. Al\u00e9m de acontecer em v\u00e1rios espa\u00e7os culturais da cidade, como o CEU Gard\u00eania, o Centro Cultural Colorado e o Casar\u00e3o das Artes, h\u00e1 tamb\u00e9m programa\u00e7\u00e3o online, ampliando o alcance do debate, de maneira descentralizada e tudo com acesso gratuito. \u00c9 o caso do bate-papo sobre produ\u00e7\u00e3o de conte\u00fado por mulheres reais, com Daylanne Cerqueira (@daylanecerqueira), influencer e bailarina, direto de Salvador\/BA. A atividade acontece no perfil Festival no Instagram, @festival_sementeia, com media\u00e7\u00e3o da atriz, militante negra e influenciadora suzanense, Anna Fl\u00e1via Macedo (@annaflavia.macedo).<\/p>\n\n\n\n<p>Outros destaques s\u00e3o o espet\u00e1culo de dan\u00e7a \u201cTropicana(s)\u201d, com a Cia. Deux (04\/09); a oficina \u201cLaborat\u00f3rio de Escuta de Imagens\u201d, com a arte-educadora Elidayana Alexandrino (04\/09); o bate-papo \u201cO papel dos contos de fadas na forma\u00e7\u00e3o e autonomia feminina\u201d, com o Coletivo Atreva-se, a psic\u00f3loga Victoria Rodrigues e media\u00e7\u00e3o da professora Fl\u00e1via Gon\u00e7alves (05\/09); e o show musical da cantora Sati\u00ea (05\/09). A programa\u00e7\u00e3o segue na pr\u00f3xima semana com a oficina \u201cEU, SEMENTE\u201d, da arte-educadora Jana Santos (08\/09); o espet\u00e1culo teatral \u201cGuerreirinha, Guerreirinha\u201d, com o coletivo Elementar, que tem abertura da performance \u201cPalavras\u201d, de Su\u00e9llen Santos (11\/09); al\u00e9m do show de encerramento \u201cCinzas\u201d, com a cantora Zanah, que conta ainda com discotecagem especial da DJ Fl\u00e1via Durante celebrando artistas latinas (12\/09).<\/p>\n\n\n\n<figure class=\"wp-block-gallery has-nested-images columns-default is-cropped wp-block-gallery-1 is-layout-flex wp-block-gallery-is-layout-flex\">\n<figure class=\"wp-block-image size-large\"><a href=\"https:\/\/novosaopaulo.com.br\/n1\/wp-content\/uploads\/2025\/09\/WhatsApp-Image-2025-09-02-at-14.20.28.jpeg\" target=\"_blank\" rel=\"noopener\"><img fetchpriority=\"high\" decoding=\"async\" width=\"1024\" height=\"682\" data-id=\"25717\" src=\"https:\/\/novosaopaulo.com.br\/n1\/wp-content\/uploads\/2025\/09\/WhatsApp-Image-2025-09-02-at-14.20.28-1024x682.jpeg\" alt=\"\" class=\"wp-image-25717\" srcset=\"https:\/\/novosaopaulo.com.br\/n1\/wp-content\/uploads\/2025\/09\/WhatsApp-Image-2025-09-02-at-14.20.28-1024x682.jpeg 1024w, https:\/\/novosaopaulo.com.br\/n1\/wp-content\/uploads\/2025\/09\/WhatsApp-Image-2025-09-02-at-14.20.28-300x200.jpeg 300w, https:\/\/novosaopaulo.com.br\/n1\/wp-content\/uploads\/2025\/09\/WhatsApp-Image-2025-09-02-at-14.20.28-768x512.jpeg 768w, https:\/\/novosaopaulo.com.br\/n1\/wp-content\/uploads\/2025\/09\/WhatsApp-Image-2025-09-02-at-14.20.28-1536x1023.jpeg 1536w, https:\/\/novosaopaulo.com.br\/n1\/wp-content\/uploads\/2025\/09\/WhatsApp-Image-2025-09-02-at-14.20.28.jpeg 1600w\" sizes=\"(max-width: 1024px) 100vw, 1024px\" \/><\/a><\/figure>\n\n\n\n<figure class=\"wp-block-image size-large\"><a href=\"https:\/\/novosaopaulo.com.br\/n1\/wp-content\/uploads\/2025\/09\/WhatsApp-Image-2025-09-02-at-14.20.27.jpeg\" target=\"_blank\" rel=\"noopener\"><img decoding=\"async\" width=\"800\" height=\"533\" data-id=\"25718\" src=\"https:\/\/novosaopaulo.com.br\/n1\/wp-content\/uploads\/2025\/09\/WhatsApp-Image-2025-09-02-at-14.20.27.jpeg\" alt=\"\" class=\"wp-image-25718\" srcset=\"https:\/\/novosaopaulo.com.br\/n1\/wp-content\/uploads\/2025\/09\/WhatsApp-Image-2025-09-02-at-14.20.27.jpeg 800w, https:\/\/novosaopaulo.com.br\/n1\/wp-content\/uploads\/2025\/09\/WhatsApp-Image-2025-09-02-at-14.20.27-300x200.jpeg 300w, https:\/\/novosaopaulo.com.br\/n1\/wp-content\/uploads\/2025\/09\/WhatsApp-Image-2025-09-02-at-14.20.27-768x512.jpeg 768w\" sizes=\"(max-width: 800px) 100vw, 800px\" \/><\/a><\/figure>\n\n\n\n<figure class=\"wp-block-image size-large\"><a href=\"https:\/\/novosaopaulo.com.br\/n1\/wp-content\/uploads\/2025\/09\/WhatsApp-Image-2025-09-02-at-14.20.26-1.jpeg\" target=\"_blank\" rel=\"noopener\"><img decoding=\"async\" width=\"1024\" height=\"682\" data-id=\"25719\" src=\"https:\/\/novosaopaulo.com.br\/n1\/wp-content\/uploads\/2025\/09\/WhatsApp-Image-2025-09-02-at-14.20.26-1-1024x682.jpeg\" alt=\"\" class=\"wp-image-25719\" srcset=\"https:\/\/novosaopaulo.com.br\/n1\/wp-content\/uploads\/2025\/09\/WhatsApp-Image-2025-09-02-at-14.20.26-1-1024x682.jpeg 1024w, https:\/\/novosaopaulo.com.br\/n1\/wp-content\/uploads\/2025\/09\/WhatsApp-Image-2025-09-02-at-14.20.26-1-300x200.jpeg 300w, https:\/\/novosaopaulo.com.br\/n1\/wp-content\/uploads\/2025\/09\/WhatsApp-Image-2025-09-02-at-14.20.26-1-768x512.jpeg 768w, https:\/\/novosaopaulo.com.br\/n1\/wp-content\/uploads\/2025\/09\/WhatsApp-Image-2025-09-02-at-14.20.26-1-1536x1023.jpeg 1536w, https:\/\/novosaopaulo.com.br\/n1\/wp-content\/uploads\/2025\/09\/WhatsApp-Image-2025-09-02-at-14.20.26-1.jpeg 1600w\" sizes=\"(max-width: 1024px) 100vw, 1024px\" \/><\/a><\/figure>\n<\/figure>\n","protected":false},"excerpt":{"rendered":"<p>Psic\u00f3loga e ativista guarani chamou a aten\u00e7\u00e3o para a necessidade de questionar as monoculturas do&#8230;<\/p>\n","protected":false},"author":1,"featured_media":25720,"comment_status":"open","ping_status":"open","sticky":false,"template":"","format":"standard","meta":{"footnotes":""},"categories":[34],"tags":[],"featured_image_urls":{"full":["https:\/\/novosaopaulo.com.br\/n1\/wp-content\/uploads\/2025\/09\/WhatsApp-Image-2025-09-02-at-14.20.26.jpeg",1600,1066,false],"thumbnail":["https:\/\/novosaopaulo.com.br\/n1\/wp-content\/uploads\/2025\/09\/WhatsApp-Image-2025-09-02-at-14.20.26-150x150.jpeg",150,150,true],"medium":["https:\/\/novosaopaulo.com.br\/n1\/wp-content\/uploads\/2025\/09\/WhatsApp-Image-2025-09-02-at-14.20.26-300x200.jpeg",300,200,true],"medium_large":["https:\/\/novosaopaulo.com.br\/n1\/wp-content\/uploads\/2025\/09\/WhatsApp-Image-2025-09-02-at-14.20.26-768x512.jpeg",640,427,true],"large":["https:\/\/novosaopaulo.com.br\/n1\/wp-content\/uploads\/2025\/09\/WhatsApp-Image-2025-09-02-at-14.20.26-1024x682.jpeg",640,426,true],"1536x1536":["https:\/\/novosaopaulo.com.br\/n1\/wp-content\/uploads\/2025\/09\/WhatsApp-Image-2025-09-02-at-14.20.26-1536x1023.jpeg",1536,1023,true],"2048x2048":["https:\/\/novosaopaulo.com.br\/n1\/wp-content\/uploads\/2025\/09\/WhatsApp-Image-2025-09-02-at-14.20.26.jpeg",1600,1066,false],"newsever-slider-full":["https:\/\/novosaopaulo.com.br\/n1\/wp-content\/uploads\/2025\/09\/WhatsApp-Image-2025-09-02-at-14.20.26-1280x845.jpeg",1280,845,true],"newsever-featured":["https:\/\/novosaopaulo.com.br\/n1\/wp-content\/uploads\/2025\/09\/WhatsApp-Image-2025-09-02-at-14.20.26-1024x682.jpeg",1024,682,true],"newsever-medium":["https:\/\/novosaopaulo.com.br\/n1\/wp-content\/uploads\/2025\/09\/WhatsApp-Image-2025-09-02-at-14.20.26-720x475.jpeg",720,475,true]},"author_info":{"display_name":"Reda\u00e7\u00e3o","author_link":"https:\/\/novosaopaulo.com.br\/n1\/author\/g5poa\/"},"category_info":"<a href=\"https:\/\/novosaopaulo.com.br\/n1\/category\/alto-tiete\/\" rel=\"category tag\">Alto Tiet\u00ea<\/a>","tag_info":"Alto Tiet\u00ea","comment_count":"0","_links":{"self":[{"href":"https:\/\/novosaopaulo.com.br\/n1\/wp-json\/wp\/v2\/posts\/25716"}],"collection":[{"href":"https:\/\/novosaopaulo.com.br\/n1\/wp-json\/wp\/v2\/posts"}],"about":[{"href":"https:\/\/novosaopaulo.com.br\/n1\/wp-json\/wp\/v2\/types\/post"}],"author":[{"embeddable":true,"href":"https:\/\/novosaopaulo.com.br\/n1\/wp-json\/wp\/v2\/users\/1"}],"replies":[{"embeddable":true,"href":"https:\/\/novosaopaulo.com.br\/n1\/wp-json\/wp\/v2\/comments?post=25716"}],"version-history":[{"count":1,"href":"https:\/\/novosaopaulo.com.br\/n1\/wp-json\/wp\/v2\/posts\/25716\/revisions"}],"predecessor-version":[{"id":25721,"href":"https:\/\/novosaopaulo.com.br\/n1\/wp-json\/wp\/v2\/posts\/25716\/revisions\/25721"}],"wp:featuredmedia":[{"embeddable":true,"href":"https:\/\/novosaopaulo.com.br\/n1\/wp-json\/wp\/v2\/media\/25720"}],"wp:attachment":[{"href":"https:\/\/novosaopaulo.com.br\/n1\/wp-json\/wp\/v2\/media?parent=25716"}],"wp:term":[{"taxonomy":"category","embeddable":true,"href":"https:\/\/novosaopaulo.com.br\/n1\/wp-json\/wp\/v2\/categories?post=25716"},{"taxonomy":"post_tag","embeddable":true,"href":"https:\/\/novosaopaulo.com.br\/n1\/wp-json\/wp\/v2\/tags?post=25716"}],"curies":[{"name":"wp","href":"https:\/\/api.w.org\/{rel}","templated":true}]}}