{"id":25682,"date":"2025-08-31T13:03:01","date_gmt":"2025-08-31T16:03:01","guid":{"rendered":"https:\/\/novosaopaulo.com.br\/n1\/?p=25682"},"modified":"2025-08-31T13:03:01","modified_gmt":"2025-08-31T16:03:01","slug":"a-importancia-de-padre-eustaquio-na-historia-de-poa","status":"publish","type":"post","link":"https:\/\/novosaopaulo.com.br\/n1\/a-importancia-de-padre-eustaquio-na-historia-de-poa\/","title":{"rendered":"A import\u00e2ncia de Padre Eust\u00e1quio na hist\u00f3ria de Po\u00e1"},"content":{"rendered":"\n<p>Entre as pessoas ilustres que viveram em Po\u00e1, est\u00e1 Padre Eust\u00e1quio van Lieshout, que protagonizou momentos marcantes da hist\u00f3ria poaense, tanto que todos os anos recebe uma homenagem da cidade por ocasi\u00e3o de seu anivers\u00e1rio de morte, em 30 de agosto.<br>Padre Eust\u00e1quio era holand\u00eas e chegou ao Brasil em 1925, assumindo uma igreja em Minas Gerais. De l\u00e1, foi enviado a Po\u00e1 em 1936 para ser o p\u00e1roco da Par\u00f3quia Nossa Senhora de Lourdes. No in\u00edcio tudo foi normal, at\u00e9 que ele viajou a Lourdes, na Fran\u00e7a, de onde trouxe um garraf\u00e3o com \u00e1gua benta. Misturou essa \u00e1gua com a \u00e1gua da gruta em frente \u00e0 igreja de Po\u00e1 e come\u00e7ou a aben\u00e7oar as pessoas com ela.<br>Um dia, ele avisou que a \u00e1gua benta tinha acabado e que ele mesmo aben\u00e7oaria a \u00e1gua da gruta. Foi a\u00ed que tudo mudou. As pessoas come\u00e7aram a relatar que estavam sendo curadas com a \u00e1gua aben\u00e7oada por Padre Eust\u00e1quio e Po\u00e1 passou a ser invadida por multid\u00f5es atr\u00e1s dessa \u00e1gua. Jornais de S\u00e3o Paulo come\u00e7aram a fazer reportagens e logo o Brasil inteiro ficou sabendo da fama do \u201cSanto de Po\u00e1\u201d. Gente do pa\u00eds inteiro se dirigiu a Po\u00e1, trens chegavam lotados, multid\u00f5es lotavam a Rua 26 de Mar\u00e7o e proximidades da Matriz. A situa\u00e7\u00e3o ficou incontrol\u00e1vel porque a pequena cidade n\u00e3o tinha estrutura para receber tanta gente e as autoridades resolveram tirar Padre Eust\u00e1quio de Po\u00e1, o que aconteceu em sigilo em 1941 para n\u00e3o causar revolta no povo.<br>De Po\u00e1, ap\u00f3s passar por v\u00e1rios locais, Padre Eust\u00e1quio assumiu em Belo Horizonte, onde ficou at\u00e9 sua morte em 1943, devido a tifo, transmitido pela picada de um carrapato.<br>Em 1956 foram iniciados os trabalhos para sua beatifica\u00e7\u00e3o e o longo processo se encerrou em 15 de junho de 2016, quando foi beatificado ap\u00f3s a confirma\u00e7\u00e3o de um milagre em um padre. A hist\u00f3ria de Padre Eust\u00e1quio \u00e9 lembrada at\u00e9 hoje em Po\u00e1, onde ocorreu esta hist\u00f3ria, uma das mais impressionantes da religi\u00e3o brasileira.<\/p>\n","protected":false},"excerpt":{"rendered":"<p>Entre as pessoas ilustres que viveram em Po\u00e1, est\u00e1 Padre Eust\u00e1quio van Lieshout, que protagonizou&#8230;<\/p>\n","protected":false},"author":1,"featured_media":25683,"comment_status":"open","ping_status":"open","sticky":false,"template":"","format":"standard","meta":{"footnotes":""},"categories":[8],"tags":[],"featured_image_urls":{"full":["https:\/\/novosaopaulo.com.br\/n1\/wp-content\/uploads\/2025\/08\/WhatsApp-Image-2025-08-31-at-11.55.11.jpeg",691,1378,false],"thumbnail":["https:\/\/novosaopaulo.com.br\/n1\/wp-content\/uploads\/2025\/08\/WhatsApp-Image-2025-08-31-at-11.55.11-150x150.jpeg",150,150,true],"medium":["https:\/\/novosaopaulo.com.br\/n1\/wp-content\/uploads\/2025\/08\/WhatsApp-Image-2025-08-31-at-11.55.11-150x300.jpeg",150,300,true],"medium_large":["https:\/\/novosaopaulo.com.br\/n1\/wp-content\/uploads\/2025\/08\/WhatsApp-Image-2025-08-31-at-11.55.11.jpeg",640,1276,false],"large":["https:\/\/novosaopaulo.com.br\/n1\/wp-content\/uploads\/2025\/08\/WhatsApp-Image-2025-08-31-at-11.55.11-513x1024.jpeg",513,1024,true],"1536x1536":["https:\/\/novosaopaulo.com.br\/n1\/wp-content\/uploads\/2025\/08\/WhatsApp-Image-2025-08-31-at-11.55.11.jpeg",691,1378,false],"2048x2048":["https:\/\/novosaopaulo.com.br\/n1\/wp-content\/uploads\/2025\/08\/WhatsApp-Image-2025-08-31-at-11.55.11.jpeg",691,1378,false],"newsever-slider-full":["https:\/\/novosaopaulo.com.br\/n1\/wp-content\/uploads\/2025\/08\/WhatsApp-Image-2025-08-31-at-11.55.11-691x845.jpeg",691,845,true],"newsever-featured":["https:\/\/novosaopaulo.com.br\/n1\/wp-content\/uploads\/2025\/08\/WhatsApp-Image-2025-08-31-at-11.55.11.jpeg",691,1378,false],"newsever-medium":["https:\/\/novosaopaulo.com.br\/n1\/wp-content\/uploads\/2025\/08\/WhatsApp-Image-2025-08-31-at-11.55.11-691x475.jpeg",691,475,true]},"author_info":{"display_name":"Reda\u00e7\u00e3o","author_link":"https:\/\/novosaopaulo.com.br\/n1\/author\/g5poa\/"},"category_info":"<a href=\"https:\/\/novosaopaulo.com.br\/n1\/category\/poa\/\" rel=\"category tag\">Po\u00e1<\/a>","tag_info":"Po\u00e1","comment_count":"0","_links":{"self":[{"href":"https:\/\/novosaopaulo.com.br\/n1\/wp-json\/wp\/v2\/posts\/25682"}],"collection":[{"href":"https:\/\/novosaopaulo.com.br\/n1\/wp-json\/wp\/v2\/posts"}],"about":[{"href":"https:\/\/novosaopaulo.com.br\/n1\/wp-json\/wp\/v2\/types\/post"}],"author":[{"embeddable":true,"href":"https:\/\/novosaopaulo.com.br\/n1\/wp-json\/wp\/v2\/users\/1"}],"replies":[{"embeddable":true,"href":"https:\/\/novosaopaulo.com.br\/n1\/wp-json\/wp\/v2\/comments?post=25682"}],"version-history":[{"count":1,"href":"https:\/\/novosaopaulo.com.br\/n1\/wp-json\/wp\/v2\/posts\/25682\/revisions"}],"predecessor-version":[{"id":25684,"href":"https:\/\/novosaopaulo.com.br\/n1\/wp-json\/wp\/v2\/posts\/25682\/revisions\/25684"}],"wp:featuredmedia":[{"embeddable":true,"href":"https:\/\/novosaopaulo.com.br\/n1\/wp-json\/wp\/v2\/media\/25683"}],"wp:attachment":[{"href":"https:\/\/novosaopaulo.com.br\/n1\/wp-json\/wp\/v2\/media?parent=25682"}],"wp:term":[{"taxonomy":"category","embeddable":true,"href":"https:\/\/novosaopaulo.com.br\/n1\/wp-json\/wp\/v2\/categories?post=25682"},{"taxonomy":"post_tag","embeddable":true,"href":"https:\/\/novosaopaulo.com.br\/n1\/wp-json\/wp\/v2\/tags?post=25682"}],"curies":[{"name":"wp","href":"https:\/\/api.w.org\/{rel}","templated":true}]}}