{"id":25666,"date":"2025-08-30T14:26:47","date_gmt":"2025-08-30T17:26:47","guid":{"rendered":"https:\/\/novosaopaulo.com.br\/n1\/?p=25666"},"modified":"2025-08-30T14:27:52","modified_gmt":"2025-08-30T17:27:52","slug":"cirurgia-dentista-e-eleita-rainha-do-itaqua-rodeio-fest-de-2025","status":"publish","type":"post","link":"https:\/\/novosaopaulo.com.br\/n1\/cirurgia-dentista-e-eleita-rainha-do-itaqua-rodeio-fest-de-2025\/","title":{"rendered":"Cirurgi\u00e3-dentista \u00e9 eleita rainha do Itaqu\u00e1 Rodeio Fest de 2025"},"content":{"rendered":"\n<p>Nat\u00e1lia Dutra, de 30 anos, venceu as outras nove candidatas ao posto, na noite dessa sexta-feira (29\/8); Fernanda Martins e Thamires Rosa ficaram com o posto de princesas do maior rodeio de portas abertas do Brasil<\/p>\n\n\n\n<p>Em uma noite de muita celebra\u00e7\u00e3o e de anima\u00e7\u00e3o por parte das torcidas, o Itaqu\u00e1 Rodeio Fest elegeu a Corte para a edi\u00e7\u00e3o de 2025. A cirurgi\u00e3-dentista Nat\u00e1lia Moreira Dutra de Andrade, de 30 anos, moradora da Vila Ferreira, em Itaquaquecetuba-SP, foi coroada rainha. O festival tem in\u00edcio na sexta-feira (5\/9) e vai celebrar os 465 anos de funda\u00e7\u00e3o da cidade, com direito a shows de grandes artistas do cen\u00e1rio nacional, provas de montaria e ampla variedade gastron\u00f4mica.<\/p>\n\n\n\n<p>Para completar a Corte, a empres\u00e1ria Fernanda de Souza Martins, de 34 anos, moradora do centro de Itaqu\u00e1, foi eleita 1\u00aa princesa. J\u00e1 a atriz Thamires Vit\u00f3ria Santana Rosa, de 24 anos, do Jardim Caiuby, conquistou o t\u00edtulo de 2\u00aa Princesa do maior rodeio de portas abertas do Brasil.<\/p>\n\n\n\n<p>A final do concurso foi abrigada no Itaqu\u00e1 Park Shopping, na sexta-feira (29\/8), numa estrutura preparada para receber o p\u00fablico e as torcidas das concorrentes \u00e0 Corte. Neste ano, 51 candidatas se inscreveram para o concurso organizado pela Associa\u00e7\u00e3o Comercial e Industrial de Itaquaquecetuba (Acidi), com apoio da Secretaria de Cultura.<\/p>\n\n\n\n<p>Ap\u00f3s as etapas seletivas, dez disputaram a final. A escolha n\u00e3o foi f\u00e1cil. A Comiss\u00e3o Julgadora avaliou quesitos como beleza pl\u00e1stica, eleg\u00e2ncia, simpatia, desenvoltura e comunica\u00e7\u00e3o. As finalistas desfilaram em dois tipos de trajes country, sem economia para brilho, franjas de strass e pedrarias.<\/p>\n\n\n\n<p>Tamb\u00e9m dona da maior torcida do recinto, a rainha do Itaqu\u00e1 Rodeio Fest 2025 festejou o t\u00edtulo e assegurou estar pronta para representar a cidade ao lado de Fernanda e Thamires &#8211; 1\u00aa e 2\u00aa Princesas:<\/p>\n\n\n\n<p>&#8220;Eu j\u00e1 estava animada antes, durante todas as etapas do concurso, mas, agora, estou muito mais feliz e pronta para assumir este importante papel. Sinto-me 100% preparada&#8221;, declarou a cirurgi\u00e3-dentista.<\/p>\n\n\n\n<p>A grande final tamb\u00e9m contou com a apresenta\u00e7\u00e3o da dupla Resenha do VN, formada por Vini Materazzy e Nathan Ginach, e com o desfile da madrinha de honra do Itaqu\u00e1 Rodeio Fest, Rosa Pastre, recepcionada no palco pelas dez finalistas. J\u00e1 a rainha da edi\u00e7\u00e3o anterior, Renata Madeira, visivelmente emocionada, se despediu do t\u00edtulo, durante o evento.<\/p>\n\n\n\n<p>O prefeito Delegado Eduardo Boigues (PL), respons\u00e1vel por levar o Itaqu\u00e1 Rodeio Fest para a cidade pelo quarto ano consecutivo sem o uso de dinheiro p\u00fablico, prestigiou a coroa\u00e7\u00e3o ao lado da presidente do Fundo Social de Solidariedade do munic\u00edpio, a primeira-dama Mila Boigues.<\/p>\n\n\n\n<p>Na ocasi\u00e3o, o liberal destacou a import\u00e2ncia da Corte n\u00e3o s\u00f3 para a participa\u00e7\u00e3o no rodeio, mas, tamb\u00e9m, em todas as festividades que estar\u00e3o no calend\u00e1rio de anivers\u00e1rio de Itaquaquecetuba, comemorado oficialmente em 8\/9 (segunda-feira):<\/p>\n\n\n\n<p>&#8220;\u00c9 muito gratificante ver a casa cheia, com tantas fam\u00edlias apoiando as candidatas. Esta \u00e9 a quarta edi\u00e7\u00e3o do concurso, que resgata uma tradi\u00e7\u00e3o antiga do nosso rodeio e que fortalece a identidade cultural de Itaqu\u00e1. A cidade est\u00e1 de cara nova. As pessoas, agora, sentem orgulho de pertencer e de representar Itaqu\u00e1. Este sentimento fica ainda mais evidente em momentos como este&#8221;.<\/p>\n\n\n\n<p>Contagem regressiva<br>O Itaqu\u00e1 Rodeio Fest come\u00e7a na sexta-feira e segue at\u00e9 13\/9, com grandes shows e provas de montaria v\u00e1lidas pela Liga Nacional. A expectativa \u00e9 de que o evento receba mais de 300 mil pessoas.<\/p>\n\n\n\n<p><\/p>\n\n\n\n<figure class=\"wp-block-gallery has-nested-images columns-default is-cropped wp-block-gallery-1 is-layout-flex wp-block-gallery-is-layout-flex\">\n<figure class=\"wp-block-image size-large\"><a href=\"https:\/\/novosaopaulo.com.br\/n1\/wp-content\/uploads\/2025\/08\/WhatsApp-Image-2025-08-30-at-13.29.40-1.jpeg\" target=\"_blank\" rel=\"noopener\"><img fetchpriority=\"high\" decoding=\"async\" width=\"850\" height=\"1024\" data-id=\"25668\" src=\"https:\/\/novosaopaulo.com.br\/n1\/wp-content\/uploads\/2025\/08\/WhatsApp-Image-2025-08-30-at-13.29.40-1-850x1024.jpeg\" alt=\"\" class=\"wp-image-25668\" srcset=\"https:\/\/novosaopaulo.com.br\/n1\/wp-content\/uploads\/2025\/08\/WhatsApp-Image-2025-08-30-at-13.29.40-1-850x1024.jpeg 850w, https:\/\/novosaopaulo.com.br\/n1\/wp-content\/uploads\/2025\/08\/WhatsApp-Image-2025-08-30-at-13.29.40-1-249x300.jpeg 249w, https:\/\/novosaopaulo.com.br\/n1\/wp-content\/uploads\/2025\/08\/WhatsApp-Image-2025-08-30-at-13.29.40-1-768x926.jpeg 768w, https:\/\/novosaopaulo.com.br\/n1\/wp-content\/uploads\/2025\/08\/WhatsApp-Image-2025-08-30-at-13.29.40-1-1024x1234.jpeg 1024w, https:\/\/novosaopaulo.com.br\/n1\/wp-content\/uploads\/2025\/08\/WhatsApp-Image-2025-08-30-at-13.29.40-1.jpeg 1262w\" sizes=\"(max-width: 850px) 100vw, 850px\" \/><\/a><\/figure>\n\n\n\n<figure class=\"wp-block-image size-large\"><a href=\"https:\/\/novosaopaulo.com.br\/n1\/wp-content\/uploads\/2025\/08\/WhatsApp-Image-2025-08-30-at-13.29.40.jpeg\" target=\"_blank\" rel=\"noopener\"><img decoding=\"async\" width=\"771\" height=\"1024\" data-id=\"25669\" src=\"https:\/\/novosaopaulo.com.br\/n1\/wp-content\/uploads\/2025\/08\/WhatsApp-Image-2025-08-30-at-13.29.40-771x1024.jpeg\" alt=\"\" class=\"wp-image-25669\" srcset=\"https:\/\/novosaopaulo.com.br\/n1\/wp-content\/uploads\/2025\/08\/WhatsApp-Image-2025-08-30-at-13.29.40-771x1024.jpeg 771w, https:\/\/novosaopaulo.com.br\/n1\/wp-content\/uploads\/2025\/08\/WhatsApp-Image-2025-08-30-at-13.29.40-226x300.jpeg 226w, https:\/\/novosaopaulo.com.br\/n1\/wp-content\/uploads\/2025\/08\/WhatsApp-Image-2025-08-30-at-13.29.40-768x1020.jpeg 768w, https:\/\/novosaopaulo.com.br\/n1\/wp-content\/uploads\/2025\/08\/WhatsApp-Image-2025-08-30-at-13.29.40-1157x1536.jpeg 1157w, https:\/\/novosaopaulo.com.br\/n1\/wp-content\/uploads\/2025\/08\/WhatsApp-Image-2025-08-30-at-13.29.40-1024x1360.jpeg 1024w, https:\/\/novosaopaulo.com.br\/n1\/wp-content\/uploads\/2025\/08\/WhatsApp-Image-2025-08-30-at-13.29.40.jpeg 1205w\" sizes=\"(max-width: 771px) 100vw, 771px\" \/><\/a><\/figure>\n\n\n\n<figure class=\"wp-block-image size-large\"><a href=\"https:\/\/novosaopaulo.com.br\/n1\/wp-content\/uploads\/2025\/08\/WhatsApp-Image-2025-08-30-at-13.29.41.jpeg\" target=\"_blank\" rel=\"noopener\"><img decoding=\"async\" width=\"748\" height=\"1024\" data-id=\"25670\" src=\"https:\/\/novosaopaulo.com.br\/n1\/wp-content\/uploads\/2025\/08\/WhatsApp-Image-2025-08-30-at-13.29.41-748x1024.jpeg\" alt=\"\" class=\"wp-image-25670\" srcset=\"https:\/\/novosaopaulo.com.br\/n1\/wp-content\/uploads\/2025\/08\/WhatsApp-Image-2025-08-30-at-13.29.41-748x1024.jpeg 748w, https:\/\/novosaopaulo.com.br\/n1\/wp-content\/uploads\/2025\/08\/WhatsApp-Image-2025-08-30-at-13.29.41-219x300.jpeg 219w, https:\/\/novosaopaulo.com.br\/n1\/wp-content\/uploads\/2025\/08\/WhatsApp-Image-2025-08-30-at-13.29.41-768x1051.jpeg 768w, https:\/\/novosaopaulo.com.br\/n1\/wp-content\/uploads\/2025\/08\/WhatsApp-Image-2025-08-30-at-13.29.41-1024x1402.jpeg 1024w, https:\/\/novosaopaulo.com.br\/n1\/wp-content\/uploads\/2025\/08\/WhatsApp-Image-2025-08-30-at-13.29.41.jpeg 1062w\" sizes=\"(max-width: 748px) 100vw, 748px\" \/><\/a><\/figure>\n<\/figure>\n\n\n\n<p>SERVI\u00c7O:<\/p>\n\n\n\n<p>Itaqu\u00e1 Rodeio Fest 2025<\/p>\n\n\n\n<p>Quando:<br>5, 6, 7, 12 e 13 de setembro<\/p>\n\n\n\n<p>Onde:<br>Estrada Governador M\u00e1rio Covas J\u00fanior \u2013 Jardim Adriane (acesso pr\u00f3ximo ao n\u00famero 1.355)<\/p>\n\n\n\n<p>Programa\u00e7\u00e3o musical:<br>5\/9 &#8211; 6\u00aa feira<br>Natanzinho Lima \/ Z\u00e9 Neto &amp; Cristiano \/ Dennis DJ<\/p>\n\n\n\n<p>6\/9 \u2013 S\u00e1bado<br>Lauana Prado \/ DJ Alok<\/p>\n\n\n\n<p>7\/9 \u2013 Domingo<br>Gustavo Mioto \/ Luan Santana<\/p>\n\n\n\n<p>12\/9 &#8211; 6\u00aa feira<br>Tatau \/ Henrique &amp; Juliano<\/p>\n\n\n\n<p>13\/9 \u2013 S\u00e1bado<br>MC Kevinho \/ Gusttavo Lima \/ Turma do Pagode<\/p>\n\n\n\n<p>Produtos oficiais:<br>Camisetas (duas estampas, nas cores preto e branco)<br>R$ 85<\/p>\n\n\n\n<p>Copos Stanley<br>R$ 65<\/p>\n\n\n\n<p>Ta\u00e7as Stanley<br>R$ 70<\/p>\n\n\n\n<p>Copos com tirante<br>R$ 18<\/p>\n\n\n\n<p>Ta\u00e7as transparentes<br>R$ 20<\/p>\n\n\n\n<p>Bon\u00e9<br>R$ 60<\/p>\n\n\n\n<p>Onde comprar:<br>Itaqu\u00e1 Park Shopping:<br>Estrada Municipal do Mandi, 1.205 &#8211; Jardim Adriane<br>Todos os dias, das 10h \u00e0s 20h<\/p>\n\n\n\n<p>Fundo Social de Solidariedade de Itaquaquecetuba:<br>Rua Vereador Jos\u00e9 Barbosa de Ara\u00fajo, 195 &#8211; Vila Virg\u00ednia<br>De 2\u00aa a 6\u00aa feira, das 9h \u00e0s 17h<\/p>\n\n\n\n<p>Playlist oficial:<br>https:\/\/l1nk.dev\/itaquarodeiofest<\/p>\n\n\n\n<p>Ingressos<br>Troca solid\u00e1ria para pista<br>AT\u00c9 31\/8<br>Rela\u00e7\u00e3o de alimentos e de materiais recicl\u00e1veis:<\/p>\n\n\n\n<p>5\/9: Natanzinho Lima \/ Z\u00e9 Neto &amp; Cristiano \/ Dennis DJ<br>1 litro de leite + 1 litro de \u00f3leo + 1 embalagem pl\u00e1stica vazia<\/p>\n\n\n\n<p>6\/9: Lauana Prado \/ DJ Alok<br>2 pacotes de macarr\u00e3o + 2 sach\u00eas de molho de tomate + 1 embalagem pl\u00e1stica vazia<\/p>\n\n\n\n<p>7\/9: Gustavo Mioto \/ Luan Santana<br>1 kg de ra\u00e7\u00e3o para cachorro ou gato + 1 embalagem pl\u00e1stica vazia<\/p>\n\n\n\n<p>12\/9: Tatau \/ Henrique &amp; Juliano<br>250g de caf\u00e9 + 1 kg de a\u00e7\u00facar + 1 embalagem pl\u00e1stica vazia<\/p>\n\n\n\n<p>13\/9: MC Kevinho \/ Gusttavo Lima \/ Turma do Pagode<br>1 kg de arroz + 1 kg de feij\u00e3o + 1 embalagem pl\u00e1stica vazia<\/p>\n\n\n\n<p>Green Pass:<br>Dois quilos de latinhas de alum\u00ednio, desde que limpas, amassadas e com lacre, valem ingresso para qualquer um dos dias de show<\/p>\n\n\n\n<p>Onde fazer a troca | Pontos oficiais:<\/p>\n\n\n\n<p>Secretaria Municipal da Mulher, Direitos Humanos e Cidadania (exclusivo para PCD)<br>Rua Nem\u00e9sio C\u00e2ndido Gomes, 30 \u2013 Vila Zeferina<br>De 2\u00aa a 6\u00aa feira, das 9h \u00e0s 16h<br>A troca \u00e9 feita mediante \u00e0 doa\u00e7\u00e3o de um pacote de absorvente e de uma garrafa pet<\/p>\n\n\n\n<p>Itaqu\u00e1 Park Shopping<br>Estrada Municipal do Mandi, 1.205 &#8211; Jardim Adriane<br>Todos os dias, das 10h \u00e0s 20h<\/p>\n\n\n\n<p>Fundo Social de Solidariedade de Itaquaquecetuba<br>Rua Vereador Jos\u00e9 Barbosa de Ara\u00fajo, 195 &#8211; Vila Virg\u00ednia<br>De 2\u00aa a 6\u00aa feira, das 9h \u00e0s 17h<\/p>\n\n\n\n<p>X Supermercados<br>Pra\u00e7a Padre Jo\u00e3o \u00c1lvares, 218 \u2013 Centro<br>De 2\u00aa a 6\u00aa feira, das 9h \u00e0s 17h<\/p>\n\n\n\n<p>GCM Caiubi<br>Estrada dos \u00cdndios, 1.121 &#8211; Jardim Amanda Caiubi<br>De 2\u00aa a 6\u00aa feira, das 9h \u00e0s 17h<\/p>\n\n\n\n<p>GCM Piratininga<br>Rua Joaquim Caetano \u2013 Piratininga<br>De 2\u00aa a 6\u00aa feira, das 9h \u00e0s 17h<\/p>\n\n\n\n<p>Compra de ingressos:<br>Site oficial do evento:<br>www.itaquarodeiofest.com.br<\/p>\n\n\n\n<p>Valores:<br>Pista Solid\u00e1ria<br>A partir de R$ 20<\/p>\n\n\n\n<p>Frontstage (Meia Entrada)<br>A partir de R$ 120<\/p>\n\n\n\n<p>Frontstage (Inteira)<br>A partir de R$ 240<\/p>\n\n\n\n<p>Frontstage Amigo (Para duas pessoas)<br>A partir de R$ 90, por pessoa<\/p>\n\n\n\n<p>Camarote Intense (Inteira)<br>R$ 320, por pessoa<\/p>\n\n\n\n<p>Camarote Intense (Meia Entrada)<br>A partir de R$ 160<\/p>\n\n\n\n<p>Camarote Intense Amigo (Para duas pessoas)<br>A partir de R$ 160, por pessoa<\/p>\n\n\n\n<p>Camarote Avenida Premium (Com open bar e open food)<br>R$ 450, por pessoa<\/p>\n","protected":false},"excerpt":{"rendered":"<p>Nat\u00e1lia Dutra, de 30 anos, venceu as outras nove candidatas ao posto, na noite dessa&#8230;<\/p>\n","protected":false},"author":1,"featured_media":25667,"comment_status":"open","ping_status":"open","sticky":false,"template":"","format":"standard","meta":{"footnotes":""},"categories":[34],"tags":[],"featured_image_urls":{"full":["https:\/\/novosaopaulo.com.br\/n1\/wp-content\/uploads\/2025\/08\/WhatsApp-Image-2025-08-30-at-13.29.42.jpeg",1600,1066,false],"thumbnail":["https:\/\/novosaopaulo.com.br\/n1\/wp-content\/uploads\/2025\/08\/WhatsApp-Image-2025-08-30-at-13.29.42-150x150.jpeg",150,150,true],"medium":["https:\/\/novosaopaulo.com.br\/n1\/wp-content\/uploads\/2025\/08\/WhatsApp-Image-2025-08-30-at-13.29.42-300x200.jpeg",300,200,true],"medium_large":["https:\/\/novosaopaulo.com.br\/n1\/wp-content\/uploads\/2025\/08\/WhatsApp-Image-2025-08-30-at-13.29.42-768x512.jpeg",640,427,true],"large":["https:\/\/novosaopaulo.com.br\/n1\/wp-content\/uploads\/2025\/08\/WhatsApp-Image-2025-08-30-at-13.29.42-1024x682.jpeg",640,426,true],"1536x1536":["https:\/\/novosaopaulo.com.br\/n1\/wp-content\/uploads\/2025\/08\/WhatsApp-Image-2025-08-30-at-13.29.42-1536x1023.jpeg",1536,1023,true],"2048x2048":["https:\/\/novosaopaulo.com.br\/n1\/wp-content\/uploads\/2025\/08\/WhatsApp-Image-2025-08-30-at-13.29.42.jpeg",1600,1066,false],"newsever-slider-full":["https:\/\/novosaopaulo.com.br\/n1\/wp-content\/uploads\/2025\/08\/WhatsApp-Image-2025-08-30-at-13.29.42-1280x845.jpeg",1280,845,true],"newsever-featured":["https:\/\/novosaopaulo.com.br\/n1\/wp-content\/uploads\/2025\/08\/WhatsApp-Image-2025-08-30-at-13.29.42-1024x682.jpeg",1024,682,true],"newsever-medium":["https:\/\/novosaopaulo.com.br\/n1\/wp-content\/uploads\/2025\/08\/WhatsApp-Image-2025-08-30-at-13.29.42-720x475.jpeg",720,475,true]},"author_info":{"display_name":"Reda\u00e7\u00e3o","author_link":"https:\/\/novosaopaulo.com.br\/n1\/author\/g5poa\/"},"category_info":"<a href=\"https:\/\/novosaopaulo.com.br\/n1\/category\/alto-tiete\/\" rel=\"category tag\">Alto Tiet\u00ea<\/a>","tag_info":"Alto Tiet\u00ea","comment_count":"0","_links":{"self":[{"href":"https:\/\/novosaopaulo.com.br\/n1\/wp-json\/wp\/v2\/posts\/25666"}],"collection":[{"href":"https:\/\/novosaopaulo.com.br\/n1\/wp-json\/wp\/v2\/posts"}],"about":[{"href":"https:\/\/novosaopaulo.com.br\/n1\/wp-json\/wp\/v2\/types\/post"}],"author":[{"embeddable":true,"href":"https:\/\/novosaopaulo.com.br\/n1\/wp-json\/wp\/v2\/users\/1"}],"replies":[{"embeddable":true,"href":"https:\/\/novosaopaulo.com.br\/n1\/wp-json\/wp\/v2\/comments?post=25666"}],"version-history":[{"count":2,"href":"https:\/\/novosaopaulo.com.br\/n1\/wp-json\/wp\/v2\/posts\/25666\/revisions"}],"predecessor-version":[{"id":25673,"href":"https:\/\/novosaopaulo.com.br\/n1\/wp-json\/wp\/v2\/posts\/25666\/revisions\/25673"}],"wp:featuredmedia":[{"embeddable":true,"href":"https:\/\/novosaopaulo.com.br\/n1\/wp-json\/wp\/v2\/media\/25667"}],"wp:attachment":[{"href":"https:\/\/novosaopaulo.com.br\/n1\/wp-json\/wp\/v2\/media?parent=25666"}],"wp:term":[{"taxonomy":"category","embeddable":true,"href":"https:\/\/novosaopaulo.com.br\/n1\/wp-json\/wp\/v2\/categories?post=25666"},{"taxonomy":"post_tag","embeddable":true,"href":"https:\/\/novosaopaulo.com.br\/n1\/wp-json\/wp\/v2\/tags?post=25666"}],"curies":[{"name":"wp","href":"https:\/\/api.w.org\/{rel}","templated":true}]}}