{"id":25615,"date":"2025-08-28T17:09:01","date_gmt":"2025-08-28T20:09:01","guid":{"rendered":"https:\/\/novosaopaulo.com.br\/n1\/?p=25615"},"modified":"2025-08-28T17:09:02","modified_gmt":"2025-08-28T20:09:02","slug":"claudio-ney-juliana-celebram-estreia-com-publico-recorde-em-primeira-turne-por-sao-paulo","status":"publish","type":"post","link":"https:\/\/novosaopaulo.com.br\/n1\/claudio-ney-juliana-celebram-estreia-com-publico-recorde-em-primeira-turne-por-sao-paulo\/","title":{"rendered":"Claudio Ney &amp; Juliana celebram estreia com p\u00fablico recorde em primeira turn\u00ea por S\u00e3o Paulo"},"content":{"rendered":"\n<p>Claudio Ney &amp; Juliana celebram estreia com p\u00fablico recorde em primeira turn\u00ea por S\u00e3o Paulo<\/p>\n\n\n\n<p>Em apresenta\u00e7\u00f5es hist\u00f3ricas, Claudio Ney &amp; Juliana realizaram cinco shows em apenas tr\u00eas dias em S\u00e3o Paulo, com todas as casas completamente lotadas e atingiram a marca de mais de 10 mil pessoas de p\u00fablico total. A dupla, um dos principais nomes do forr\u00f3 atual, confirmou sua for\u00e7a ao vivo e o alto engajamento do p\u00fablico na regi\u00e3o.<\/p>\n\n\n\n<p>Os shows foram realizados nos dias 21, 22 e 23 de agosto, passando por Bela Vista, Diadema, Guarulhos, Heli\u00f3polis e Belenzinho. \u201cA recep\u00e7\u00e3o foi incr\u00edvel. Ver tanta gente cantando com a gente, em cada lugar, foi emocionante. S\u00e3o Paulo nos recebeu com o cora\u00e7\u00e3o aberto\u201d, comentam Claudio Ney &amp; Juliana.<\/p>\n\n\n\n<p>Com o hit \u201cMarra de Bandido\u201d em alta nas plataformas e presen\u00e7a constante nos trends das redes sociais, a dupla vem ganhando espa\u00e7o no cen\u00e1rio nacional. Aut\u00eanticos e carism\u00e1ticos, t\u00eam se destacado por um formato de show que valoriza o forr\u00f3 de verdade com banda completa, repert\u00f3rio dan\u00e7ante e forte apelo popular.<\/p>\n\n\n\n<p>A intensa agenda e a resposta calorosa do p\u00fablico paulista indicam um novo cap\u00edtulo na trajet\u00f3ria da dupla, que promete levar o forr\u00f3 a ainda mais regi\u00f5es do pa\u00eds.<\/p>\n\n\n\n<p>Sobre Claudio Ney &amp; Juliana<\/p>\n\n\n\n<p>Com o bord\u00e3o \u201ca banda que toca forr\u00f3\u201d, criado pelo pr\u00f3prio p\u00fablico, Claudio Ney &amp; Juliana se consolidam como um dos maiores fen\u00f4menos populares da atualidade. A dupla vem puxando um verdadeiro movimento no Nordeste, arrastando multid\u00f5es por onde passa e ganhando destaque principalmente entre os jovens.<\/p>\n\n\n\n<p>Aut\u00eanticos, carism\u00e1ticos e com uma sonoridade que mistura tradi\u00e7\u00e3o com elementos contempor\u00e2neos, eles constru\u00edram uma identidade \u00fanica no palco. Com banda completa, letras que transitam entre o rom\u00e2ntico e o divertido, Claudio Ney &amp; Juliana se tornaram s\u00edmbolo de um novo momento do g\u00eanero.<\/p>\n\n\n\n<p>Entre junho e julho, realizaram 70 shows em cidades nordestinas, com apresenta\u00e7\u00f5es que geram forte repercuss\u00e3o nas redes sociais. No Instagram, somam mais de 140 milh\u00f5es de visualiza\u00e7\u00f5es nos \u00faltimos 30 dias, com 8 milh\u00f5es de intera\u00e7\u00f5es e meio milh\u00e3o de novos seguidores em menos de um m\u00eas. J\u00e1 no TikTok, os v\u00eddeos com suas m\u00fasicas ultrapassam 213 milh\u00f5es de visualiza\u00e7\u00f5es.<\/p>\n\n\n\n<p>O sucesso tamb\u00e9m se reflete nas plataformas digitais, com mais de 34 milh\u00f5es de streams nas principais plataformas. No YouTube, os conte\u00fados acumulam mais de 29 milh\u00f5es de visualiza\u00e7\u00f5es (19 milh\u00f5es via Content ID, 10 milh\u00f5es em Shorts e quase 1 milh\u00e3o no canal oficial). No Spotify, s\u00e3o 2,9 milh\u00f5es de plays, al\u00e9m de destaque na Apple Music e Amazon Music.<\/p>\n\n\n\n<p>Entre os sucessos mais ouvidos, est\u00e3o faixas como:<\/p>\n\n\n\n<p>\u25cf Marra de Bandido (33 milh\u00f5es de streams)<br>\u25cf Porsche Azul<br>\u25cf Peito Que Balan\u00e7a<br>\u25cf Piau\u00ed<br>\u25cf Trem<br>\u25cf K\u00e1tia<\/p>\n\n\n\n<p>Com muita autenticidade, repert\u00f3rio que conecta o p\u00fablico e um formato de banda que valoriza o forr\u00f3 em sua ess\u00eancia, Claudio Ney &amp; Juliana seguem viralizando, divertindo e colocando o Brasil pra dan\u00e7ar.<\/p>\n\n\n\n<p>Claudio Ney &amp; Juliana em n\u00fameros:<\/p>\n\n\n\n<p>Total de Streams: 34M<br>Tiktok: 213M de visualiza\u00e7\u00f5es<br>YouTube: + 29M de visualiza\u00e7\u00f5es<br>Spotify: 1,141M de ouvintes mensais e 2.9M de plays<br>Instagram: 1,2M de seguidores<\/p>\n\n\n\n<p>Siga Claudio Ney &amp; Juliana nas redes sociais:<br>Instagram<br>Youtube<br>Spotify<br>TikTok<br>Facebook<\/p>\n","protected":false},"excerpt":{"rendered":"<p>Claudio Ney &amp; Juliana celebram estreia com p\u00fablico recorde em primeira turn\u00ea por S\u00e3o Paulo&#8230;<\/p>\n","protected":false},"author":1,"featured_media":25616,"comment_status":"open","ping_status":"open","sticky":false,"template":"","format":"standard","meta":{"footnotes":""},"categories":[2],"tags":[],"featured_image_urls":{"full":["https:\/\/novosaopaulo.com.br\/n1\/wp-content\/uploads\/2025\/08\/foto-1.jpg",602,401,false],"thumbnail":["https:\/\/novosaopaulo.com.br\/n1\/wp-content\/uploads\/2025\/08\/foto-1-150x150.jpg",150,150,true],"medium":["https:\/\/novosaopaulo.com.br\/n1\/wp-content\/uploads\/2025\/08\/foto-1-300x200.jpg",300,200,true],"medium_large":["https:\/\/novosaopaulo.com.br\/n1\/wp-content\/uploads\/2025\/08\/foto-1.jpg",602,401,false],"large":["https:\/\/novosaopaulo.com.br\/n1\/wp-content\/uploads\/2025\/08\/foto-1.jpg",602,401,false],"1536x1536":["https:\/\/novosaopaulo.com.br\/n1\/wp-content\/uploads\/2025\/08\/foto-1.jpg",602,401,false],"2048x2048":["https:\/\/novosaopaulo.com.br\/n1\/wp-content\/uploads\/2025\/08\/foto-1.jpg",602,401,false],"newsever-slider-full":["https:\/\/novosaopaulo.com.br\/n1\/wp-content\/uploads\/2025\/08\/foto-1.jpg",602,401,false],"newsever-featured":["https:\/\/novosaopaulo.com.br\/n1\/wp-content\/uploads\/2025\/08\/foto-1.jpg",602,401,false],"newsever-medium":["https:\/\/novosaopaulo.com.br\/n1\/wp-content\/uploads\/2025\/08\/foto-1.jpg",602,401,false]},"author_info":{"display_name":"Reda\u00e7\u00e3o","author_link":"https:\/\/novosaopaulo.com.br\/n1\/author\/g5poa\/"},"category_info":"<a href=\"https:\/\/novosaopaulo.com.br\/n1\/category\/cidades\/\" rel=\"category tag\">Cidades<\/a>","tag_info":"Cidades","comment_count":"0","_links":{"self":[{"href":"https:\/\/novosaopaulo.com.br\/n1\/wp-json\/wp\/v2\/posts\/25615"}],"collection":[{"href":"https:\/\/novosaopaulo.com.br\/n1\/wp-json\/wp\/v2\/posts"}],"about":[{"href":"https:\/\/novosaopaulo.com.br\/n1\/wp-json\/wp\/v2\/types\/post"}],"author":[{"embeddable":true,"href":"https:\/\/novosaopaulo.com.br\/n1\/wp-json\/wp\/v2\/users\/1"}],"replies":[{"embeddable":true,"href":"https:\/\/novosaopaulo.com.br\/n1\/wp-json\/wp\/v2\/comments?post=25615"}],"version-history":[{"count":1,"href":"https:\/\/novosaopaulo.com.br\/n1\/wp-json\/wp\/v2\/posts\/25615\/revisions"}],"predecessor-version":[{"id":25617,"href":"https:\/\/novosaopaulo.com.br\/n1\/wp-json\/wp\/v2\/posts\/25615\/revisions\/25617"}],"wp:featuredmedia":[{"embeddable":true,"href":"https:\/\/novosaopaulo.com.br\/n1\/wp-json\/wp\/v2\/media\/25616"}],"wp:attachment":[{"href":"https:\/\/novosaopaulo.com.br\/n1\/wp-json\/wp\/v2\/media?parent=25615"}],"wp:term":[{"taxonomy":"category","embeddable":true,"href":"https:\/\/novosaopaulo.com.br\/n1\/wp-json\/wp\/v2\/categories?post=25615"},{"taxonomy":"post_tag","embeddable":true,"href":"https:\/\/novosaopaulo.com.br\/n1\/wp-json\/wp\/v2\/tags?post=25615"}],"curies":[{"name":"wp","href":"https:\/\/api.w.org\/{rel}","templated":true}]}}