{"id":25604,"date":"2025-08-27T18:16:00","date_gmt":"2025-08-27T21:16:00","guid":{"rendered":"https:\/\/novosaopaulo.com.br\/n1\/?p=25604"},"modified":"2025-08-27T18:16:01","modified_gmt":"2025-08-27T21:16:01","slug":"16a-edicao-do-cinefantasy-festival-internacional-de-cinema-fantastico-apresenta-110-filmes-de-27-paises-entrada-gratuita","status":"publish","type":"post","link":"https:\/\/novosaopaulo.com.br\/n1\/16a-edicao-do-cinefantasy-festival-internacional-de-cinema-fantastico-apresenta-110-filmes-de-27-paises-entrada-gratuita\/","title":{"rendered":"16\u00aa edi\u00e7\u00e3o do Cinefantasy \u2013 Festival Internacional de Cinema Fant\u00e1stico apresenta 110 filmes de 27 pa\u00edses| Entrada Gratuita"},"content":{"rendered":"\n<p>** A programa\u00e7\u00e3o re\u00fane estreias e filmes in\u00e9ditos no Brasil, indicados a pr\u00eamios como Oscar e Goya, e exibidos em alguns dos principais festivais do mundo, como Rotterdam, Sitges, P\u00d6FF, Annecy, Gotemburgo, Fantasia e Bellaria.<\/p>\n\n\n\n<p>**Presen\u00e7a confirmada do diretor equatoriano Javier Cutrona de \u201cAlucina\u201d, e dos brasileiros Cadu Rosenfeld de \u201cOgiva, O Mundo N\u00e3o \u00c9 Mais Como Antes\u201d, Gabriel Fran\u00e7a e Cd Vallada, de \u201cConsequ\u00eancias Paralelas\u201d, filme com Camila Morgado, e tamb\u00e9m do ator Vin\u00edcius de Oliveira<\/p>\n\n\n\n<p>** \u201cWarden\u201d, longa canadense in\u00e9dito no Brasil, abre o evento no dia 02 de setembro, com a presen\u00e7a do diretor Marcus Alqueres<\/p>\n\n\n\n<p>**Premi\u00e9re mundial de \u201cQuando o Sangue Flui\u201d, de Cain\u00e3 De Paulo, Pedro Valle<\/p>\n\n\n\n<p>** Na mostra de curtas-metragens, produ\u00e7\u00f5es com grandes nomes do cinema nacional, como Betty Faria, Marc\u00e9lia Cartaxo, Du Moscovis, Zezita Matos, Erom Cordeiro, Gilda Nomacce, Nicole Cordery e M\u00e1rcio Rosario, entre outros.<\/p>\n\n\n\n<p>**De 02 a 14 de Setembro no Centro Cultural S\u00e3o Paulo e na plataforma DarkFlix<\/p>\n\n\n\n<p>** link com fotos: AQUI<\/p>\n\n\n\n<p>A 16\u00aa edi\u00e7\u00e3o do Cinefantasy \u2013 Festival Internacional de Cinema Fant\u00e1stico acontece de 2 a 14 de setembro e apresenta uma sele\u00e7\u00e3o de 110 filmes de 27 pa\u00edses, organizados em 30 sess\u00f5es, que acontecem no CCSP (Centro Cultural S\u00e3o Paulo), e com um recorte da programa\u00e7\u00e3o online, para todo Brasil, atrav\u00e9s da plataforma DarkFlix.<\/p>\n\n\n\n<p>A programa\u00e7\u00e3o re\u00fane longas e curtas-metragem, em sua maioria in\u00e9ditos no Brasil, indicados a pr\u00eamios como o Goya e o Oscar, e exibidos em alguns dos mais prestigiados festivais do mundo, incluindo Rotterdam, Sitges, P\u00d6FF, Annecy, Gotemburgo, Fantasia e Bellaria.<\/p>\n\n\n\n<p>Os filmes que integram a Mostra Competitiva de Longas e de Curtas-Metragens trazem temas que convidam o p\u00fablico a explorar os limites do imagin\u00e1rio, revelando como o fant\u00e1stico se insere nas narrativas do cotidiano \u2014 seja pela for\u00e7a da fic\u00e7\u00e3o cient\u00edfica, a tens\u00e3o do horror ou a delicadeza da fantasia.<\/p>\n\n\n\n<p>Para o diretor do festival, Eduardo Santana, \u201co festival se transforma em mais do que uma vitrine de filmes \u2014 torna-se um portal para outros mundos, espelhos distorcidos da nossa realidade e laborat\u00f3rios para experimentar o imposs\u00edvel. O Cinefantasy, em sua 16\u00aa edi\u00e7\u00e3o, \u00e9 exatamente isso: um territ\u00f3rio onde monstros, her\u00f3is, sonhos e pesadelos se encontram para provocar, encantar e inquietar. Mais do que exibir filmes, o Cinefantasy reafirma seu papel como espa\u00e7o de celebra\u00e7\u00e3o da diversidade e da pot\u00eancia criativa do cinema fant\u00e1stico\u201d.<\/p>\n\n\n\n<p>Sess\u00e3o de Abertura<\/p>\n\n\n\n<p>A sess\u00e3o de abertura acontece em 2 de setembro, \u00e0s 19h, no CCSP, com a premi\u00e8re latino-americana de Warden, do brasileiro Marcus Alqueres, que estar\u00e1 presente na sess\u00e3o. Com roteiro de Jeff Juhasz, a produ\u00e7\u00e3o canadense traz no elenco nomes como Giovanni de Lorenzi, Alli Willow, Antonio Saboia e Bukassa Kabengele. O filme acompanha a jornada de um jovem com poderes misteriosos que decide salvar sua cidade, afetando profundamente todos ao seu redor \u2014 de jornalistas a pol\u00edticos. Filmado em loca\u00e7\u00f5es reais em S\u00e3o Paulo, Warden prop\u00f5e um olhar brasileiro sobre o surgimento do primeiro super-her\u00f3i do mundo. A entrada \u00e9 gratuita e a retirada dos ingressos acontecem com 1 hora antes do in\u00edcio da sess\u00e3o.<\/p>\n\n\n\n<p>Programa\u00e7\u00e3o<br>Na programa\u00e7\u00e3o de longas, o festival apresenta em premi\u00e8re mundial o brasileiro Quando o Sangue Flui, de Cain\u00e3 De Paulo e Pedro Valle, que mistura vampirismo e antropofagia e conta com Alessandra Alves, Aramis Trindade, Marina Lessa Trindade e Kau\u00e3 Rodriguez. Ainda entre os brasileiros merecem destaque Consequ\u00eancias Paralelas dirigido por Gabriel Fran\u00e7a e CD Vallada, com Camila Morgado no elenco, a obra retrata a trajet\u00f3ria de Max que descobre uma m\u00e1quina do tempo com consequ\u00eancias fatais; e Ogiva: O Mundo N\u00e3o \u00e9 Mais Nosso, de Cadu Rosenfeld, fic\u00e7\u00e3o p\u00f3s-apocal\u00edptica com Sara Antunes e Fernando Caruso.<br>Longas internacionais in\u00e9ditos tamb\u00e9m fazem sua estreia no festival como o equatoriano Alucina, dirigido por Javier Cutrona, que estar\u00e1 presente na sess\u00e3o, o filme acompanha Camila, uma jovem com amn\u00e9sia que se refugia em um mundo imagin\u00e1rio sueco Que Voc\u00ea Viva, de Malin Dahl, drama de horror sobre amor e decad\u00eancia, o porto-riquenho Era Uma Vez no Caribe, de Ray Figueroa, traz uma coreografia cinematogr\u00e1fica que homenageia o legado de Akira Kurosawa e Sergio Leone; o americano Hippo, de Mark H. Rapaport, uma tragicom\u00e9dia sobre dois meio-irm\u00e3os em conflito; o marroquino Hotel da Paz, de Belmejdoub Jamal, que traz eventos paranormais ap\u00f3s a descoberta de um objeto misterioso; o italiano Mycelia, de Alessandra Stefani, romance entre um ca\u00e7ador e uma criatura da floresta; o franc\u00eas Venha o Teu Reino, de Mathias Averty, sobre um artista que se perde nas trilhas do ocultismo contempor\u00e2neo.<\/p>\n\n\n\n<p>Ainda entre os internacionais completam a programa\u00e7\u00e3o, o australiano Anoitecer \u2013 Uma Investiga\u00e7\u00e3o Paranormal , de Myles Mcewen e Ripley Stevens, ambientado nos anos 1980, onde dois investigadores enfrentam uma for\u00e7a que distorce a realidade; o holand\u00eas Heresia de Didier Konings, sobre uma jovem dividida entre f\u00e9 e for\u00e7as sombrias; o belga N\u00e3o Estamos Sozinhos , de Bruno Tracq, um thriller de vingan\u00e7a que se transforma em horror psicol\u00f3gico; o argentino Ningu\u00e9m Vai Ouvir Voc\u00ea Gritar, de Mariano Cattaneo, suspense ambientado durante a Copa de 1990; o americano Sun, de Dominic Lahiff, um mergulho sombrio na mente de um dan\u00e7arino; o japon\u00eas Transcendendo Dimens\u00f5es, de Toshiaki Toyoda, onde feiti\u00e7aria, espiritualidade e fic\u00e7\u00e3o cient\u00edfica se encontram; e o mexicano Um Conto de Pescadores, de Edgar Nito Arreche, baseado em lendas locais.<\/p>\n\n\n\n<p>J\u00e1 entre os Curtas Metragens o Cinefantasy apresenta obras premiadas, a maioria in\u00e9dita no circuito comercial, que se desdobram nas categorias tem\u00e1ticas: Afrofant\u00e1stico, AI Fant\u00e1stica, Anima\u00e7\u00e3o Fant\u00e1stica, Brasil Fant\u00e1stico, Diretoras Fant\u00e1sticas, Espa\u00f1a Fant\u00e1stica, Estudantes, Fantasia Fant\u00e1stica, Fic\u00e7\u00e3o Cient\u00edfica, Fran\u00e7a Fant\u00e1stica, Horror e Queer Fant\u00e1stico.<\/p>\n\n\n\n<p>Entre os destaques, est\u00e1 o curta americano As Bestas, do diretor Michael Granberry, que integrou a equipe de Pin\u00f3quio de Guillermo del Toro, e que fez uma homenagem a um dos pioneiros da stop motion, Ladislas Starevich. O filme foi recentemente premiado no Festival de Annecy, onde conquistou o Pr\u00eamio do J\u00fari.<br>Os Curtas nacionais trazem produ\u00e7\u00f5es com grandes nomes do cinema nacional, como: Como Chorar Sem Derreter, protagonizado por Betty Faria, Umbilina e sua Grande Rival, de Marlom Meirelles, que traz Marc\u00e9lia Cartaxo e Zezita Matos no elenco, At\u00e9 o Caro\u00e7o, de Thomas Canton, com Erom Cordeiro, Sem Fantasia de Pedro Murad, com Eduardo Moscovis e Marly Monteiro Klien, Encanto Quebrado, de Luan Filippo, com Gilda Nomacce, Bergamota, de Hsu Chien, com Marcio Ros\u00e1rio, entre outros.<\/p>\n\n\n\n<p>A Cerim\u00f4nia de Encerramento ser\u00e1 realizada no dia 14 de setembro, \u00e0s 18h, no CCSP, com a entrega do Trof\u00e9u Jos\u00e9 Mojica Marins aos vencedores de cada categoria. Neste ano, o festival conta com um j\u00fari composto por 40 profissionais, entre brasileiros e estrangeiros. Entre eles, est\u00e3o o diretor Daniel Bandeira, do filme Propriedade; a diretora de anima\u00e7\u00e3o Rosana Urbes, vencedora do pr\u00eamio Prix Alexe\u00efeff-Parker na 49\u00aa edi\u00e7\u00e3o do Festival de Annecy com o filme Safo (2025); e a produtora canadense Frysha Boilard Ares.<\/p>\n\n\n\n<p>O 16\u00ba CINEFANTASY \u00e9 uma realiza\u00e7\u00e3o da Fly Cow Produ\u00e7\u00f5es por meio da Lei Paulo Gustavo, Minist\u00e9rio da Cultura e Apoio do Centro Cultural S\u00e3o Paulo, Spcine, Secretaria Municipal de Cultura e Economia Criativa e Prefeitura de S\u00e3o Paulo, Darkflix, DOT, Ctav, Naymove, Black Mandala.<br>O CINEFANTASY \u00e9 membro-fundador do FANTLATAM \u2013 Alianza Latinoamerica de Festivales de Cine Fant\u00e1stico e Forum dos Festivais.<\/p>\n\n\n\n<p>Mais informa\u00e7\u00f5es e programa\u00e7\u00e3o completa no site: www.cinefantasy.com.br<\/p>\n\n\n\n<p>Servi\u00e7o<br>16\u00ba Cinefantasy \u2013 Festival Internacional de Cinema Fant\u00e1stico<br>De 02 a 14 de setembro<br>Onde: Centro Cultural S\u00e3o Paulo &#8211; Rua Vergueiro, 1000<br>Entrada Gratuita<br>Online: www.darkflix.com.br<\/p>\n\n\n\n<p>Nas redes sociais:<br>Site: cinefantasy.com.br<br>Instagram: @cinefantasyfestival<br>X : @CineFantasy) \u00b7 X<br>Youtub: https:\/\/www.youtube.com\/@CINEFANTASY<\/p>\n\n\n\n<figure class=\"wp-block-image size-full\"><img fetchpriority=\"high\" decoding=\"async\" width=\"868\" height=\"460\" src=\"https:\/\/novosaopaulo.com.br\/n1\/wp-content\/uploads\/2025\/08\/WhatsApp-Image-2025-08-27-at-17.39.41.jpeg\" alt=\"\" class=\"wp-image-25605\" srcset=\"https:\/\/novosaopaulo.com.br\/n1\/wp-content\/uploads\/2025\/08\/WhatsApp-Image-2025-08-27-at-17.39.41.jpeg 868w, https:\/\/novosaopaulo.com.br\/n1\/wp-content\/uploads\/2025\/08\/WhatsApp-Image-2025-08-27-at-17.39.41-300x159.jpeg 300w, https:\/\/novosaopaulo.com.br\/n1\/wp-content\/uploads\/2025\/08\/WhatsApp-Image-2025-08-27-at-17.39.41-768x407.jpeg 768w\" sizes=\"(max-width: 868px) 100vw, 868px\" \/><\/figure>\n","protected":false},"excerpt":{"rendered":"<p>** A programa\u00e7\u00e3o re\u00fane estreias e filmes in\u00e9ditos no Brasil, indicados a pr\u00eamios como Oscar&#8230;<\/p>\n","protected":false},"author":1,"featured_media":25606,"comment_status":"open","ping_status":"open","sticky":false,"template":"","format":"standard","meta":{"footnotes":""},"categories":[2],"tags":[],"featured_image_urls":{"full":["https:\/\/novosaopaulo.com.br\/n1\/wp-content\/uploads\/2025\/08\/WhatsApp-Image-2025-08-27-at-17.39.42.jpeg",960,540,false],"thumbnail":["https:\/\/novosaopaulo.com.br\/n1\/wp-content\/uploads\/2025\/08\/WhatsApp-Image-2025-08-27-at-17.39.42-150x150.jpeg",150,150,true],"medium":["https:\/\/novosaopaulo.com.br\/n1\/wp-content\/uploads\/2025\/08\/WhatsApp-Image-2025-08-27-at-17.39.42-300x169.jpeg",300,169,true],"medium_large":["https:\/\/novosaopaulo.com.br\/n1\/wp-content\/uploads\/2025\/08\/WhatsApp-Image-2025-08-27-at-17.39.42-768x432.jpeg",640,360,true],"large":["https:\/\/novosaopaulo.com.br\/n1\/wp-content\/uploads\/2025\/08\/WhatsApp-Image-2025-08-27-at-17.39.42.jpeg",640,360,false],"1536x1536":["https:\/\/novosaopaulo.com.br\/n1\/wp-content\/uploads\/2025\/08\/WhatsApp-Image-2025-08-27-at-17.39.42.jpeg",960,540,false],"2048x2048":["https:\/\/novosaopaulo.com.br\/n1\/wp-content\/uploads\/2025\/08\/WhatsApp-Image-2025-08-27-at-17.39.42.jpeg",960,540,false],"newsever-slider-full":["https:\/\/novosaopaulo.com.br\/n1\/wp-content\/uploads\/2025\/08\/WhatsApp-Image-2025-08-27-at-17.39.42.jpeg",960,540,false],"newsever-featured":["https:\/\/novosaopaulo.com.br\/n1\/wp-content\/uploads\/2025\/08\/WhatsApp-Image-2025-08-27-at-17.39.42.jpeg",960,540,false],"newsever-medium":["https:\/\/novosaopaulo.com.br\/n1\/wp-content\/uploads\/2025\/08\/WhatsApp-Image-2025-08-27-at-17.39.42-720x475.jpeg",720,475,true]},"author_info":{"display_name":"Reda\u00e7\u00e3o","author_link":"https:\/\/novosaopaulo.com.br\/n1\/author\/g5poa\/"},"category_info":"<a href=\"https:\/\/novosaopaulo.com.br\/n1\/category\/cidades\/\" rel=\"category tag\">Cidades<\/a>","tag_info":"Cidades","comment_count":"0","_links":{"self":[{"href":"https:\/\/novosaopaulo.com.br\/n1\/wp-json\/wp\/v2\/posts\/25604"}],"collection":[{"href":"https:\/\/novosaopaulo.com.br\/n1\/wp-json\/wp\/v2\/posts"}],"about":[{"href":"https:\/\/novosaopaulo.com.br\/n1\/wp-json\/wp\/v2\/types\/post"}],"author":[{"embeddable":true,"href":"https:\/\/novosaopaulo.com.br\/n1\/wp-json\/wp\/v2\/users\/1"}],"replies":[{"embeddable":true,"href":"https:\/\/novosaopaulo.com.br\/n1\/wp-json\/wp\/v2\/comments?post=25604"}],"version-history":[{"count":1,"href":"https:\/\/novosaopaulo.com.br\/n1\/wp-json\/wp\/v2\/posts\/25604\/revisions"}],"predecessor-version":[{"id":25607,"href":"https:\/\/novosaopaulo.com.br\/n1\/wp-json\/wp\/v2\/posts\/25604\/revisions\/25607"}],"wp:featuredmedia":[{"embeddable":true,"href":"https:\/\/novosaopaulo.com.br\/n1\/wp-json\/wp\/v2\/media\/25606"}],"wp:attachment":[{"href":"https:\/\/novosaopaulo.com.br\/n1\/wp-json\/wp\/v2\/media?parent=25604"}],"wp:term":[{"taxonomy":"category","embeddable":true,"href":"https:\/\/novosaopaulo.com.br\/n1\/wp-json\/wp\/v2\/categories?post=25604"},{"taxonomy":"post_tag","embeddable":true,"href":"https:\/\/novosaopaulo.com.br\/n1\/wp-json\/wp\/v2\/tags?post=25604"}],"curies":[{"name":"wp","href":"https:\/\/api.w.org\/{rel}","templated":true}]}}