{"id":25601,"date":"2025-08-27T18:14:24","date_gmt":"2025-08-27T21:14:24","guid":{"rendered":"https:\/\/novosaopaulo.com.br\/n1\/?p=25601"},"modified":"2025-08-27T18:14:25","modified_gmt":"2025-08-27T21:14:25","slug":"na-48a-expointer-vetnil-reafirma-compromisso-com-a-saude-e-performance-de-equinos-nas-grandes-finais-do-cavalo-crioulo","status":"publish","type":"post","link":"https:\/\/novosaopaulo.com.br\/n1\/na-48a-expointer-vetnil-reafirma-compromisso-com-a-saude-e-performance-de-equinos-nas-grandes-finais-do-cavalo-crioulo\/","title":{"rendered":"Na 48\u00aa Expointer, Vetnil reafirma compromisso com a sa\u00fade e performance de equinos nas grandes finais do Cavalo Crioulo"},"content":{"rendered":"\n<p>Iniciativas aproximam a marca de competidores e p\u00fablico em Esteio (RS)<\/p>\n\n\n\n<p>Refer\u00eancia nacional em medicamentos e suplementos para equinos, a Vetnil marcar\u00e1 presen\u00e7a na fase final da Morfologia do Cavalo Crioulo, promovida pela Associa\u00e7\u00e3o Brasileira de Criadores de Cavalos Crioulos (ABCCC) entre os dias 26 e 31 de agosto, na Arena do Cavalo Crioulo, em Esteio (RS). \u201cA Morfologia \u00e9 um momento importante para reunir os melhores exemplares da ra\u00e7a e criadores do pa\u00eds. Marcar nossa presen\u00e7a com modernas solu\u00e7\u00f5es de alta qualidade e oferecer suporte t\u00e9cnico aos competidores \u00e9 uma boa forma de apoiar a ra\u00e7a\u201d, destaca Maria Am\u00e9lia Salviano, gerente de marketing para equinos da Vetnil.<\/p>\n\n\n\n<p>Marca oficial da ra\u00e7a, a Vetnil preparou uma s\u00e9rie de a\u00e7\u00f5es especiais para estreitar la\u00e7os com o p\u00fablico presente e os competidores, como seu estande, desenvolvido para ser um espa\u00e7o exclusivo e acolhedor onde os visitantes poder\u00e3o conhecer de perto tecnologias em destaque do portf\u00f3lio da companhia.<\/p>\n\n\n\n<p>Tamb\u00e9m faz parte dos diferenciais o oferecimento de um atendimento veterin\u00e1rio t\u00e9cnico especializado, que refor\u00e7ar\u00e1 os esfor\u00e7os da empresa com o bem-estar dos cavalos atletas. Do mesmo modo, um espa\u00e7o em formato de pitstop \u00e9 outra das boas iniciativas da Vetnil, j\u00e1 que consiste em uma \u00e1rea na pista com ponto de apoio disponibilizando \u00e1gua fresca e um promotor Vetnil dispon\u00edvel para aux\u00edlio, al\u00e9m de televis\u00e3o com transmiss\u00f5es em tempo real das provas, permitindo que todos acompanhem cada detalhe da competi\u00e7\u00e3o.<\/p>\n\n\n\n<p>\u201cAl\u00e9m de todas as a\u00e7\u00f5es, seguimos com apoio ao evento sendo patrocinadores do centro veterin\u00e1rio e garantindo apoio completo aos profissionais e animais durante os momentos decisivos da competi\u00e7\u00e3o\u201d, refor\u00e7a Maria Am\u00e9lia.<\/p>\n\n\n\n<p>Al\u00e9m disso, a linha de suplementos Super Premium JCR da Vetnil ganhar\u00e1 destaque especial. Desenvolvida com foco em alta performance, sa\u00fade e bem-estar dos cavalos atletas, a linha JCR representa o que h\u00e1 de mais avan\u00e7ado em suplementa\u00e7\u00e3o para equinos de elite. \u201cA presen\u00e7a da marca JCR na Morfologia combina tecnologia, tradi\u00e7\u00e3o e confian\u00e7a: pilares s\u00f3lidos que sustentam a atua\u00e7\u00e3o da Vetnil no segmento\u201d, complementa Maria Am\u00e9lia.<\/p>\n\n\n\n<p>A presen\u00e7a da Vetnil na Morfologia 2025 aquece a participa\u00e7\u00e3o no Freio de Ouro, que contar\u00e1 com a\u00e7\u00f5es da empresa voltadas ao bem-estar e desempenho dos animais atletas. O Freio de Ouro integra a programa\u00e7\u00e3o da 48\u00aa Expointer, que acontece de 30 de agosto a 7 de setembro. A prova ser\u00e1 realizada entre os dias 1\u00ba e 6 de setembro, na Arena do Cavalo Crioulo, no Parque de Exposi\u00e7\u00f5es Assis Brasil, em Esteio.<\/p>\n\n\n\n<p>Sobre a Vetnil<br>A Vetnil\u00ae \u00e9 uma empresa brasileira idealizada pelo m\u00e9dico veterin\u00e1rio Dr. Jo\u00e3o Carlos Ribeiro, em 1994, na cidade de Louveira (SP). Nasceu com a inten\u00e7\u00e3o de desenvolver produtos nacionais de qualidade a pre\u00e7os acess\u00edveis para o mercado de sa\u00fade animal. Hoje \u00e9 l\u00edder em medicamentos e suplementos para equinos no Brasil (Ranking SINDAN 2024), com um portf\u00f3lio s\u00f3lido e reconhecido entre os profissionais do setor. Est\u00e1 presente em diversos pa\u00edses da Am\u00e9rica Latina, em especial, Chile, Col\u00f4mbia e Peru, e em pa\u00edses como Eslov\u00eania, Angola e Emirados \u00c1rabes Unidos. Em 2021 foi a vencedora do pr\u00eamio Melhores do Agroneg\u00f3cio,<br>concedido pela revista Globo Rural e Editora Globo, na categoria Sa\u00fade Animal. Para mais informa\u00e7\u00f5es, acesse o site vetnil.com.br e siga o perfil no Instagram @vetnilequinosoficial.<\/p>\n","protected":false},"excerpt":{"rendered":"<p>Iniciativas aproximam a marca de competidores e p\u00fablico em Esteio (RS) Refer\u00eancia nacional em medicamentos&#8230;<\/p>\n","protected":false},"author":1,"featured_media":25602,"comment_status":"open","ping_status":"open","sticky":false,"template":"","format":"standard","meta":{"footnotes":""},"categories":[2],"tags":[],"featured_image_urls":{"full":["https:\/\/novosaopaulo.com.br\/n1\/wp-content\/uploads\/2025\/08\/WhatsApp-Image-2025-08-27-at-16.52.23.jpeg",580,435,false],"thumbnail":["https:\/\/novosaopaulo.com.br\/n1\/wp-content\/uploads\/2025\/08\/WhatsApp-Image-2025-08-27-at-16.52.23-150x150.jpeg",150,150,true],"medium":["https:\/\/novosaopaulo.com.br\/n1\/wp-content\/uploads\/2025\/08\/WhatsApp-Image-2025-08-27-at-16.52.23-300x225.jpeg",300,225,true],"medium_large":["https:\/\/novosaopaulo.com.br\/n1\/wp-content\/uploads\/2025\/08\/WhatsApp-Image-2025-08-27-at-16.52.23.jpeg",580,435,false],"large":["https:\/\/novosaopaulo.com.br\/n1\/wp-content\/uploads\/2025\/08\/WhatsApp-Image-2025-08-27-at-16.52.23.jpeg",580,435,false],"1536x1536":["https:\/\/novosaopaulo.com.br\/n1\/wp-content\/uploads\/2025\/08\/WhatsApp-Image-2025-08-27-at-16.52.23.jpeg",580,435,false],"2048x2048":["https:\/\/novosaopaulo.com.br\/n1\/wp-content\/uploads\/2025\/08\/WhatsApp-Image-2025-08-27-at-16.52.23.jpeg",580,435,false],"newsever-slider-full":["https:\/\/novosaopaulo.com.br\/n1\/wp-content\/uploads\/2025\/08\/WhatsApp-Image-2025-08-27-at-16.52.23.jpeg",580,435,false],"newsever-featured":["https:\/\/novosaopaulo.com.br\/n1\/wp-content\/uploads\/2025\/08\/WhatsApp-Image-2025-08-27-at-16.52.23.jpeg",580,435,false],"newsever-medium":["https:\/\/novosaopaulo.com.br\/n1\/wp-content\/uploads\/2025\/08\/WhatsApp-Image-2025-08-27-at-16.52.23.jpeg",580,435,false]},"author_info":{"display_name":"Reda\u00e7\u00e3o","author_link":"https:\/\/novosaopaulo.com.br\/n1\/author\/g5poa\/"},"category_info":"<a href=\"https:\/\/novosaopaulo.com.br\/n1\/category\/cidades\/\" rel=\"category tag\">Cidades<\/a>","tag_info":"Cidades","comment_count":"0","_links":{"self":[{"href":"https:\/\/novosaopaulo.com.br\/n1\/wp-json\/wp\/v2\/posts\/25601"}],"collection":[{"href":"https:\/\/novosaopaulo.com.br\/n1\/wp-json\/wp\/v2\/posts"}],"about":[{"href":"https:\/\/novosaopaulo.com.br\/n1\/wp-json\/wp\/v2\/types\/post"}],"author":[{"embeddable":true,"href":"https:\/\/novosaopaulo.com.br\/n1\/wp-json\/wp\/v2\/users\/1"}],"replies":[{"embeddable":true,"href":"https:\/\/novosaopaulo.com.br\/n1\/wp-json\/wp\/v2\/comments?post=25601"}],"version-history":[{"count":1,"href":"https:\/\/novosaopaulo.com.br\/n1\/wp-json\/wp\/v2\/posts\/25601\/revisions"}],"predecessor-version":[{"id":25603,"href":"https:\/\/novosaopaulo.com.br\/n1\/wp-json\/wp\/v2\/posts\/25601\/revisions\/25603"}],"wp:featuredmedia":[{"embeddable":true,"href":"https:\/\/novosaopaulo.com.br\/n1\/wp-json\/wp\/v2\/media\/25602"}],"wp:attachment":[{"href":"https:\/\/novosaopaulo.com.br\/n1\/wp-json\/wp\/v2\/media?parent=25601"}],"wp:term":[{"taxonomy":"category","embeddable":true,"href":"https:\/\/novosaopaulo.com.br\/n1\/wp-json\/wp\/v2\/categories?post=25601"},{"taxonomy":"post_tag","embeddable":true,"href":"https:\/\/novosaopaulo.com.br\/n1\/wp-json\/wp\/v2\/tags?post=25601"}],"curies":[{"name":"wp","href":"https:\/\/api.w.org\/{rel}","templated":true}]}}