{"id":25594,"date":"2025-08-27T18:13:13","date_gmt":"2025-08-27T21:13:13","guid":{"rendered":"https:\/\/novosaopaulo.com.br\/n1\/?p=25594"},"modified":"2025-08-27T18:13:32","modified_gmt":"2025-08-27T21:13:32","slug":"prefeitura-de-mogi-das-cruzes-e-umc-assinam-termo-de-parceria-para-ampliar-atendimentos-a-populacao","status":"publish","type":"post","link":"https:\/\/novosaopaulo.com.br\/n1\/prefeitura-de-mogi-das-cruzes-e-umc-assinam-termo-de-parceria-para-ampliar-atendimentos-a-populacao\/","title":{"rendered":"Prefeitura de Mogi das Cruzes e UMC assinam termo de parceria para ampliar atendimentos \u00e0 popula\u00e7\u00e3o"},"content":{"rendered":"\n<p><em>Parceria visa fortalecer a assist\u00eancia social do munic\u00edpio e oferecer pr\u00e1tica acad\u00eamica aos estudantes<\/em><\/p>\n\n\n\n<p>A Prefeitura de Mogi das Cruzes e a Universidade de Mogi das Cruzes (UMC) firmaram, nesta ter\u00e7a-feira (26), um termo de coopera\u00e7\u00e3o t\u00e9cnica com o objetivo de fortalecer a rede socioassistencial do munic\u00edpio, promover maior inclus\u00e3o social e oferecer viv\u00eancia pr\u00e1tica aos estudantes universit\u00e1rios. O ato oficial aconteceu no Teatro Manoel Bezerra de Melo e reuniu autoridades municipais, coordenadores de cursos, representantes da UMC, alunos e profissionais da imprensa.<\/p>\n\n\n\n<p>A mesa principal foi composta pela prefeita Mara Bertaiolli, pela secret\u00e1ria municipal de Assist\u00eancia Social, Daniela Mariano, pelo diretor administrativo da UMC, Luiz Carlos Jorge Oliveira Leite, pelo vereador da C\u00e2mara, Johnross Jones Lima, e pela professora Tatiana Mello, coordenadora de Pesquisa e P\u00f3s-Gradua\u00e7\u00e3o da UMC.<\/p>\n\n\n\n<p>A parceria entre a UMC e a Secretaria Municipal de Assist\u00eancia Social prev\u00ea o desenvolvimento de atividades de extens\u00e3o universit\u00e1ria, integrando o conhecimento acad\u00eamico \u00e0 pr\u00e1tica social. Alunos e professores da universidade atuar\u00e3o diretamente nos servi\u00e7os municipais, contribuindo com atendimentos individualizados e projetos comunit\u00e1rios voltados \u00e0 promo\u00e7\u00e3o da dignidade e da cidadania.<\/p>\n\n\n\n<p>Nesta primeira fase, tr\u00eas projetos principais est\u00e3o sendo desenvolvidos:<\/p>\n\n\n\n<p><strong>Vila Dignidade: <\/strong>iniciativa voltada a idosos em situa\u00e7\u00e3o de vulnerabilidade, com 22 resid\u00eancias que oferecem atividades f\u00edsicas, fisioterapia e implanta\u00e7\u00e3o de placas solares, promovendo autonomia e qualidade de vida.<\/p>\n\n\n\n<p><strong>Atendimento a pessoas em situa\u00e7\u00e3o de rua: <\/strong>a\u00e7\u00f5es socioeducacionais e de inser\u00e7\u00e3o social, com acompanhamento e apoio dos estudantes universit\u00e1rios.<\/p>\n\n\n\n<p><strong>Servi\u00e7o odontol\u00f3gico para crian\u00e7as e adolescentes:<\/strong> mais de 1.700 jovens em situa\u00e7\u00e3o de vulnerabilidade ser\u00e3o atendidos, garantindo sa\u00fade bucal e fortalecimento de v\u00ednculos sociais.<\/p>\n\n\n\n<p>Durante o evento, a professora Tatiana Mello destacou o papel da UMC no desenvolvimento da cidade e a import\u00e2ncia das atividades de extens\u00e3o universit\u00e1ria:<\/p>\n\n\n\n<p>\u201cA UMC tem mais de 60 anos de contribui\u00e7\u00e3o para o desenvolvimento de Mogi das Cruzes, formando profissionais e produzindo conhecimento. As atividades de extens\u00e3o aproximam a universidade das necessidades reais da popula\u00e7\u00e3o, tornando a forma\u00e7\u00e3o dos alunos mais completa. Essa parceria \u00e9 o in\u00edcio de muitos projetos que v\u00e3o beneficiar tanto os estudantes quanto a comunidade.\u201d<\/p>\n\n\n\n<p>A secret\u00e1ria Daniela Mariano ressaltou que a parceria permitir\u00e1 ampliar o alcance e a qualidade dos servi\u00e7os oferecidos pela Assist\u00eancia Social, que atualmente atende cerca de 152 mil fam\u00edlias:<\/p>\n\n\n\n<p>\u201cA parceria com a UMC vai qualificar o atendimento na rede socioassistencial, promover inclus\u00e3o social e oferecer viv\u00eancia pr\u00e1tica aos estudantes, e essa coopera\u00e7\u00e3o permitir\u00e1 ampliar o alcance e a qualidade dos servi\u00e7os, reduzindo a vulnerabilidade da popula\u00e7\u00e3o atendida\u201d.<\/p>\n\n\n\n<p>A prefeita Mara Bertaiolli celebrou a uni\u00e3o entre universidade e gest\u00e3o p\u00fablica:<\/p>\n\n\n\n<p>\u201cA assinatura do termo de coopera\u00e7\u00e3o t\u00e9cnica entre a UMC e a Prefeitura ter\u00e1 efeitos diretos na popula\u00e7\u00e3o, especialmente nos que mais precisam, com projetos nas \u00e1reas de assist\u00eancia social, sa\u00fade, educa\u00e7\u00e3o e inclus\u00e3o social. A participa\u00e7\u00e3o de alunos e professores ser\u00e1 transformadora para os estudantes e ben\u00e9fica para a comunidade\u201d.<\/p>\n\n\n\n<p>A parceria marca o in\u00edcio de uma colabora\u00e7\u00e3o cont\u00ednua entre a Prefeitura de Mogi das Cruzes e a UMC, consolidando o compromisso com a cidadania, a inclus\u00e3o social e a forma\u00e7\u00e3o pr\u00e1tica de futuros profissionais. A expectativa \u00e9 que a parceria gere resultados concretos na melhoria dos servi\u00e7os socioassistenciais e contribua para o desenvolvimento da comunidade local.<\/p>\n\n\n\n<figure class=\"wp-block-gallery has-nested-images columns-default is-cropped wp-block-gallery-1 is-layout-flex wp-block-gallery-is-layout-flex\">\n<figure class=\"wp-block-image size-large\"><a href=\"https:\/\/novosaopaulo.com.br\/n1\/?attachment_id=25597\" target=\"_blank\" rel=\"noopener\"><img fetchpriority=\"high\" decoding=\"async\" width=\"915\" height=\"500\" data-id=\"25597\" src=\"https:\/\/novosaopaulo.com.br\/n1\/wp-content\/uploads\/2025\/08\/WhatsApp-Image-2025-08-27-at-15.15.16.jpeg\" alt=\"\" class=\"wp-image-25597\" srcset=\"https:\/\/novosaopaulo.com.br\/n1\/wp-content\/uploads\/2025\/08\/WhatsApp-Image-2025-08-27-at-15.15.16.jpeg 915w, https:\/\/novosaopaulo.com.br\/n1\/wp-content\/uploads\/2025\/08\/WhatsApp-Image-2025-08-27-at-15.15.16-300x164.jpeg 300w, https:\/\/novosaopaulo.com.br\/n1\/wp-content\/uploads\/2025\/08\/WhatsApp-Image-2025-08-27-at-15.15.16-768x420.jpeg 768w\" sizes=\"(max-width: 915px) 100vw, 915px\" \/><\/a><\/figure>\n\n\n\n<figure class=\"wp-block-image size-large\"><a href=\"https:\/\/novosaopaulo.com.br\/n1\/?attachment_id=25598\" target=\"_blank\" rel=\"noopener\"><img decoding=\"async\" width=\"960\" height=\"572\" data-id=\"25598\" src=\"https:\/\/novosaopaulo.com.br\/n1\/wp-content\/uploads\/2025\/08\/WhatsApp-Image-2025-08-27-at-15.15.15.jpeg\" alt=\"\" class=\"wp-image-25598\" srcset=\"https:\/\/novosaopaulo.com.br\/n1\/wp-content\/uploads\/2025\/08\/WhatsApp-Image-2025-08-27-at-15.15.15.jpeg 960w, https:\/\/novosaopaulo.com.br\/n1\/wp-content\/uploads\/2025\/08\/WhatsApp-Image-2025-08-27-at-15.15.15-300x179.jpeg 300w, https:\/\/novosaopaulo.com.br\/n1\/wp-content\/uploads\/2025\/08\/WhatsApp-Image-2025-08-27-at-15.15.15-768x458.jpeg 768w\" sizes=\"(max-width: 960px) 100vw, 960px\" \/><\/a><\/figure>\n<\/figure>\n","protected":false},"excerpt":{"rendered":"<p>Parceria visa fortalecer a assist\u00eancia social do munic\u00edpio e oferecer pr\u00e1tica acad\u00eamica aos estudantes A&#8230;<\/p>\n","protected":false},"author":1,"featured_media":25600,"comment_status":"open","ping_status":"open","sticky":false,"template":"","format":"standard","meta":{"footnotes":""},"categories":[34],"tags":[],"featured_image_urls":{"full":["https:\/\/novosaopaulo.com.br\/n1\/wp-content\/uploads\/2025\/08\/capaWhatsApp-Image-2025-08-27-at-15.15.15.jpeg",960,572,false],"thumbnail":["https:\/\/novosaopaulo.com.br\/n1\/wp-content\/uploads\/2025\/08\/capaWhatsApp-Image-2025-08-27-at-15.15.15-150x150.jpeg",150,150,true],"medium":["https:\/\/novosaopaulo.com.br\/n1\/wp-content\/uploads\/2025\/08\/capaWhatsApp-Image-2025-08-27-at-15.15.15-300x179.jpeg",300,179,true],"medium_large":["https:\/\/novosaopaulo.com.br\/n1\/wp-content\/uploads\/2025\/08\/capaWhatsApp-Image-2025-08-27-at-15.15.15-768x458.jpeg",640,382,true],"large":["https:\/\/novosaopaulo.com.br\/n1\/wp-content\/uploads\/2025\/08\/capaWhatsApp-Image-2025-08-27-at-15.15.15.jpeg",640,381,false],"1536x1536":["https:\/\/novosaopaulo.com.br\/n1\/wp-content\/uploads\/2025\/08\/capaWhatsApp-Image-2025-08-27-at-15.15.15.jpeg",960,572,false],"2048x2048":["https:\/\/novosaopaulo.com.br\/n1\/wp-content\/uploads\/2025\/08\/capaWhatsApp-Image-2025-08-27-at-15.15.15.jpeg",960,572,false],"newsever-slider-full":["https:\/\/novosaopaulo.com.br\/n1\/wp-content\/uploads\/2025\/08\/capaWhatsApp-Image-2025-08-27-at-15.15.15.jpeg",960,572,false],"newsever-featured":["https:\/\/novosaopaulo.com.br\/n1\/wp-content\/uploads\/2025\/08\/capaWhatsApp-Image-2025-08-27-at-15.15.15.jpeg",960,572,false],"newsever-medium":["https:\/\/novosaopaulo.com.br\/n1\/wp-content\/uploads\/2025\/08\/capaWhatsApp-Image-2025-08-27-at-15.15.15-720x475.jpeg",720,475,true]},"author_info":{"display_name":"Reda\u00e7\u00e3o","author_link":"https:\/\/novosaopaulo.com.br\/n1\/author\/g5poa\/"},"category_info":"<a href=\"https:\/\/novosaopaulo.com.br\/n1\/category\/alto-tiete\/\" rel=\"category tag\">Alto Tiet\u00ea<\/a>","tag_info":"Alto Tiet\u00ea","comment_count":"0","_links":{"self":[{"href":"https:\/\/novosaopaulo.com.br\/n1\/wp-json\/wp\/v2\/posts\/25594"}],"collection":[{"href":"https:\/\/novosaopaulo.com.br\/n1\/wp-json\/wp\/v2\/posts"}],"about":[{"href":"https:\/\/novosaopaulo.com.br\/n1\/wp-json\/wp\/v2\/types\/post"}],"author":[{"embeddable":true,"href":"https:\/\/novosaopaulo.com.br\/n1\/wp-json\/wp\/v2\/users\/1"}],"replies":[{"embeddable":true,"href":"https:\/\/novosaopaulo.com.br\/n1\/wp-json\/wp\/v2\/comments?post=25594"}],"version-history":[{"count":1,"href":"https:\/\/novosaopaulo.com.br\/n1\/wp-json\/wp\/v2\/posts\/25594\/revisions"}],"predecessor-version":[{"id":25599,"href":"https:\/\/novosaopaulo.com.br\/n1\/wp-json\/wp\/v2\/posts\/25594\/revisions\/25599"}],"wp:featuredmedia":[{"embeddable":true,"href":"https:\/\/novosaopaulo.com.br\/n1\/wp-json\/wp\/v2\/media\/25600"}],"wp:attachment":[{"href":"https:\/\/novosaopaulo.com.br\/n1\/wp-json\/wp\/v2\/media?parent=25594"}],"wp:term":[{"taxonomy":"category","embeddable":true,"href":"https:\/\/novosaopaulo.com.br\/n1\/wp-json\/wp\/v2\/categories?post=25594"},{"taxonomy":"post_tag","embeddable":true,"href":"https:\/\/novosaopaulo.com.br\/n1\/wp-json\/wp\/v2\/tags?post=25594"}],"curies":[{"name":"wp","href":"https:\/\/api.w.org\/{rel}","templated":true}]}}