{"id":25585,"date":"2025-08-27T18:00:55","date_gmt":"2025-08-27T21:00:55","guid":{"rendered":"https:\/\/novosaopaulo.com.br\/n1\/?p=25585"},"modified":"2025-08-27T18:00:56","modified_gmt":"2025-08-27T21:00:56","slug":"caes-sao-aliados-contra-a-depressao-beneficios-e-cuidados-dessa-relacao","status":"publish","type":"post","link":"https:\/\/novosaopaulo.com.br\/n1\/caes-sao-aliados-contra-a-depressao-beneficios-e-cuidados-dessa-relacao\/","title":{"rendered":"C\u00e3es s\u00e3o aliados contra a depress\u00e3o: benef\u00edcios e cuidados dessa rela\u00e7\u00e3o"},"content":{"rendered":"\n<p>No novo epis\u00f3dio do podcast Conectados, especialistas compartilham experi\u00eancias e orienta\u00e7\u00f5es sobre como a conviv\u00eancia com c\u00e3es pode transformar a vida de pessoas<\/p>\n\n\n\n<p>O Brasil lidera o ranking da depress\u00e3o na Am\u00e9rica Latina. Segundo a OMS (Organiza\u00e7\u00e3o Mundial da Sa\u00fade), cerca de 6% da popula\u00e7\u00e3o da regi\u00e3o s\u00e3o afetados pelo problema. O que poucos sabem \u00e9 que esse transtorno mental tamb\u00e9m pode impactar os animais. Esse \u00e9 o tema do segundo epis\u00f3dio da terceira temporada do podcast Biolab Cast Conectados, no qual especialistas falam da rela\u00e7\u00e3o entre humanos e animais, ressaltando o suporte emocional que esse v\u00ednculo pode oferecer. A iniciativa \u00e9 promovida pela linha de Sistema Nervoso Central (SNC) da Biolab Farmac\u00eautica, com o apoio da Avert\u00ae\ufe0f Biolab Sa\u00fade Animal, sua divis\u00e3o de sa\u00fade animal.<\/p>\n\n\n\n<p>O epis\u00f3dio \u00e9 apresentado pelo dr. Luiz Dieckmann, m\u00e9dico-psiquiatra, e pela dra. Paula Dieckmann, especialista em neurologia, e foi gravado durante o Congresso Brain, evento para m\u00e9dicos que \u00e9 refer\u00eancia na \u00e1rea de neuroci\u00eancia. Participaram tamb\u00e9m Luciana Athayde, empres\u00e1ria e tutora dos pets influenciadores do Sexteto 4 Patas, e o dr. Eduardo Gomes Bezerra, m\u00e9dico-veterin\u00e1rio especializado em cirurgia veterin\u00e1ria.<\/p>\n\n\n\n<p>Os c\u00e3es ajudam a transformar ambientes tensos em espa\u00e7os mais leves e acolhedores. Luciana conta que a ideia de levar cachorros para apoiar pessoas surgiu na pandemia. \u201cFiquei pensando no que poderia fazer para ajudar as pessoas. Mesmo presa em casa, eu tinha alegria, porque tinha os c\u00e3es. A presen\u00e7a desses animais em hospitais e lares de idosos faz toda a diferen\u00e7a para pacientes que convivem com transtornos psiqui\u00e1tricos\u201d.<\/p>\n\n\n\n<p>No mundo animal, os c\u00e3es tamb\u00e9m podem sofrer de depress\u00e3o. Segundo o dr. Eduardo Gomes, eles t\u00eam condi\u00e7\u00f5es gen\u00e9ticas semelhantes \u00e0s dos humanos. \u201cA perda de um ente familiar pode deixar o c\u00e3o desorientado e gerar mudan\u00e7as no comportamento, como diminui\u00e7\u00e3o do apetite, altera\u00e7\u00f5es no sono e atitudes que ele n\u00e3o tinha antes\u201d. O m\u00e9dico ressalta que, assim como para os humanos, existem tratamentos para transtornos psiqui\u00e1tricos em animais.<\/p>\n\n\n\n<p>O debate tamb\u00e9m mostrou que cuidar da sa\u00fade mental do tutor \u00e9 essencial, pois ela impacta diretamente o bem-estar do pet. A conex\u00e3o com os c\u00e3es vai muito al\u00e9m da companhia: eles se tornaram parte da fam\u00edlia e oferecem benef\u00edcios significativos para a vida das pessoas. No entanto, essa troca s\u00f3 \u00e9 plena quando acompanhada dos cuidados necess\u00e1rios para uma conviv\u00eancia segura e saud\u00e1vel, fortalecendo uma rela\u00e7\u00e3o de apoio m\u00fatuo, em que tutor e animal cuidam um do outro.<\/p>\n\n\n\n<p>Sobre a Biolab<\/p>\n\n\n\n<p>Promover um futuro com mais qualidade de vida requer uma busca incans\u00e1vel por tratamentos seguros e inovadores. Por isso, a Biolab, ind\u00fastria farmac\u00eautica brasileira fundada em 1997 e com presen\u00e7a internacional, investe em pesquisas e parcerias para superar os crescentes desafios da sa\u00fade.<\/p>\n\n\n\n<p>Com quase 4.000 colaboradores e uma das maiores For\u00e7as de Vendas do pa\u00eds, a empresa se destaca entre as maiores farmac\u00eauticas brasileiras. Em 2025, foi reconhecida no LinkedIn Top Companies como uma das 15 melhores do Brasil para se trabalhar, avaliada em crit\u00e9rios como oportunidades de crescimento, desenvolvimento de compet\u00eancias, diversidade e estabilidade.<\/p>\n\n\n\n<p>A Biolab atua em diversas especialidades, como: dermatologia, ginecologia, ortopedia, gastroenterologia, pediatria, cl\u00ednica m\u00e9dica e sistema nervoso central, al\u00e9m de ser l\u00edder em cardiologia. As unidades de neg\u00f3cio Biolab Gen\u00e9ricos, Avert Humana e Avert Biolab Sa\u00fade Animal contribuem com o portf\u00f3lio de mais de 500 produtos.<\/p>\n","protected":false},"excerpt":{"rendered":"<p>No novo epis\u00f3dio do podcast Conectados, especialistas compartilham experi\u00eancias e orienta\u00e7\u00f5es sobre como a conviv\u00eancia&#8230;<\/p>\n","protected":false},"author":1,"featured_media":25587,"comment_status":"open","ping_status":"open","sticky":false,"template":"","format":"standard","meta":{"footnotes":""},"categories":[2],"tags":[],"featured_image_urls":{"full":["https:\/\/novosaopaulo.com.br\/n1\/wp-content\/uploads\/2025\/08\/WhatsApp-Image-2025-08-27-at-13.20.02.jpeg",600,800,false],"thumbnail":["https:\/\/novosaopaulo.com.br\/n1\/wp-content\/uploads\/2025\/08\/WhatsApp-Image-2025-08-27-at-13.20.02-150x150.jpeg",150,150,true],"medium":["https:\/\/novosaopaulo.com.br\/n1\/wp-content\/uploads\/2025\/08\/WhatsApp-Image-2025-08-27-at-13.20.02-225x300.jpeg",225,300,true],"medium_large":["https:\/\/novosaopaulo.com.br\/n1\/wp-content\/uploads\/2025\/08\/WhatsApp-Image-2025-08-27-at-13.20.02.jpeg",600,800,false],"large":["https:\/\/novosaopaulo.com.br\/n1\/wp-content\/uploads\/2025\/08\/WhatsApp-Image-2025-08-27-at-13.20.02.jpeg",600,800,false],"1536x1536":["https:\/\/novosaopaulo.com.br\/n1\/wp-content\/uploads\/2025\/08\/WhatsApp-Image-2025-08-27-at-13.20.02.jpeg",600,800,false],"2048x2048":["https:\/\/novosaopaulo.com.br\/n1\/wp-content\/uploads\/2025\/08\/WhatsApp-Image-2025-08-27-at-13.20.02.jpeg",600,800,false],"newsever-slider-full":["https:\/\/novosaopaulo.com.br\/n1\/wp-content\/uploads\/2025\/08\/WhatsApp-Image-2025-08-27-at-13.20.02.jpeg",600,800,false],"newsever-featured":["https:\/\/novosaopaulo.com.br\/n1\/wp-content\/uploads\/2025\/08\/WhatsApp-Image-2025-08-27-at-13.20.02.jpeg",600,800,false],"newsever-medium":["https:\/\/novosaopaulo.com.br\/n1\/wp-content\/uploads\/2025\/08\/WhatsApp-Image-2025-08-27-at-13.20.02-600x475.jpeg",600,475,true]},"author_info":{"display_name":"Reda\u00e7\u00e3o","author_link":"https:\/\/novosaopaulo.com.br\/n1\/author\/g5poa\/"},"category_info":"<a href=\"https:\/\/novosaopaulo.com.br\/n1\/category\/cidades\/\" rel=\"category tag\">Cidades<\/a>","tag_info":"Cidades","comment_count":"0","_links":{"self":[{"href":"https:\/\/novosaopaulo.com.br\/n1\/wp-json\/wp\/v2\/posts\/25585"}],"collection":[{"href":"https:\/\/novosaopaulo.com.br\/n1\/wp-json\/wp\/v2\/posts"}],"about":[{"href":"https:\/\/novosaopaulo.com.br\/n1\/wp-json\/wp\/v2\/types\/post"}],"author":[{"embeddable":true,"href":"https:\/\/novosaopaulo.com.br\/n1\/wp-json\/wp\/v2\/users\/1"}],"replies":[{"embeddable":true,"href":"https:\/\/novosaopaulo.com.br\/n1\/wp-json\/wp\/v2\/comments?post=25585"}],"version-history":[{"count":1,"href":"https:\/\/novosaopaulo.com.br\/n1\/wp-json\/wp\/v2\/posts\/25585\/revisions"}],"predecessor-version":[{"id":25588,"href":"https:\/\/novosaopaulo.com.br\/n1\/wp-json\/wp\/v2\/posts\/25585\/revisions\/25588"}],"wp:featuredmedia":[{"embeddable":true,"href":"https:\/\/novosaopaulo.com.br\/n1\/wp-json\/wp\/v2\/media\/25587"}],"wp:attachment":[{"href":"https:\/\/novosaopaulo.com.br\/n1\/wp-json\/wp\/v2\/media?parent=25585"}],"wp:term":[{"taxonomy":"category","embeddable":true,"href":"https:\/\/novosaopaulo.com.br\/n1\/wp-json\/wp\/v2\/categories?post=25585"},{"taxonomy":"post_tag","embeddable":true,"href":"https:\/\/novosaopaulo.com.br\/n1\/wp-json\/wp\/v2\/tags?post=25585"}],"curies":[{"name":"wp","href":"https:\/\/api.w.org\/{rel}","templated":true}]}}