{"id":25572,"date":"2025-08-26T22:26:20","date_gmt":"2025-08-27T01:26:20","guid":{"rendered":"https:\/\/novosaopaulo.com.br\/n1\/?p=25572"},"modified":"2025-08-26T22:26:30","modified_gmt":"2025-08-27T01:26:30","slug":"com-recorde-de-prefeitos-congresso-de-municipios-em-sao-paulo-destaca-uniao-etroca-de-experiencias-para-fortalecer-as-cidades","status":"publish","type":"post","link":"https:\/\/novosaopaulo.com.br\/n1\/com-recorde-de-prefeitos-congresso-de-municipios-em-sao-paulo-destaca-uniao-etroca-de-experiencias-para-fortalecer-as-cidades\/","title":{"rendered":"Com recorde de prefeitos, Congresso de Munic\u00edpios em S\u00e3o Paulo destaca uni\u00e3o e troca de experi\u00eancias para fortalecer as cidades"},"content":{"rendered":"\n<p>Em sua primeira vez na capital, evento prop\u00f5e constru\u00e7\u00e3o de agenda comum na defesa de mais recursos e melhores condi\u00e7\u00f5es para atender \u00e0 popula\u00e7\u00e3o<\/p>\n\n\n\n<p>Realizado pela primeira vez na capital, o Congresso Estadual de Munic\u00edpios, aberto nesta ter\u00e7a-feira (26), teve recorde de prefeitos &#8211; 580 dos 645 do Estado de S\u00e3o Paulo &#8211; e foi palco para discuss\u00f5es e troca de experi\u00eancias sobre temas relevantes para as cidades paulistas, incluindo mudan\u00e7as clim\u00e1ticas e os desafios financeiros diante de novas realidades or\u00e7ament\u00e1rias.<\/p>\n\n\n\n<p>Ao participar da sess\u00e3o solene de abertura, o prefeito Ricardo Nunes destacou a relev\u00e2ncia da realiza\u00e7\u00e3o do encontro na capital e a import\u00e2ncia de se ter integra\u00e7\u00e3o municipal em \u00e2mbito nacional. \u201c\u00c9 motivo de alegria receber um evento desse porte, com tantos prefeitos reunidos para trocar experi\u00eancias e discutir os desafios das cidades. Cada vez mais os munic\u00edpios assumem responsabilidades sem o devido repasse de recursos do governo federal, e por isso a uni\u00e3o e a troca de solu\u00e7\u00f5es s\u00e3o fundamentais\u201d, afirmou Nunes, citando como exemplos as \u00e1reas de sa\u00fade e seguran\u00e7a urbana.<\/p>\n\n\n\n<p>Para o governador Tarc\u00edsio de Freitas, o evento mostra que a uni\u00e3o dos munic\u00edpios \u00e9 um exemplo para o pa\u00eds. \u201cAqui em S\u00e3o Paulo conseguimos sentar, conversar e apontar o caminho comum, olhar o interesse p\u00fablico, do cidad\u00e3o e, assim, as coisas est\u00e3o sendo feitas\u201d, disse, ressaltando a import\u00e2ncia do encontro para a troca de experi\u00eancias. \u201cEste congresso \u00e9 uma grande oportunidade para se discutir temas que s\u00e3o muito relevantes. As coisas est\u00e3o mudando muito r\u00e1pido e essas mudan\u00e7as que est\u00e3o sendo discutidas v\u00e3o impactar diretamente a vida dos munic\u00edpios. S\u00e3o temas muito importantes e o sucesso nessas discuss\u00f5es vir\u00e1 pelo bom arranjo pol\u00edtico&#8221;.<\/p>\n","protected":false},"excerpt":{"rendered":"<p>Em sua primeira vez na capital, evento prop\u00f5e constru\u00e7\u00e3o de agenda comum na defesa de&#8230;<\/p>\n","protected":false},"author":1,"featured_media":25573,"comment_status":"open","ping_status":"open","sticky":false,"template":"","format":"standard","meta":{"footnotes":""},"categories":[2],"tags":[],"featured_image_urls":{"full":["https:\/\/novosaopaulo.com.br\/n1\/wp-content\/uploads\/2025\/08\/congresso.jpeg",800,525,false],"thumbnail":["https:\/\/novosaopaulo.com.br\/n1\/wp-content\/uploads\/2025\/08\/congresso-150x150.jpeg",150,150,true],"medium":["https:\/\/novosaopaulo.com.br\/n1\/wp-content\/uploads\/2025\/08\/congresso-300x197.jpeg",300,197,true],"medium_large":["https:\/\/novosaopaulo.com.br\/n1\/wp-content\/uploads\/2025\/08\/congresso-768x504.jpeg",640,420,true],"large":["https:\/\/novosaopaulo.com.br\/n1\/wp-content\/uploads\/2025\/08\/congresso.jpeg",640,420,false],"1536x1536":["https:\/\/novosaopaulo.com.br\/n1\/wp-content\/uploads\/2025\/08\/congresso.jpeg",800,525,false],"2048x2048":["https:\/\/novosaopaulo.com.br\/n1\/wp-content\/uploads\/2025\/08\/congresso.jpeg",800,525,false],"newsever-slider-full":["https:\/\/novosaopaulo.com.br\/n1\/wp-content\/uploads\/2025\/08\/congresso.jpeg",800,525,false],"newsever-featured":["https:\/\/novosaopaulo.com.br\/n1\/wp-content\/uploads\/2025\/08\/congresso.jpeg",800,525,false],"newsever-medium":["https:\/\/novosaopaulo.com.br\/n1\/wp-content\/uploads\/2025\/08\/congresso-720x475.jpeg",720,475,true]},"author_info":{"display_name":"Reda\u00e7\u00e3o","author_link":"https:\/\/novosaopaulo.com.br\/n1\/author\/g5poa\/"},"category_info":"<a href=\"https:\/\/novosaopaulo.com.br\/n1\/category\/cidades\/\" rel=\"category tag\">Cidades<\/a>","tag_info":"Cidades","comment_count":"0","_links":{"self":[{"href":"https:\/\/novosaopaulo.com.br\/n1\/wp-json\/wp\/v2\/posts\/25572"}],"collection":[{"href":"https:\/\/novosaopaulo.com.br\/n1\/wp-json\/wp\/v2\/posts"}],"about":[{"href":"https:\/\/novosaopaulo.com.br\/n1\/wp-json\/wp\/v2\/types\/post"}],"author":[{"embeddable":true,"href":"https:\/\/novosaopaulo.com.br\/n1\/wp-json\/wp\/v2\/users\/1"}],"replies":[{"embeddable":true,"href":"https:\/\/novosaopaulo.com.br\/n1\/wp-json\/wp\/v2\/comments?post=25572"}],"version-history":[{"count":2,"href":"https:\/\/novosaopaulo.com.br\/n1\/wp-json\/wp\/v2\/posts\/25572\/revisions"}],"predecessor-version":[{"id":25575,"href":"https:\/\/novosaopaulo.com.br\/n1\/wp-json\/wp\/v2\/posts\/25572\/revisions\/25575"}],"wp:featuredmedia":[{"embeddable":true,"href":"https:\/\/novosaopaulo.com.br\/n1\/wp-json\/wp\/v2\/media\/25573"}],"wp:attachment":[{"href":"https:\/\/novosaopaulo.com.br\/n1\/wp-json\/wp\/v2\/media?parent=25572"}],"wp:term":[{"taxonomy":"category","embeddable":true,"href":"https:\/\/novosaopaulo.com.br\/n1\/wp-json\/wp\/v2\/categories?post=25572"},{"taxonomy":"post_tag","embeddable":true,"href":"https:\/\/novosaopaulo.com.br\/n1\/wp-json\/wp\/v2\/tags?post=25572"}],"curies":[{"name":"wp","href":"https:\/\/api.w.org\/{rel}","templated":true}]}}