{"id":25566,"date":"2025-08-26T18:20:45","date_gmt":"2025-08-26T21:20:45","guid":{"rendered":"https:\/\/novosaopaulo.com.br\/n1\/?p=25566"},"modified":"2025-08-26T18:20:45","modified_gmt":"2025-08-26T21:20:45","slug":"24o-salao-de-arte-lanca-movimento-nova-arquitetura-antigo-e-novo-juntos","status":"publish","type":"post","link":"https:\/\/novosaopaulo.com.br\/n1\/24o-salao-de-arte-lanca-movimento-nova-arquitetura-antigo-e-novo-juntos\/","title":{"rendered":"24\u00ba Sal\u00e3o de Arte lan\u00e7a movimento \u2018Nova Arquitetura\u2019: Antigo e Novo Juntos"},"content":{"rendered":"\n<p>A 24\u00aa edi\u00e7\u00e3o do Sal\u00e3o de Arte, realizada de 21 a 23 de agosto no Esporte Clube Pinheiros, em S\u00e3o Paulo, reuniu expositores, colecionadores, investidores e amantes da arte em tr\u00eas dias de intensas descobertas, neg\u00f3cios e inspira\u00e7\u00e3o. Pela primeira vez no tradicional clube, o evento confirmou a for\u00e7a do mercado e a valoriza\u00e7\u00e3o cont\u00ednua da arte, das antiguidades e das joias como ativos culturais e financeiros.<br>A aceita\u00e7\u00e3o dos associados do clube, somada \u00e0 visita\u00e7\u00e3o externa, demonstrou que a arte segue em alta, refor\u00e7ando que a busca por novos horizontes permanece como valor central desse segmento.<br>Movimento \u201cNova Arquitetura\u201d: Antigo e Novo Juntos<br>Inspirados pela legisla\u00e7\u00e3o j\u00e1 vigente em Recife, Porto Alegre e Bras\u00edlia, que obriga grandes im\u00f3veis a manterem obras de arte em exposi\u00e7\u00e3o, os expositores do Sal\u00e3o de Arte anunciaram a cria\u00e7\u00e3o do movimento \u201cNova Arquitetura\u201d. A iniciativa \u00e9 voltada a arquitetos e designers de interiores e tem como objetivo apoiar a aprova\u00e7\u00e3o de legisla\u00e7\u00e3o semelhante na cidade de S\u00e3o Paulo.<br>O conceito est\u00e9tico do movimento, \u201cAntigo e Novo Juntos\u201d, traduz a uni\u00e3o entre tradi\u00e7\u00e3o e modernidade, propondo que a arte seja presen\u00e7a constante e obrigat\u00f3ria nos espa\u00e7os arquitet\u00f4nicos. As reuni\u00f5es do grupo j\u00e1 t\u00eam local definido: sede da Began, na Rua da Consola\u00e7\u00e3o, 2250, em S\u00e3o Paulo.<br>Um encontro de neg\u00f3cios e cultura<br>Al\u00e9m da visita\u00e7\u00e3o, o Sal\u00e3o de Arte manteve sua voca\u00e7\u00e3o como espa\u00e7o privilegiado de neg\u00f3cios. Durante a feira, os expositores apresentaram suas cole\u00e7\u00f5es a um p\u00fablico qualificado, gerando oportunidades que refor\u00e7am a expectativa de movimentar neg\u00f3cios a curto e m\u00e9dio prazo.<br>Segundo a organiza\u00e7\u00e3o, o evento tamb\u00e9m fortaleceu a rede de relacionamentos entre galerias, antiqu\u00e1rios, investidores e profissionais de design e arquitetura, consolidando-se como refer\u00eancia no calend\u00e1rio cultural e de investimentos da cidade.<br>Servi\u00e7o e contatos<br>Mais informa\u00e7\u00f5es sobre o movimento \u201cNova Arquitetura\u201d e a pr\u00f3xima edi\u00e7\u00e3o do Sal\u00e3o de Arte, de 13 a 15 de agosto de 2026, podem ser obtidas junto \u00e0 PROMA Feiras:<br>\u2022 Telefone: (11) 5070-0310<br>\u2022 E-mail: contato@promafeiras.com.br<br>\u2022 WhatsApp: (11) 91312-3515<br>\u2022 Site: www.salaodearte.com.br<\/p>\n","protected":false},"excerpt":{"rendered":"<p>A 24\u00aa edi\u00e7\u00e3o do Sal\u00e3o de Arte, realizada de 21 a 23 de agosto no&#8230;<\/p>\n","protected":false},"author":1,"featured_media":25567,"comment_status":"open","ping_status":"open","sticky":false,"template":"","format":"standard","meta":{"footnotes":""},"categories":[2],"tags":[],"featured_image_urls":{"full":["https:\/\/novosaopaulo.com.br\/n1\/wp-content\/uploads\/2025\/08\/piano.png",267,294,false],"thumbnail":["https:\/\/novosaopaulo.com.br\/n1\/wp-content\/uploads\/2025\/08\/piano-150x150.png",150,150,true],"medium":["https:\/\/novosaopaulo.com.br\/n1\/wp-content\/uploads\/2025\/08\/piano.png",267,294,false],"medium_large":["https:\/\/novosaopaulo.com.br\/n1\/wp-content\/uploads\/2025\/08\/piano.png",267,294,false],"large":["https:\/\/novosaopaulo.com.br\/n1\/wp-content\/uploads\/2025\/08\/piano.png",267,294,false],"1536x1536":["https:\/\/novosaopaulo.com.br\/n1\/wp-content\/uploads\/2025\/08\/piano.png",267,294,false],"2048x2048":["https:\/\/novosaopaulo.com.br\/n1\/wp-content\/uploads\/2025\/08\/piano.png",267,294,false],"newsever-slider-full":["https:\/\/novosaopaulo.com.br\/n1\/wp-content\/uploads\/2025\/08\/piano.png",267,294,false],"newsever-featured":["https:\/\/novosaopaulo.com.br\/n1\/wp-content\/uploads\/2025\/08\/piano.png",267,294,false],"newsever-medium":["https:\/\/novosaopaulo.com.br\/n1\/wp-content\/uploads\/2025\/08\/piano.png",267,294,false]},"author_info":{"display_name":"Reda\u00e7\u00e3o","author_link":"https:\/\/novosaopaulo.com.br\/n1\/author\/g5poa\/"},"category_info":"<a href=\"https:\/\/novosaopaulo.com.br\/n1\/category\/cidades\/\" rel=\"category tag\">Cidades<\/a>","tag_info":"Cidades","comment_count":"0","_links":{"self":[{"href":"https:\/\/novosaopaulo.com.br\/n1\/wp-json\/wp\/v2\/posts\/25566"}],"collection":[{"href":"https:\/\/novosaopaulo.com.br\/n1\/wp-json\/wp\/v2\/posts"}],"about":[{"href":"https:\/\/novosaopaulo.com.br\/n1\/wp-json\/wp\/v2\/types\/post"}],"author":[{"embeddable":true,"href":"https:\/\/novosaopaulo.com.br\/n1\/wp-json\/wp\/v2\/users\/1"}],"replies":[{"embeddable":true,"href":"https:\/\/novosaopaulo.com.br\/n1\/wp-json\/wp\/v2\/comments?post=25566"}],"version-history":[{"count":1,"href":"https:\/\/novosaopaulo.com.br\/n1\/wp-json\/wp\/v2\/posts\/25566\/revisions"}],"predecessor-version":[{"id":25568,"href":"https:\/\/novosaopaulo.com.br\/n1\/wp-json\/wp\/v2\/posts\/25566\/revisions\/25568"}],"wp:featuredmedia":[{"embeddable":true,"href":"https:\/\/novosaopaulo.com.br\/n1\/wp-json\/wp\/v2\/media\/25567"}],"wp:attachment":[{"href":"https:\/\/novosaopaulo.com.br\/n1\/wp-json\/wp\/v2\/media?parent=25566"}],"wp:term":[{"taxonomy":"category","embeddable":true,"href":"https:\/\/novosaopaulo.com.br\/n1\/wp-json\/wp\/v2\/categories?post=25566"},{"taxonomy":"post_tag","embeddable":true,"href":"https:\/\/novosaopaulo.com.br\/n1\/wp-json\/wp\/v2\/tags?post=25566"}],"curies":[{"name":"wp","href":"https:\/\/api.w.org\/{rel}","templated":true}]}}