{"id":25548,"date":"2025-08-26T17:56:42","date_gmt":"2025-08-26T20:56:42","guid":{"rendered":"https:\/\/novosaopaulo.com.br\/n1\/?p=25548"},"modified":"2025-08-26T17:56:43","modified_gmt":"2025-08-26T20:56:43","slug":"nova-regionalizacao-do-estado-de-sp-e-tema-de-livro-que-marco-vinholi-lanca-hoje-no-shopping-iguatemi","status":"publish","type":"post","link":"https:\/\/novosaopaulo.com.br\/n1\/nova-regionalizacao-do-estado-de-sp-e-tema-de-livro-que-marco-vinholi-lanca-hoje-no-shopping-iguatemi\/","title":{"rendered":"Nova regionaliza\u00e7\u00e3o do estado de SP \u00e9 tema de livro que Marco Vinholi lan\u00e7a hoje no Shopping Iguatemi"},"content":{"rendered":"\n<p>Com pref\u00e1cios de Arnaldo Jardim e Fred Guidoni, obra tamb\u00e9m defende a descentraliza\u00e7\u00e3o de recursos para uma gest\u00e3o p\u00fablica mais eficiente; sess\u00e3o de aut\u00f3grafos acontece nesta ter\u00e7a-feira (26\/8), das 18h \u00e0s 22h<\/p>\n\n\n\n<p>O diretor-t\u00e9cnico do Sebrae-SP, Marco Vinholi, lan\u00e7a nesta ter\u00e7a-feira (26\/8), na capital, o livro \u201cNova Regionaliza\u00e7\u00e3o de S\u00e3o Paulo \u2013 Governan\u00e7a, Participa\u00e7\u00e3o e Financiamento\u201d. Na obra, o ex-secret\u00e1rio de Estado de Desenvolvimento Regional e ex-deputado estadual defende uma nova disposi\u00e7\u00e3o administrativa do solo bandeirante, levando em considera\u00e7\u00e3o as caracter\u00edsticas dos munic\u00edpios e das regi\u00f5es. A sess\u00e3o de aut\u00f3grafos acontece das 18h \u00e0s 22h, na Livraria Travessa do Shopping Iguatemi &#8211; avenida Brigadeiro Faria Lima, 2.232 &#8211; Jardim Paulistano, S\u00e3o Paulo-SP.<\/p>\n\n\n\n<p>Os pref\u00e1cios do mais novo livro de Vinholi t\u00eam autoria do deputado federal Arnaldo Jardim (Cidadania-SP) e do presidente da Associa\u00e7\u00e3o Paulista dos Munic\u00edpios (APM), Fred Guidoni. Com 143 p\u00e1ginas, a obra da Editora Ex-Libris Comunica\u00e7\u00e3o Integrada tem como base a tese que o autor defendeu no mestrado que cursou em Gest\u00e3o P\u00fablica, na Funda\u00e7\u00e3o Get\u00falio Vargas (FGV):<\/p>\n\n\n\n<p>\u201cProponho a reorganiza\u00e7\u00e3o administrativa e pol\u00edtica do territ\u00f3rio paulista, de forma que as peculiaridades, as identidades e as voca\u00e7\u00f5es das cidades sejam respeitadas, haja planejamento de longo prazo, governan\u00e7a com a presen\u00e7a do Estado e da sociedade civil, al\u00e9m de financiamento para projetos regionais\u201d.<\/p>\n\n\n\n<p>Vinholi classifica sua tese de regionaliza\u00e7\u00e3o como uma esp\u00e9cie de atualiza\u00e7\u00e3o do \u201cmunicipalismo\u201d encampado pelo ex-governador de S\u00e3o Paulo Franco Montoro (falecido em 1999), indicando que o cotidiano de uma popula\u00e7\u00e3o se d\u00e1 em contexto regional:<\/p>\n\n\n\n<p>\u201cAs pessoas moram nas cidades, mas vivem regionalmente. Grande parte dos problemas e das solu\u00e7\u00f5es s\u00e3o, ent\u00e3o, de ordem regional. Desta forma, no decorrer do livro, defendo que S\u00e3o Paulo valorize as singularidades de 32 unidades regionais e a interdepend\u00eancia entre elas\u201d.<\/p>\n\n\n\n<p>\u201cNova Regionaliza\u00e7\u00e3o de S\u00e3o Paulo \u2013 Governan\u00e7a, Participa\u00e7\u00e3o e Financiamento\u201d joga luzes, inclusive, ao Projeto de Lei Complementar (PLC) 14\/2022, que prop\u00f5e uma nova regionaliza\u00e7\u00e3o para o estado paulista, com o objetivo de melhorar a aloca\u00e7\u00e3o de recursos, descentralizar o planejamento e fortalecer a integra\u00e7\u00e3o de pol\u00edticas p\u00fablicas.<\/p>\n\n\n\n<p>A sess\u00e3o de aut\u00f3grafos acontece nesta ter\u00e7a-feira, das 18h \u00e0s 22h, na Livraria Travessa, do Shopping Iguatemi. O livro estar\u00e1 sendo comercializado no local a R$ 40 &#8211; valor promocional de lan\u00e7amento.<\/p>\n\n\n\n<p>Sobre o autor<br>Marco Vinholi tem 40 anos, \u00e9 diretor-t\u00e9cnico do Sebrae no estado de S\u00e3o Paulo e membro do Conselho de Inova\u00e7\u00e3o da Universidade de S\u00e3o Paulo (USP) e do Conselho Regional do Servi\u00e7o Social da Ind\u00fastria (Sesi).<\/p>\n\n\n\n<p>Mestre em Gest\u00e3o P\u00fablica, pela FGV, \u00e9 mestrando em Empreendedorismo, na USP; p\u00f3s-graduado em Lideran\u00e7a e Inova\u00e7\u00e3o, pela FGV; especialista em Comunica\u00e7\u00e3o, pela Harvard University (Estados Unidos); e graduado em Administra\u00e7\u00e3o de Empresas, pela Pontif\u00edcia Universidade Cat\u00f3lica (PUC) S\u00e3o Paulo.<\/p>\n\n\n\n<p>Organizador e autor do livro \u201cO Novo Municipalismo\u201d (2021), foi superintendente do Sebrae-SP e secret\u00e1rio de Estado de Desenvolvimento Regional do Governo do Estado de S\u00e3o Paulo, trabalho que lhe rendeu o pr\u00eamio \u201cMelhor Pol\u00edtica P\u00fablica do Brasil\u201d, outorgado pelo Centro de Lideran\u00e7a P\u00fablica (CLP), e mais de 200 T\u00edtulos de Cidad\u00e3o de munic\u00edpios paulistas.<\/p>\n\n\n\n<p>Enquanto deputado, foi l\u00edder de bancada na Assembleia Legislativa do Estado de S\u00e3o Paulo (Alesp) e relator do Or\u00e7amento do Estado por dois anos.<\/p>\n\n\n\n<figure class=\"wp-block-image size-full\"><img fetchpriority=\"high\" decoding=\"async\" width=\"695\" height=\"1024\" src=\"http:\/\/novosaopaulo.com.br\/n1\/wp-content\/uploads\/2025\/08\/WhatsApp-Image-2025-08-26-at-14.34.27.jpeg\" alt=\"\" class=\"wp-image-25549\" srcset=\"https:\/\/novosaopaulo.com.br\/n1\/wp-content\/uploads\/2025\/08\/WhatsApp-Image-2025-08-26-at-14.34.27.jpeg 695w, https:\/\/novosaopaulo.com.br\/n1\/wp-content\/uploads\/2025\/08\/WhatsApp-Image-2025-08-26-at-14.34.27-204x300.jpeg 204w\" sizes=\"(max-width: 695px) 100vw, 695px\" \/><\/figure>\n","protected":false},"excerpt":{"rendered":"<p>Com pref\u00e1cios de Arnaldo Jardim e Fred Guidoni, obra tamb\u00e9m defende a descentraliza\u00e7\u00e3o de recursos&#8230;<\/p>\n","protected":false},"author":1,"featured_media":25550,"comment_status":"open","ping_status":"open","sticky":false,"template":"","format":"standard","meta":{"footnotes":""},"categories":[2],"tags":[],"featured_image_urls":{"full":["https:\/\/novosaopaulo.com.br\/n1\/wp-content\/uploads\/2025\/08\/WhatsApp-Image-2025-08-26-at-14.34.27-1.jpeg",1280,1038,false],"thumbnail":["https:\/\/novosaopaulo.com.br\/n1\/wp-content\/uploads\/2025\/08\/WhatsApp-Image-2025-08-26-at-14.34.27-1-150x150.jpeg",150,150,true],"medium":["https:\/\/novosaopaulo.com.br\/n1\/wp-content\/uploads\/2025\/08\/WhatsApp-Image-2025-08-26-at-14.34.27-1-300x243.jpeg",300,243,true],"medium_large":["https:\/\/novosaopaulo.com.br\/n1\/wp-content\/uploads\/2025\/08\/WhatsApp-Image-2025-08-26-at-14.34.27-1-768x623.jpeg",640,519,true],"large":["https:\/\/novosaopaulo.com.br\/n1\/wp-content\/uploads\/2025\/08\/WhatsApp-Image-2025-08-26-at-14.34.27-1-1024x830.jpeg",640,519,true],"1536x1536":["https:\/\/novosaopaulo.com.br\/n1\/wp-content\/uploads\/2025\/08\/WhatsApp-Image-2025-08-26-at-14.34.27-1.jpeg",1280,1038,false],"2048x2048":["https:\/\/novosaopaulo.com.br\/n1\/wp-content\/uploads\/2025\/08\/WhatsApp-Image-2025-08-26-at-14.34.27-1.jpeg",1280,1038,false],"newsever-slider-full":["https:\/\/novosaopaulo.com.br\/n1\/wp-content\/uploads\/2025\/08\/WhatsApp-Image-2025-08-26-at-14.34.27-1-1280x845.jpeg",1280,845,true],"newsever-featured":["https:\/\/novosaopaulo.com.br\/n1\/wp-content\/uploads\/2025\/08\/WhatsApp-Image-2025-08-26-at-14.34.27-1-1024x830.jpeg",1024,830,true],"newsever-medium":["https:\/\/novosaopaulo.com.br\/n1\/wp-content\/uploads\/2025\/08\/WhatsApp-Image-2025-08-26-at-14.34.27-1-720x475.jpeg",720,475,true]},"author_info":{"display_name":"Reda\u00e7\u00e3o","author_link":"https:\/\/novosaopaulo.com.br\/n1\/author\/g5poa\/"},"category_info":"<a href=\"https:\/\/novosaopaulo.com.br\/n1\/category\/cidades\/\" rel=\"category tag\">Cidades<\/a>","tag_info":"Cidades","comment_count":"0","_links":{"self":[{"href":"https:\/\/novosaopaulo.com.br\/n1\/wp-json\/wp\/v2\/posts\/25548"}],"collection":[{"href":"https:\/\/novosaopaulo.com.br\/n1\/wp-json\/wp\/v2\/posts"}],"about":[{"href":"https:\/\/novosaopaulo.com.br\/n1\/wp-json\/wp\/v2\/types\/post"}],"author":[{"embeddable":true,"href":"https:\/\/novosaopaulo.com.br\/n1\/wp-json\/wp\/v2\/users\/1"}],"replies":[{"embeddable":true,"href":"https:\/\/novosaopaulo.com.br\/n1\/wp-json\/wp\/v2\/comments?post=25548"}],"version-history":[{"count":1,"href":"https:\/\/novosaopaulo.com.br\/n1\/wp-json\/wp\/v2\/posts\/25548\/revisions"}],"predecessor-version":[{"id":25551,"href":"https:\/\/novosaopaulo.com.br\/n1\/wp-json\/wp\/v2\/posts\/25548\/revisions\/25551"}],"wp:featuredmedia":[{"embeddable":true,"href":"https:\/\/novosaopaulo.com.br\/n1\/wp-json\/wp\/v2\/media\/25550"}],"wp:attachment":[{"href":"https:\/\/novosaopaulo.com.br\/n1\/wp-json\/wp\/v2\/media?parent=25548"}],"wp:term":[{"taxonomy":"category","embeddable":true,"href":"https:\/\/novosaopaulo.com.br\/n1\/wp-json\/wp\/v2\/categories?post=25548"},{"taxonomy":"post_tag","embeddable":true,"href":"https:\/\/novosaopaulo.com.br\/n1\/wp-json\/wp\/v2\/tags?post=25548"}],"curies":[{"name":"wp","href":"https:\/\/api.w.org\/{rel}","templated":true}]}}