{"id":25484,"date":"2025-08-23T00:12:30","date_gmt":"2025-08-23T03:12:30","guid":{"rendered":"https:\/\/novosaopaulo.com.br\/n1\/?p=25484"},"modified":"2025-08-23T00:12:31","modified_gmt":"2025-08-23T03:12:31","slug":"poa-recebe-abertura-da-copa-das-comunidades-2025-com-congresso-tecnico-e-sorteio-de-grupos","status":"publish","type":"post","link":"https:\/\/novosaopaulo.com.br\/n1\/poa-recebe-abertura-da-copa-das-comunidades-2025-com-congresso-tecnico-e-sorteio-de-grupos\/","title":{"rendered":"Po\u00e1 recebe abertura da Copa das Comunidades 2025 com congresso t\u00e9cnico e sorteio de grupos"},"content":{"rendered":"\n<p>Evento contou com a presen\u00e7a do prefeito Saulo Souza e reuniu autoridades, patrocinadores e representantes das 64 equipes que disputar\u00e3o o torneio regional de futebol amador<\/p>\n\n\n\n<p>A abertura oficial da Copa das Comunidades 2025 reuniu emo\u00e7\u00e3o, uni\u00e3o e incentivo ao futebol amador na noite desta quinta-feira (21), durante o congresso t\u00e9cnico realizado na Pra\u00e7a de Eventos Luc\u00edlia Gomes Felippe, em Po\u00e1. Com a presen\u00e7a do prefeito Saulo Souza e representantes dos 64 times participantes, o evento marcou o pontap\u00e9 inicial da maior competi\u00e7\u00e3o de futebol de v\u00e1rzea na regi\u00e3o, que segue at\u00e9 8 de novembro.<\/p>\n\n\n\n<p>O evento definiu os grupos e confrontos da primeira fase do torneio, que ter\u00e1 16 representantes de Po\u00e1, al\u00e9m de equipes de Suzano, Ferraz de Vasconcelos e Itaquaquecetuba. O jogo de abertura tamb\u00e9m ser\u00e1 em Po\u00e1, no dia 6 de setembro, \u00e0s 10 horas, no campo da Associa\u00e7\u00e3o Atl\u00e9tica Poaense. Mais de 1.900 atletas devem entrar em campo ao longo da competi\u00e7\u00e3o, refor\u00e7ando a tradi\u00e7\u00e3o do futebol de v\u00e1rzea e fortalecendo a cultura esportiva da regi\u00e3o. O sorteio das chaves foi transmitido ao vivo e o v\u00eddeo est\u00e1 dispon\u00edvel no canal \u201cV\u00e1rzea ao Vivo\u201d, no YouTube.<\/p>\n\n\n\n<p>A Copa das Comunidades \u00e9 patrocinada pela concession\u00e1ria EDP, respons\u00e1vel pelo fornecimento de energia el\u00e9trica no Alto Tiet\u00ea, por meio da Lei Paulista de Incentivo ao Esporte. A iniciativa tem como objetivo promover integra\u00e7\u00e3o entre diferentes gera\u00e7\u00f5es e contextos sociais, estimulando a conviv\u00eancia pac\u00edfica e ampliando la\u00e7os comunit\u00e1rios. A organiza\u00e7\u00e3o t\u00e9cnica \u00e9 da JW KSports e da ONG Determinados, em parceria com as secretarias de Esportes dos quatro munic\u00edpios.<\/p>\n\n\n\n<p>Durante o evento, o prefeito de Po\u00e1, Saulo Souza, destacou o papel do torneio como instrumento de uni\u00e3o e transforma\u00e7\u00e3o social. \u201cHoje \u00e9 uma noite de celebra\u00e7\u00e3o. Quero, em nome de toda a popula\u00e7\u00e3o poaense, receber todos aqueles que v\u00eam de outras cidades da nossa regi\u00e3o para esse momento de valoriza\u00e7\u00e3o do esporte. Quando a gente pensa em futebol, n\u00f3s pensamos em alegria, energia, uni\u00e3o e qualidade de vida. Cada um dos 64 times aqui representados se tornou uma verdadeira fam\u00edlia, que carrega hist\u00f3rias e prop\u00f3sitos. Essa Copa vai frutificar muitos resultados e mostrar que o futebol impacta diretamente tamb\u00e9m a vida de crian\u00e7as e jovens, que se espelham nesses jogadores\u201d, afirmou.<\/p>\n\n\n\n<p>O secret\u00e1rio de Esportes de Po\u00e1, Diogo Ferreira, ressaltou a import\u00e2ncia de a cidade sediar o congresso t\u00e9cnico da primeira edi\u00e7\u00e3o da Copa das Comunidades. \u201c\u00c9 gratificante ver Po\u00e1 como cidades-sede dessa cerim\u00f4nia. Com expectativa de grande mobiliza\u00e7\u00e3o esportiva e social, a Copa das Comunidades 2025 deve se consolidar como uma das principais competi\u00e7\u00f5es de futebol amador do Alto Tiet\u00ea, refor\u00e7ando o papel do esporte como ferramenta de integra\u00e7\u00e3o regional.\u201d<\/p>\n\n\n\n<p>Representando a concession\u00e1ria patrocinadora, o diretor da EDP em S\u00e3o Paulo, Marcos Campos, destacou o papel transformador do esporte. \u201c\u00c9 muito importante a empresa estar pr\u00f3xima da comunidade, e nada melhor do que por meio do esporte. Ele tira as pessoas do que n\u00e3o \u00e9 bom e foca em uma competi\u00e7\u00e3o saud\u00e1vel. Queremos ver muito fair play, muito jogo bom, e tenho certeza de que essa competi\u00e7\u00e3o ser\u00e1 um grande sucesso. Realmente, um show de bola\u201d, disse.<\/p>\n\n\n\n<p>Al\u00e9m de dirigentes das equipes participantes, o congresso contou com a presen\u00e7a de vereadores de Po\u00e1 e Ferraz, de secret\u00e1rios municipais das cidades participantes, do organizador da Copa das Comunidades, Alex Souza, e dos secret\u00e1rios de Esportes das cidades envolvidas: Arnaldo Marin J\u00fanior, o Nardinho (Suzano), Jos\u00e9 Batista de Souza (Ferraz de Vasconcelos) e Fabiano Oliveira Novais (Itaquaquecetuba). Tamb\u00e9m participaram do evento o diretor do Instituto EDP, Paulo Ramacelli, o representante do vereador Silv\u00e3o Leite, Toninho Mitras, o presidente da ONG Determinados, Juciel Henrique, e o diretor da Atl\u00e9tico Consultoria, Rafael Ginez.<\/p>\n\n\n\n<p>Fotos: Nivaldo Alves<\/p>\n","protected":false},"excerpt":{"rendered":"<p>Evento contou com a presen\u00e7a do prefeito Saulo Souza e reuniu autoridades, patrocinadores e representantes&#8230;<\/p>\n","protected":false},"author":1,"featured_media":25485,"comment_status":"open","ping_status":"open","sticky":false,"template":"","format":"standard","meta":{"footnotes":""},"categories":[8],"tags":[],"featured_image_urls":{"full":["https:\/\/novosaopaulo.com.br\/n1\/wp-content\/uploads\/2025\/08\/WhatsApp-Image-2025-08-22-at-20.47.57.jpeg",1296,864,false],"thumbnail":["https:\/\/novosaopaulo.com.br\/n1\/wp-content\/uploads\/2025\/08\/WhatsApp-Image-2025-08-22-at-20.47.57-150x150.jpeg",150,150,true],"medium":["https:\/\/novosaopaulo.com.br\/n1\/wp-content\/uploads\/2025\/08\/WhatsApp-Image-2025-08-22-at-20.47.57-300x200.jpeg",300,200,true],"medium_large":["https:\/\/novosaopaulo.com.br\/n1\/wp-content\/uploads\/2025\/08\/WhatsApp-Image-2025-08-22-at-20.47.57-768x512.jpeg",640,427,true],"large":["https:\/\/novosaopaulo.com.br\/n1\/wp-content\/uploads\/2025\/08\/WhatsApp-Image-2025-08-22-at-20.47.57-1024x683.jpeg",640,427,true],"1536x1536":["https:\/\/novosaopaulo.com.br\/n1\/wp-content\/uploads\/2025\/08\/WhatsApp-Image-2025-08-22-at-20.47.57.jpeg",1296,864,false],"2048x2048":["https:\/\/novosaopaulo.com.br\/n1\/wp-content\/uploads\/2025\/08\/WhatsApp-Image-2025-08-22-at-20.47.57.jpeg",1296,864,false],"newsever-slider-full":["https:\/\/novosaopaulo.com.br\/n1\/wp-content\/uploads\/2025\/08\/WhatsApp-Image-2025-08-22-at-20.47.57-1280x845.jpeg",1280,845,true],"newsever-featured":["https:\/\/novosaopaulo.com.br\/n1\/wp-content\/uploads\/2025\/08\/WhatsApp-Image-2025-08-22-at-20.47.57-1024x683.jpeg",1024,683,true],"newsever-medium":["https:\/\/novosaopaulo.com.br\/n1\/wp-content\/uploads\/2025\/08\/WhatsApp-Image-2025-08-22-at-20.47.57-720x475.jpeg",720,475,true]},"author_info":{"display_name":"Reda\u00e7\u00e3o","author_link":"https:\/\/novosaopaulo.com.br\/n1\/author\/g5poa\/"},"category_info":"<a href=\"https:\/\/novosaopaulo.com.br\/n1\/category\/poa\/\" rel=\"category tag\">Po\u00e1<\/a>","tag_info":"Po\u00e1","comment_count":"0","_links":{"self":[{"href":"https:\/\/novosaopaulo.com.br\/n1\/wp-json\/wp\/v2\/posts\/25484"}],"collection":[{"href":"https:\/\/novosaopaulo.com.br\/n1\/wp-json\/wp\/v2\/posts"}],"about":[{"href":"https:\/\/novosaopaulo.com.br\/n1\/wp-json\/wp\/v2\/types\/post"}],"author":[{"embeddable":true,"href":"https:\/\/novosaopaulo.com.br\/n1\/wp-json\/wp\/v2\/users\/1"}],"replies":[{"embeddable":true,"href":"https:\/\/novosaopaulo.com.br\/n1\/wp-json\/wp\/v2\/comments?post=25484"}],"version-history":[{"count":1,"href":"https:\/\/novosaopaulo.com.br\/n1\/wp-json\/wp\/v2\/posts\/25484\/revisions"}],"predecessor-version":[{"id":25486,"href":"https:\/\/novosaopaulo.com.br\/n1\/wp-json\/wp\/v2\/posts\/25484\/revisions\/25486"}],"wp:featuredmedia":[{"embeddable":true,"href":"https:\/\/novosaopaulo.com.br\/n1\/wp-json\/wp\/v2\/media\/25485"}],"wp:attachment":[{"href":"https:\/\/novosaopaulo.com.br\/n1\/wp-json\/wp\/v2\/media?parent=25484"}],"wp:term":[{"taxonomy":"category","embeddable":true,"href":"https:\/\/novosaopaulo.com.br\/n1\/wp-json\/wp\/v2\/categories?post=25484"},{"taxonomy":"post_tag","embeddable":true,"href":"https:\/\/novosaopaulo.com.br\/n1\/wp-json\/wp\/v2\/tags?post=25484"}],"curies":[{"name":"wp","href":"https:\/\/api.w.org\/{rel}","templated":true}]}}