{"id":25467,"date":"2025-08-22T17:08:10","date_gmt":"2025-08-22T20:08:10","guid":{"rendered":"https:\/\/novosaopaulo.com.br\/n1\/?p=25467"},"modified":"2025-08-22T17:08:11","modified_gmt":"2025-08-22T20:08:11","slug":"empresario-paulo-hansen-e-reeleito-presidente-da-soamar-al-para-o-bienio-2025-2027","status":"publish","type":"post","link":"https:\/\/novosaopaulo.com.br\/n1\/empresario-paulo-hansen-e-reeleito-presidente-da-soamar-al-para-o-bienio-2025-2027\/","title":{"rendered":"Empres\u00e1rio Paulo Hansen \u00e9 reeleito presidente da Soamar\/AL para o bi\u00eanio 2025\/2027"},"content":{"rendered":"\n<p>A elei\u00e7\u00e3o aconteceu na manh\u00e3 de quinta-feira ((21), na sede da Capitania dos Portos de Alagoas<\/p>\n\n\n\n<p>O Capit\u00e3o de Fragata Rodrigo Garcia, Comandante da Capitania dos Portos de Alagoas (CPAL), e presidente do Conselho Superior da Soamar\/AL, realizou a Assembleia Geral para elei\u00e7\u00e3o do Presidente, Vice-presidente e Conselhos da Soamar-AL para o bi\u00eanio 2025-2027, nesta quinta-feira (21).<br>O atual presidente, o empres\u00e1rio Paulo Afonso Hansen, foi reeleito com chapa \u00fanica, SOAMARFORTE, e agradeceu aos amigos pela confian\u00e7a em sua gest\u00e3o.<br>O presidente Paulo Hansen durante o seu mandato realizou a\u00e7\u00f5es que beneficiaram a Capitania dos Portos de Alagoas, a Marinha do Brasil e a sociedade alagoana, evidenciando a sua capacidade de lideran\u00e7a e compet\u00eancia em sua gest\u00e3o.<br>Na abertura dos trabalhos, na mesa diretora, o Comandante Garcia enfatizou os bons servi\u00e7os que Paulo Hansen realizou em prol da Capitania de Alagoas em um momento t\u00e3o dif\u00edcil em que vive o nosso pa\u00eds, al\u00e9m do seu talento em administrar uma associa\u00e7\u00e3o.<\/p>\n\n\n\n<figure class=\"wp-block-image size-large\"><img fetchpriority=\"high\" decoding=\"async\" width=\"1024\" height=\"768\" src=\"https:\/\/novosaopaulo.com.br\/n1\/wp-content\/uploads\/2025\/08\/WhatsApp-Image-2025-08-22-at-16.07.37-1024x768.jpeg\" alt=\"\" class=\"wp-image-25469\" srcset=\"https:\/\/novosaopaulo.com.br\/n1\/wp-content\/uploads\/2025\/08\/WhatsApp-Image-2025-08-22-at-16.07.37-1024x768.jpeg 1024w, https:\/\/novosaopaulo.com.br\/n1\/wp-content\/uploads\/2025\/08\/WhatsApp-Image-2025-08-22-at-16.07.37-300x225.jpeg 300w, https:\/\/novosaopaulo.com.br\/n1\/wp-content\/uploads\/2025\/08\/WhatsApp-Image-2025-08-22-at-16.07.37-768x576.jpeg 768w, https:\/\/novosaopaulo.com.br\/n1\/wp-content\/uploads\/2025\/08\/WhatsApp-Image-2025-08-22-at-16.07.37-1536x1152.jpeg 1536w, https:\/\/novosaopaulo.com.br\/n1\/wp-content\/uploads\/2025\/08\/WhatsApp-Image-2025-08-22-at-16.07.37.jpeg 1600w\" sizes=\"(max-width: 1024px) 100vw, 1024px\" \/><figcaption class=\"wp-element-caption\">Dra. Nilza Martins Amaral, Paulo Hansen, advogado Genauro Beserra, Ananias Cirilo de Almeida, advogado Alexandre Amaral e Eduardo Guimar\u00e3es<\/figcaption><\/figure>\n\n\n\n<figure class=\"wp-block-image size-large\"><img decoding=\"async\" width=\"1024\" height=\"768\" src=\"https:\/\/novosaopaulo.com.br\/n1\/wp-content\/uploads\/2025\/08\/WhatsApp-Image-2025-08-22-at-16.07.52-1024x768.jpeg\" alt=\"\" class=\"wp-image-25470\" srcset=\"https:\/\/novosaopaulo.com.br\/n1\/wp-content\/uploads\/2025\/08\/WhatsApp-Image-2025-08-22-at-16.07.52-1024x768.jpeg 1024w, https:\/\/novosaopaulo.com.br\/n1\/wp-content\/uploads\/2025\/08\/WhatsApp-Image-2025-08-22-at-16.07.52-300x225.jpeg 300w, https:\/\/novosaopaulo.com.br\/n1\/wp-content\/uploads\/2025\/08\/WhatsApp-Image-2025-08-22-at-16.07.52-768x576.jpeg 768w, https:\/\/novosaopaulo.com.br\/n1\/wp-content\/uploads\/2025\/08\/WhatsApp-Image-2025-08-22-at-16.07.52-1536x1152.jpeg 1536w, https:\/\/novosaopaulo.com.br\/n1\/wp-content\/uploads\/2025\/08\/WhatsApp-Image-2025-08-22-at-16.07.52.jpeg 1600w\" sizes=\"(max-width: 1024px) 100vw, 1024px\" \/><figcaption class=\"wp-element-caption\">Empres\u00e1rio Paulo Hansen, reeleito presidente da Soamar-AL<\/figcaption><\/figure>\n\n\n\n<p><\/p>\n","protected":false},"excerpt":{"rendered":"<p>A elei\u00e7\u00e3o aconteceu na manh\u00e3 de quinta-feira ((21), na sede da Capitania dos Portos de&#8230;<\/p>\n","protected":false},"author":1,"featured_media":25470,"comment_status":"open","ping_status":"open","sticky":false,"template":"","format":"standard","meta":{"footnotes":""},"categories":[38],"tags":[],"featured_image_urls":{"full":["https:\/\/novosaopaulo.com.br\/n1\/wp-content\/uploads\/2025\/08\/WhatsApp-Image-2025-08-22-at-16.07.52.jpeg",1600,1200,false],"thumbnail":["https:\/\/novosaopaulo.com.br\/n1\/wp-content\/uploads\/2025\/08\/WhatsApp-Image-2025-08-22-at-16.07.52-150x150.jpeg",150,150,true],"medium":["https:\/\/novosaopaulo.com.br\/n1\/wp-content\/uploads\/2025\/08\/WhatsApp-Image-2025-08-22-at-16.07.52-300x225.jpeg",300,225,true],"medium_large":["https:\/\/novosaopaulo.com.br\/n1\/wp-content\/uploads\/2025\/08\/WhatsApp-Image-2025-08-22-at-16.07.52-768x576.jpeg",640,480,true],"large":["https:\/\/novosaopaulo.com.br\/n1\/wp-content\/uploads\/2025\/08\/WhatsApp-Image-2025-08-22-at-16.07.52-1024x768.jpeg",640,480,true],"1536x1536":["https:\/\/novosaopaulo.com.br\/n1\/wp-content\/uploads\/2025\/08\/WhatsApp-Image-2025-08-22-at-16.07.52-1536x1152.jpeg",1536,1152,true],"2048x2048":["https:\/\/novosaopaulo.com.br\/n1\/wp-content\/uploads\/2025\/08\/WhatsApp-Image-2025-08-22-at-16.07.52.jpeg",1600,1200,false],"newsever-slider-full":["https:\/\/novosaopaulo.com.br\/n1\/wp-content\/uploads\/2025\/08\/WhatsApp-Image-2025-08-22-at-16.07.52-1280x845.jpeg",1280,845,true],"newsever-featured":["https:\/\/novosaopaulo.com.br\/n1\/wp-content\/uploads\/2025\/08\/WhatsApp-Image-2025-08-22-at-16.07.52-1024x768.jpeg",1024,768,true],"newsever-medium":["https:\/\/novosaopaulo.com.br\/n1\/wp-content\/uploads\/2025\/08\/WhatsApp-Image-2025-08-22-at-16.07.52-720x475.jpeg",720,475,true]},"author_info":{"display_name":"Reda\u00e7\u00e3o","author_link":"https:\/\/novosaopaulo.com.br\/n1\/author\/g5poa\/"},"category_info":"<a href=\"https:\/\/novosaopaulo.com.br\/n1\/category\/joao-costa\/\" rel=\"category tag\">Jo\u00e3o Costa<\/a>","tag_info":"Jo\u00e3o Costa","comment_count":"0","_links":{"self":[{"href":"https:\/\/novosaopaulo.com.br\/n1\/wp-json\/wp\/v2\/posts\/25467"}],"collection":[{"href":"https:\/\/novosaopaulo.com.br\/n1\/wp-json\/wp\/v2\/posts"}],"about":[{"href":"https:\/\/novosaopaulo.com.br\/n1\/wp-json\/wp\/v2\/types\/post"}],"author":[{"embeddable":true,"href":"https:\/\/novosaopaulo.com.br\/n1\/wp-json\/wp\/v2\/users\/1"}],"replies":[{"embeddable":true,"href":"https:\/\/novosaopaulo.com.br\/n1\/wp-json\/wp\/v2\/comments?post=25467"}],"version-history":[{"count":1,"href":"https:\/\/novosaopaulo.com.br\/n1\/wp-json\/wp\/v2\/posts\/25467\/revisions"}],"predecessor-version":[{"id":25471,"href":"https:\/\/novosaopaulo.com.br\/n1\/wp-json\/wp\/v2\/posts\/25467\/revisions\/25471"}],"wp:featuredmedia":[{"embeddable":true,"href":"https:\/\/novosaopaulo.com.br\/n1\/wp-json\/wp\/v2\/media\/25470"}],"wp:attachment":[{"href":"https:\/\/novosaopaulo.com.br\/n1\/wp-json\/wp\/v2\/media?parent=25467"}],"wp:term":[{"taxonomy":"category","embeddable":true,"href":"https:\/\/novosaopaulo.com.br\/n1\/wp-json\/wp\/v2\/categories?post=25467"},{"taxonomy":"post_tag","embeddable":true,"href":"https:\/\/novosaopaulo.com.br\/n1\/wp-json\/wp\/v2\/tags?post=25467"}],"curies":[{"name":"wp","href":"https:\/\/api.w.org\/{rel}","templated":true}]}}