{"id":25451,"date":"2025-08-20T18:22:51","date_gmt":"2025-08-20T21:22:51","guid":{"rendered":"https:\/\/novosaopaulo.com.br\/n1\/?p=25451"},"modified":"2025-08-20T18:22:52","modified_gmt":"2025-08-20T21:22:52","slug":"mogi-das-cruzes-recebe-palestra-de-rodrigo-spada-sobre-os-impactos-da-reforma-tributaria-em-sp","status":"publish","type":"post","link":"https:\/\/novosaopaulo.com.br\/n1\/mogi-das-cruzes-recebe-palestra-de-rodrigo-spada-sobre-os-impactos-da-reforma-tributaria-em-sp\/","title":{"rendered":"Mogi das Cruzes recebe palestra de Rodrigo Spada sobre os impactos da Reforma Tribut\u00e1ria em SP"},"content":{"rendered":"\n<p>Presidente da Febrafite e da Afresp destaca ganhos econ\u00f4micos, sociais e federativos para o estado com as mudan\u00e7as no sistema tribut\u00e1rioO auditor fiscal Rodrigo Spada, presidente da Febrafite (Associa\u00e7\u00e3o Nacional de Fiscais de Tributos Estaduais) e da Afresp (Associa\u00e7\u00e3o dos Auditores Fiscais do Estado de S\u00e3o Paulo), vai apresentar, em Mogi das Cruzes, a palestra \u201cO futuro de S\u00e3o Paulo p\u00f3s-Reforma Tribut\u00e1ria no Brasil\u201d. A palestra acontece na sexta-feira (22), \u00e0s 9h, no Audit\u00f3rio do Polo de Inova\u00e7\u00e3o e Projetos Avan\u00e7ados (Pipa Hub). O evento \u00e9 uma realiza\u00e7\u00e3o do Sindicato das Empresas de Servi\u00e7os Cont\u00e1beis e das Empresas de Assessoramento, Per\u00edcias, Informa\u00e7\u00f5es e Pesquisas (Sescon-SP), com apoio da Afresp, Conselho Regional de Contabilidade do Estado de S\u00e3o Paulo (CRCSP) e da Associa\u00e7\u00e3o dos Contabilistas de S\u00e3o Carlos (ACOSC). Spada, que participou dos debates t\u00e9cnicos e pol\u00edticos para a constru\u00e7\u00e3o da reforma, apresenta uma leitura dos impactos esperados para o pa\u00eds e, especialmente, para o estado de S\u00e3o Paulo. Na palestra, ele aborda os problemas do modelo anterior, como a regressividade do sistema, a complexidade tribut\u00e1ria, a inseguran\u00e7a jur\u00eddica e a perda de competitividade da ind\u00fastria nacional e aponta como o novo modelo corrige essas distor\u00e7\u00f5es. A melhora de cen\u00e1rio passa pela cria\u00e7\u00e3o e aplica\u00e7\u00e3o de mecanismos como o split payment, a cria\u00e7\u00e3o de um cadastro \u00fanico nacional, o cashback do imposto e a fiscaliza\u00e7\u00e3o integrada entre os entes da federa\u00e7\u00e3o.\u201cA Reforma Tribut\u00e1ria \u00e9 um passo civilizat\u00f3rio. Ela enfrenta distor\u00e7\u00f5es que h\u00e1 d\u00e9cadas travavam o crescimento do Brasil: complexidade excessiva, inseguran\u00e7a jur\u00eddica e um sistema que penalizava os mais pobres e desestimulava o investimento. O novo modelo, fruto de um consenso raro entre diferentes esferas de poder e setores da sociedade, aponta na dire\u00e7\u00e3o certa. Agora, o desafio \u00e9 garantir uma implementa\u00e7\u00e3o transparente, coordenada e comprometida com os objetivos que uniram o pa\u00eds em torno dessa mudan\u00e7a\u201d, afirma Spada.S\u00e3o Paulo pode virar o jogoEntre os destaques da palestra est\u00e1 a an\u00e1lise sobre o papel de S\u00e3o Paulo no novo cen\u00e1rio federativo. Hoje, o estado \u00e9 o \u00fanico da federa\u00e7\u00e3o que recebe menos da metade do que contribui \u00e0 Uni\u00e3o. A reforma, segundo Spada, cria espa\u00e7o para corrigir essa distor\u00e7\u00e3o, especialmente na revis\u00e3o dos crit\u00e9rios do Fundo de Participa\u00e7\u00e3o dos Estados (FPE).\u201c\u00c9 essencial que cada estado, cada munic\u00edpio e cada cidad\u00e3o compreendam o que est\u00e1 em jogo. Em S\u00e3o Paulo, temos a chance de virar o jogo, recuperar protagonismo e transformar nossa pot\u00eancia econ\u00f4mica em bem-estar para todos\u201d, diz Spada. Perfil do palestranteRodrigo Spada \u00e9 Auditor Fiscal do Estado de S\u00e3o Paulo. \u00c9 formado em Engenharia de Produ\u00e7\u00e3o pela UFSCar, em Direito pela Unesp e possui MBA em Gest\u00e3o Empresarial pela<br>FIA. \u00c0 frente da Febrafite e da Afresp, atua na articula\u00e7\u00e3o t\u00e9cnica e pol\u00edtica de temas relacionados \u00e0 administra\u00e7\u00e3o tribut\u00e1ria e ao federalismo fiscal.<\/p>\n\n\n\n<figure class=\"wp-block-gallery has-nested-images columns-default is-cropped wp-block-gallery-1 is-layout-flex wp-block-gallery-is-layout-flex\">\n<figure class=\"wp-block-image size-large\"><img fetchpriority=\"high\" decoding=\"async\" width=\"819\" height=\"1024\" data-id=\"25453\" src=\"http:\/\/novosaopaulo.com.br\/n1\/wp-content\/uploads\/2025\/08\/WhatsApp-Image-2025-08-20-at-18.05.57-819x1024.jpeg\" alt=\"\" class=\"wp-image-25453\" srcset=\"https:\/\/novosaopaulo.com.br\/n1\/wp-content\/uploads\/2025\/08\/WhatsApp-Image-2025-08-20-at-18.05.57-819x1024.jpeg 819w, https:\/\/novosaopaulo.com.br\/n1\/wp-content\/uploads\/2025\/08\/WhatsApp-Image-2025-08-20-at-18.05.57-240x300.jpeg 240w, https:\/\/novosaopaulo.com.br\/n1\/wp-content\/uploads\/2025\/08\/WhatsApp-Image-2025-08-20-at-18.05.57-768x960.jpeg 768w, https:\/\/novosaopaulo.com.br\/n1\/wp-content\/uploads\/2025\/08\/WhatsApp-Image-2025-08-20-at-18.05.57-1024x1280.jpeg 1024w, https:\/\/novosaopaulo.com.br\/n1\/wp-content\/uploads\/2025\/08\/WhatsApp-Image-2025-08-20-at-18.05.57.jpeg 1080w\" sizes=\"(max-width: 819px) 100vw, 819px\" \/><\/figure>\n\n\n\n<figure class=\"wp-block-image size-large\"><img decoding=\"async\" width=\"819\" height=\"1024\" data-id=\"25452\" src=\"http:\/\/novosaopaulo.com.br\/n1\/wp-content\/uploads\/2025\/08\/WhatsApp-Image-2025-08-20-at-18.05.58-819x1024.jpeg\" alt=\"\" class=\"wp-image-25452\" srcset=\"https:\/\/novosaopaulo.com.br\/n1\/wp-content\/uploads\/2025\/08\/WhatsApp-Image-2025-08-20-at-18.05.58-819x1024.jpeg 819w, https:\/\/novosaopaulo.com.br\/n1\/wp-content\/uploads\/2025\/08\/WhatsApp-Image-2025-08-20-at-18.05.58-240x300.jpeg 240w, https:\/\/novosaopaulo.com.br\/n1\/wp-content\/uploads\/2025\/08\/WhatsApp-Image-2025-08-20-at-18.05.58-768x960.jpeg 768w, https:\/\/novosaopaulo.com.br\/n1\/wp-content\/uploads\/2025\/08\/WhatsApp-Image-2025-08-20-at-18.05.58-1024x1280.jpeg 1024w, https:\/\/novosaopaulo.com.br\/n1\/wp-content\/uploads\/2025\/08\/WhatsApp-Image-2025-08-20-at-18.05.58.jpeg 1080w\" sizes=\"(max-width: 819px) 100vw, 819px\" \/><\/figure>\n<\/figure>\n","protected":false},"excerpt":{"rendered":"<p>Presidente da Febrafite e da Afresp destaca ganhos econ\u00f4micos, sociais e federativos para o estado&#8230;<\/p>\n","protected":false},"author":1,"featured_media":25454,"comment_status":"open","ping_status":"open","sticky":false,"template":"","format":"standard","meta":{"footnotes":""},"categories":[34],"tags":[],"featured_image_urls":{"full":["https:\/\/novosaopaulo.com.br\/n1\/wp-content\/uploads\/2025\/08\/7e4b4bbb0de5091fc626dbf8d35e86c1.jpg",880,550,false],"thumbnail":["https:\/\/novosaopaulo.com.br\/n1\/wp-content\/uploads\/2025\/08\/7e4b4bbb0de5091fc626dbf8d35e86c1-150x150.jpg",150,150,true],"medium":["https:\/\/novosaopaulo.com.br\/n1\/wp-content\/uploads\/2025\/08\/7e4b4bbb0de5091fc626dbf8d35e86c1-300x188.jpg",300,188,true],"medium_large":["https:\/\/novosaopaulo.com.br\/n1\/wp-content\/uploads\/2025\/08\/7e4b4bbb0de5091fc626dbf8d35e86c1-768x480.jpg",640,400,true],"large":["https:\/\/novosaopaulo.com.br\/n1\/wp-content\/uploads\/2025\/08\/7e4b4bbb0de5091fc626dbf8d35e86c1.jpg",640,400,false],"1536x1536":["https:\/\/novosaopaulo.com.br\/n1\/wp-content\/uploads\/2025\/08\/7e4b4bbb0de5091fc626dbf8d35e86c1.jpg",880,550,false],"2048x2048":["https:\/\/novosaopaulo.com.br\/n1\/wp-content\/uploads\/2025\/08\/7e4b4bbb0de5091fc626dbf8d35e86c1.jpg",880,550,false],"newsever-slider-full":["https:\/\/novosaopaulo.com.br\/n1\/wp-content\/uploads\/2025\/08\/7e4b4bbb0de5091fc626dbf8d35e86c1.jpg",880,550,false],"newsever-featured":["https:\/\/novosaopaulo.com.br\/n1\/wp-content\/uploads\/2025\/08\/7e4b4bbb0de5091fc626dbf8d35e86c1.jpg",880,550,false],"newsever-medium":["https:\/\/novosaopaulo.com.br\/n1\/wp-content\/uploads\/2025\/08\/7e4b4bbb0de5091fc626dbf8d35e86c1-720x475.jpg",720,475,true]},"author_info":{"display_name":"Reda\u00e7\u00e3o","author_link":"https:\/\/novosaopaulo.com.br\/n1\/author\/g5poa\/"},"category_info":"<a href=\"https:\/\/novosaopaulo.com.br\/n1\/category\/alto-tiete\/\" rel=\"category tag\">Alto Tiet\u00ea<\/a>","tag_info":"Alto Tiet\u00ea","comment_count":"0","_links":{"self":[{"href":"https:\/\/novosaopaulo.com.br\/n1\/wp-json\/wp\/v2\/posts\/25451"}],"collection":[{"href":"https:\/\/novosaopaulo.com.br\/n1\/wp-json\/wp\/v2\/posts"}],"about":[{"href":"https:\/\/novosaopaulo.com.br\/n1\/wp-json\/wp\/v2\/types\/post"}],"author":[{"embeddable":true,"href":"https:\/\/novosaopaulo.com.br\/n1\/wp-json\/wp\/v2\/users\/1"}],"replies":[{"embeddable":true,"href":"https:\/\/novosaopaulo.com.br\/n1\/wp-json\/wp\/v2\/comments?post=25451"}],"version-history":[{"count":1,"href":"https:\/\/novosaopaulo.com.br\/n1\/wp-json\/wp\/v2\/posts\/25451\/revisions"}],"predecessor-version":[{"id":25455,"href":"https:\/\/novosaopaulo.com.br\/n1\/wp-json\/wp\/v2\/posts\/25451\/revisions\/25455"}],"wp:featuredmedia":[{"embeddable":true,"href":"https:\/\/novosaopaulo.com.br\/n1\/wp-json\/wp\/v2\/media\/25454"}],"wp:attachment":[{"href":"https:\/\/novosaopaulo.com.br\/n1\/wp-json\/wp\/v2\/media?parent=25451"}],"wp:term":[{"taxonomy":"category","embeddable":true,"href":"https:\/\/novosaopaulo.com.br\/n1\/wp-json\/wp\/v2\/categories?post=25451"},{"taxonomy":"post_tag","embeddable":true,"href":"https:\/\/novosaopaulo.com.br\/n1\/wp-json\/wp\/v2\/tags?post=25451"}],"curies":[{"name":"wp","href":"https:\/\/api.w.org\/{rel}","templated":true}]}}