{"id":25424,"date":"2025-08-20T13:34:49","date_gmt":"2025-08-20T16:34:49","guid":{"rendered":"https:\/\/novosaopaulo.com.br\/n1\/?p=25424"},"modified":"2025-08-20T13:34:50","modified_gmt":"2025-08-20T16:34:50","slug":"oficinas-gratuitas-do-sementeia-estao-com-inscricoes-abertas","status":"publish","type":"post","link":"https:\/\/novosaopaulo.com.br\/n1\/oficinas-gratuitas-do-sementeia-estao-com-inscricoes-abertas\/","title":{"rendered":"Oficinas gratuitas do Sementeia est\u00e3o com inscri\u00e7\u00f5es abertas"},"content":{"rendered":"\n<p>Encontros ampliam a programa\u00e7\u00e3o cultural feita por e para mulheres no Alto Tiet\u00eaO II Festival Sementeia, que acontece de 1\u00ba a 12 de setembro em Suzano (SP), abre inscri\u00e7\u00f5es para duas oficinas gratuitas que integram sua programa\u00e7\u00e3o. As propostas convidam o p\u00fablico a vivenciar processos de escuta, autocuidado e cria\u00e7\u00e3o coletiva, reafirmando o compromisso do Festival em oferecer espa\u00e7os de forma\u00e7\u00e3o e troca a partir das perspectivas femininas e diversas. No Laborat\u00f3rio de Escuta de Imagens (04\/09), Elidayana Alexandrino prop\u00f5e uma experi\u00eancia sensorial em que mem\u00f3rias e narrativas emergem a partir do encontro com imagens, estimulando a imagina\u00e7\u00e3o e a constru\u00e7\u00e3o coletiva de sentidos. J\u00e1 em Eu, Semente (08\/09), Jana Santos conduz uma viv\u00eancia arte-terap\u00eautica em que a manipula\u00e7\u00e3o de sementes se transforma em mandalas afetivas, abrindo espa\u00e7o para reflex\u00f5es sobre ciclos de vida e futuros poss\u00edveis.Elidayana Alexandrino \u00e9 artista visual, educadora e pesquisadora independente. Ela utiliza a fotografia e a palavra como formas de express\u00e3o, investigando rela\u00e7\u00f5es entre imagem, mem\u00f3ria, corpo e natureza. Ela explica que a atividade proposta para o Festival n\u00e3o pretende ensinar uma metodologia espec\u00edfica, mas proporcionar um encontro l\u00fadico com os sentidos e despertar o olhar anal\u00edtico e cr\u00edtico sobre as imagens. \u201cPor ser uma atividade de partilha, se integra no prop\u00f3sito de criar um espa\u00e7o de escuta, acolhimento e de uma experi\u00eancia significativa\u201d, afirma.Jana Santos, por sua vez, \u00e9 arte-educadora, ilustradora, graffiteira e arteterapeuta. Seu trabalho autoral se desenvolve em constante movimento e di\u00e1logo, sendo compartilhado em espa\u00e7os socioeducativos atrav\u00e9s de oficinas e viv\u00eancias art\u00edsticas. Sua oficina deve proporcionar um momento de acolhimento, reflex\u00e3o e autocuidado para as pessoas presentes. \u201cA viv\u00eancia permite semear futuros e refletir sobre a ciclicidade da pr\u00f3pria vida atrav\u00e9s de uma experi\u00eancia simb\u00f3lica\u201d, revela.Sobre o FestivalRealizado com recursos da Pol\u00edtica Nacional Aldir Blanc (PNAB), o Festival Sementeia \u00e9 um gesto coletivo de artistas, produtoras e educadoras da regi\u00e3o do Alto Tiet\u00ea que reivindicam espa\u00e7os f\u00e9rteis e seguros para a produ\u00e7\u00e3o cultural das mulheres. A segunda edi\u00e7\u00e3o re\u00fane mais de 10 atividades entre shows, espet\u00e1culos, oficinas e bate-papos, todas gratuitas e abertas ao p\u00fablico. A programa\u00e7\u00e3o completa pode ser acompanhada no Instagram @festival_sementeia.Servi\u00e7o:Laborat\u00f3rio de Escuta de ImagensData: 04\/09\/25 (quinta-feira)Hor\u00e1rio: 17h \u00e0s 19hLocal: Casar\u00e3o das Artes \u2013 Rua Vinte e Sete de Outubro, 271, CentroP\u00fablico-alvo: Livre, a partir de 16 anos<br>Inscri\u00e7\u00f5es: https:\/\/forms.gle\/xc6fHFEmcZSqdGjeA Eu, SementeData: 08\/09\/25 (segunda-feira)Hor\u00e1rio: 14h \u00e0s 16hLocal: Centro Cultural Colorado \u2013 Rua Domingos Vitorino, 68, Jardim CaciqueP\u00fablico-alvo: Mulheres e pessoas LGBTQ+ (16+) \u2013 at\u00e9 15 vagasInscri\u00e7\u00f5es: https:\/\/forms.gle\/xdoKGo4JFhyDH54v9<\/p>\n","protected":false},"excerpt":{"rendered":"<p>Encontros ampliam a programa\u00e7\u00e3o cultural feita por e para mulheres no Alto Tiet\u00eaO II Festival&#8230;<\/p>\n","protected":false},"author":1,"featured_media":25425,"comment_status":"open","ping_status":"open","sticky":false,"template":"","format":"standard","meta":{"footnotes":""},"categories":[34],"tags":[],"featured_image_urls":{"full":["https:\/\/novosaopaulo.com.br\/n1\/wp-content\/uploads\/2025\/08\/WhatsApp-Image-2025-08-20-at-09.01.07.jpeg",800,513,false],"thumbnail":["https:\/\/novosaopaulo.com.br\/n1\/wp-content\/uploads\/2025\/08\/WhatsApp-Image-2025-08-20-at-09.01.07-150x150.jpeg",150,150,true],"medium":["https:\/\/novosaopaulo.com.br\/n1\/wp-content\/uploads\/2025\/08\/WhatsApp-Image-2025-08-20-at-09.01.07-300x192.jpeg",300,192,true],"medium_large":["https:\/\/novosaopaulo.com.br\/n1\/wp-content\/uploads\/2025\/08\/WhatsApp-Image-2025-08-20-at-09.01.07-768x492.jpeg",640,410,true],"large":["https:\/\/novosaopaulo.com.br\/n1\/wp-content\/uploads\/2025\/08\/WhatsApp-Image-2025-08-20-at-09.01.07.jpeg",640,410,false],"1536x1536":["https:\/\/novosaopaulo.com.br\/n1\/wp-content\/uploads\/2025\/08\/WhatsApp-Image-2025-08-20-at-09.01.07.jpeg",800,513,false],"2048x2048":["https:\/\/novosaopaulo.com.br\/n1\/wp-content\/uploads\/2025\/08\/WhatsApp-Image-2025-08-20-at-09.01.07.jpeg",800,513,false],"newsever-slider-full":["https:\/\/novosaopaulo.com.br\/n1\/wp-content\/uploads\/2025\/08\/WhatsApp-Image-2025-08-20-at-09.01.07.jpeg",800,513,false],"newsever-featured":["https:\/\/novosaopaulo.com.br\/n1\/wp-content\/uploads\/2025\/08\/WhatsApp-Image-2025-08-20-at-09.01.07.jpeg",800,513,false],"newsever-medium":["https:\/\/novosaopaulo.com.br\/n1\/wp-content\/uploads\/2025\/08\/WhatsApp-Image-2025-08-20-at-09.01.07-720x475.jpeg",720,475,true]},"author_info":{"display_name":"Reda\u00e7\u00e3o","author_link":"https:\/\/novosaopaulo.com.br\/n1\/author\/g5poa\/"},"category_info":"<a href=\"https:\/\/novosaopaulo.com.br\/n1\/category\/alto-tiete\/\" rel=\"category tag\">Alto Tiet\u00ea<\/a>","tag_info":"Alto Tiet\u00ea","comment_count":"0","_links":{"self":[{"href":"https:\/\/novosaopaulo.com.br\/n1\/wp-json\/wp\/v2\/posts\/25424"}],"collection":[{"href":"https:\/\/novosaopaulo.com.br\/n1\/wp-json\/wp\/v2\/posts"}],"about":[{"href":"https:\/\/novosaopaulo.com.br\/n1\/wp-json\/wp\/v2\/types\/post"}],"author":[{"embeddable":true,"href":"https:\/\/novosaopaulo.com.br\/n1\/wp-json\/wp\/v2\/users\/1"}],"replies":[{"embeddable":true,"href":"https:\/\/novosaopaulo.com.br\/n1\/wp-json\/wp\/v2\/comments?post=25424"}],"version-history":[{"count":1,"href":"https:\/\/novosaopaulo.com.br\/n1\/wp-json\/wp\/v2\/posts\/25424\/revisions"}],"predecessor-version":[{"id":25426,"href":"https:\/\/novosaopaulo.com.br\/n1\/wp-json\/wp\/v2\/posts\/25424\/revisions\/25426"}],"wp:featuredmedia":[{"embeddable":true,"href":"https:\/\/novosaopaulo.com.br\/n1\/wp-json\/wp\/v2\/media\/25425"}],"wp:attachment":[{"href":"https:\/\/novosaopaulo.com.br\/n1\/wp-json\/wp\/v2\/media?parent=25424"}],"wp:term":[{"taxonomy":"category","embeddable":true,"href":"https:\/\/novosaopaulo.com.br\/n1\/wp-json\/wp\/v2\/categories?post=25424"},{"taxonomy":"post_tag","embeddable":true,"href":"https:\/\/novosaopaulo.com.br\/n1\/wp-json\/wp\/v2\/tags?post=25424"}],"curies":[{"name":"wp","href":"https:\/\/api.w.org\/{rel}","templated":true}]}}