{"id":25395,"date":"2025-08-15T18:12:13","date_gmt":"2025-08-15T21:12:13","guid":{"rendered":"https:\/\/novosaopaulo.com.br\/n1\/?p=25395"},"modified":"2025-08-15T18:12:14","modified_gmt":"2025-08-15T21:12:14","slug":"nattan-lanca-clipe-de-ama-ou-nao-ama-nesta-sexta-feira-15","status":"publish","type":"post","link":"https:\/\/novosaopaulo.com.br\/n1\/nattan-lanca-clipe-de-ama-ou-nao-ama-nesta-sexta-feira-15\/","title":{"rendered":"Nattan lan\u00e7a clipe de Ama Ou N\u00e3o Ama nesta sexta-feira (15)"},"content":{"rendered":"\n<p>Grava\u00e7\u00e3o aconteceu no Mercado Municipal de S\u00e3o Paulo e contou com a participa\u00e7\u00e3o intensa do p\u00fablico<\/p>\n\n\n\n<p>Assista aqui:<a href=\"https:\/\/www.youtube.c https:\/\/www.youtube.com\/watch?v=aEl7NqoJevwom\/watch?v=aEl7NqoJevw\"> <\/a><a href=\"https:\/\/www.youtube.c https:\/\/www.youtube.com\/watch?v=aEl7NqoJevwom\/watch?v=aEl7NqoJevw\" target=\"_blank\" rel=\"noreferrer noopener\">https:\/\/www.youtube.com\/watch?v=aEl7NqoJevw<\/a><\/p>\n\n\n\n<p>O cantor Nattan lan\u00e7a nesta sexta-feira (15), o clipe de \u201cAma Ou N\u00e3o Ama\u201d, faixa que integra o \u00e1lbum Impar\u00e1vel. O v\u00eddeo foi gravado no tradicional Mercado Municipal de S\u00e3o Paulo, um dos pontos tur\u00edsticos mais emblem\u00e1ticos do pa\u00eds, durante uma visita que parou o local e atraiu uma multid\u00e3o de f\u00e3s.<\/p>\n\n\n\n<p>Misturando espontaneidade e carisma, Nattan transformou o mercad\u00e3o em palco para um encontro inesquec\u00edvel com o p\u00fablico. Em clima descontra\u00eddo, o artista interagiu com a plateia e foi acompanhado em coro. \u201cO que aconteceu ali foi m\u00e1gico. A galera cantando tudo, vibrando comigo\u2026 N\u00e3o tem pre\u00e7o. Foi de arrepiar mesmo!\u201d, conta Nattan.<\/p>\n\n\n\n<p>O lan\u00e7amento faz parte de um projeto especial do artista, que tem como objetivo registrar clipes em diferentes regi\u00f5es do Brasil, destacando a diversidade cultural e a conex\u00e3o com os p\u00fablicos locais. \u201cQuero que minha m\u00fasica chegue em todos os lugares e que esses momentos fiquem eternizados. Esse clipe \u00e9 mais um lan\u00e7amento de algo muito especial\u201d, afirma.<\/p>\n\n\n\n<p>O \u00e1lbum Impar\u00e1vel, lan\u00e7ado recentemente, marca uma nova fase na carreira de Nattan. A obra re\u00fane faixas in\u00e9ditas, regrava\u00e7\u00f5es e participa\u00e7\u00f5es especiais, consolidando o cantor como um dos principais nomes da nova gera\u00e7\u00e3o da m\u00fasica brasileira.<\/p>\n\n\n\n<p>Sobre Nattan<\/p>\n\n\n\n<p>Com 26 anos, Nattan \u00e9 um dos maiores nomes da m\u00fasica brasileira atual. Nascido em Sobral e criado em Tiangu\u00e1, no interior do Cear\u00e1, o cantor soma mais de 10 milh\u00f5es de ouvintes mensais no Spotify, 10 milh\u00f5es de seguidores no Instagram e 2 milh\u00f5es de inscritos no YouTube.<\/p>\n\n\n\n<p>Em 2023, lan\u00e7ou o EP \u201cPra Quebrar a Cara\u201d e criou a label \u201cDesmanttelo do Nattan\u201d, que se transformou em festival e percorreu o pa\u00eds. No mesmo ano, emplacou o hit \u201cLove Gostosinho\u201d, com Felipe Amorim, com mais de 175 milh\u00f5es de plays e presen\u00e7a no Top 5 de 13 estados. Tamb\u00e9m esteve entre os mais ouvidos em 8 estados e foi o mais adicionado a playlists de forr\u00f3 no Spotify.<\/p>\n\n\n\n<p>Em 2024, lan\u00e7ou o projeto \u201cEstilo Nattanzinho\u201d, com destaque para \u201cEu Vou Sentar\u201d (feat. Melody) e \u201cPega Cabuloso\u201d (com Ana Castela). O single \u201cAmor na Praia\u201d tamb\u00e9m chegou ao topo do Spotify Brasil e soma hoje mais de 68 milh\u00f5es de plays.<\/p>\n\n\n\n<p>J\u00e1 em 2025, apresenta agora ao p\u00fablico o \u00e1lbum \u201cImpar\u00e1vel\u201d, que re\u00fane faixas in\u00e9ditas e regrava\u00e7\u00f5es em um projeto que refor\u00e7a sua versatilidade e marca mais um passo em sua trajet\u00f3ria de crescimento e amadurecimento art\u00edstico. Entre seus maiores hits est\u00e3o \u201cComunica\u00e7\u00e3o Falhou\u201d, \u201cMorena\u201d e \u201cTem Cabar\u00e9 Essa Noite\u201d.<\/p>\n\n\n\n<p>Siga Nattan nas redes sociais:<br>Instagram<br>Youtube<br>Spotify<br>TikTok<br>Facebook<\/p>\n","protected":false},"excerpt":{"rendered":"<p>Grava\u00e7\u00e3o aconteceu no Mercado Municipal de S\u00e3o Paulo e contou com a participa\u00e7\u00e3o intensa do&#8230;<\/p>\n","protected":false},"author":1,"featured_media":25396,"comment_status":"open","ping_status":"open","sticky":false,"template":"","format":"standard","meta":{"footnotes":""},"categories":[2],"tags":[],"featured_image_urls":{"full":["https:\/\/novosaopaulo.com.br\/n1\/wp-content\/uploads\/2025\/08\/foto.jpg",602,304,false],"thumbnail":["https:\/\/novosaopaulo.com.br\/n1\/wp-content\/uploads\/2025\/08\/foto-150x150.jpg",150,150,true],"medium":["https:\/\/novosaopaulo.com.br\/n1\/wp-content\/uploads\/2025\/08\/foto-300x151.jpg",300,151,true],"medium_large":["https:\/\/novosaopaulo.com.br\/n1\/wp-content\/uploads\/2025\/08\/foto.jpg",602,304,false],"large":["https:\/\/novosaopaulo.com.br\/n1\/wp-content\/uploads\/2025\/08\/foto.jpg",602,304,false],"1536x1536":["https:\/\/novosaopaulo.com.br\/n1\/wp-content\/uploads\/2025\/08\/foto.jpg",602,304,false],"2048x2048":["https:\/\/novosaopaulo.com.br\/n1\/wp-content\/uploads\/2025\/08\/foto.jpg",602,304,false],"newsever-slider-full":["https:\/\/novosaopaulo.com.br\/n1\/wp-content\/uploads\/2025\/08\/foto.jpg",602,304,false],"newsever-featured":["https:\/\/novosaopaulo.com.br\/n1\/wp-content\/uploads\/2025\/08\/foto.jpg",602,304,false],"newsever-medium":["https:\/\/novosaopaulo.com.br\/n1\/wp-content\/uploads\/2025\/08\/foto.jpg",602,304,false]},"author_info":{"display_name":"Reda\u00e7\u00e3o","author_link":"https:\/\/novosaopaulo.com.br\/n1\/author\/g5poa\/"},"category_info":"<a href=\"https:\/\/novosaopaulo.com.br\/n1\/category\/cidades\/\" rel=\"category tag\">Cidades<\/a>","tag_info":"Cidades","comment_count":"0","_links":{"self":[{"href":"https:\/\/novosaopaulo.com.br\/n1\/wp-json\/wp\/v2\/posts\/25395"}],"collection":[{"href":"https:\/\/novosaopaulo.com.br\/n1\/wp-json\/wp\/v2\/posts"}],"about":[{"href":"https:\/\/novosaopaulo.com.br\/n1\/wp-json\/wp\/v2\/types\/post"}],"author":[{"embeddable":true,"href":"https:\/\/novosaopaulo.com.br\/n1\/wp-json\/wp\/v2\/users\/1"}],"replies":[{"embeddable":true,"href":"https:\/\/novosaopaulo.com.br\/n1\/wp-json\/wp\/v2\/comments?post=25395"}],"version-history":[{"count":1,"href":"https:\/\/novosaopaulo.com.br\/n1\/wp-json\/wp\/v2\/posts\/25395\/revisions"}],"predecessor-version":[{"id":25397,"href":"https:\/\/novosaopaulo.com.br\/n1\/wp-json\/wp\/v2\/posts\/25395\/revisions\/25397"}],"wp:featuredmedia":[{"embeddable":true,"href":"https:\/\/novosaopaulo.com.br\/n1\/wp-json\/wp\/v2\/media\/25396"}],"wp:attachment":[{"href":"https:\/\/novosaopaulo.com.br\/n1\/wp-json\/wp\/v2\/media?parent=25395"}],"wp:term":[{"taxonomy":"category","embeddable":true,"href":"https:\/\/novosaopaulo.com.br\/n1\/wp-json\/wp\/v2\/categories?post=25395"},{"taxonomy":"post_tag","embeddable":true,"href":"https:\/\/novosaopaulo.com.br\/n1\/wp-json\/wp\/v2\/tags?post=25395"}],"curies":[{"name":"wp","href":"https:\/\/api.w.org\/{rel}","templated":true}]}}