{"id":25381,"date":"2025-08-14T12:27:04","date_gmt":"2025-08-14T15:27:04","guid":{"rendered":"https:\/\/novosaopaulo.com.br\/n1\/?p=25381"},"modified":"2025-08-14T12:27:05","modified_gmt":"2025-08-14T15:27:05","slug":"o-drama-da-politica-latino-americana","status":"publish","type":"post","link":"https:\/\/novosaopaulo.com.br\/n1\/o-drama-da-politica-latino-americana\/","title":{"rendered":"O drama da pol\u00edtica latino-americana"},"content":{"rendered":"\n<p>A Am\u00e9rica Latina \u00e9, sem d\u00favida, uma por\u00e7\u00e3o controversa do planeta. Fruto da partilha entre Espanha e Portugal, os grandes conquistadores dos s\u00e9culos 14, 15, 16 e 17, o territ\u00f3rio subdividiu-se em na\u00e7\u00f5es de diferentes culturas e interesses. Tanto que j\u00e1 viveu guerras, revolu\u00e7\u00f5es e mesclou sua vida pol\u00edtica entre reis, caudilhos, ditadores e as mais esquisitas formas de governo. J\u00e1 houve \u00e9pocas em que os latino-americanos conviveram com instabilidade, sangrentas ditaduras tanto de esquerda quanto de direita e com democracias nem sempre bem estabelecidas. Hoje, mesmo, h\u00e1 as socialistas Cuba, Nicar\u00e1gua e Venezuela. Na Bol\u00edvia, onde a esquerda perdeu a m\u00e3o, o pa\u00eds mergulha em crise econ\u00f4mica, na Col\u00f4mbia, viu-se o senador candidato \u00e0 presid\u00eancia morrer num atentado, no Chile as instabilidades ideol\u00f3gicas, no Uruguai a esquerda voltou ao poder discretamente, na Argentina, depois de anos de governos danosos de esquerda, a direita se estabeleceu e conteve a infla\u00e7\u00e3o. O Brasil, que vive a mais completa das contradi\u00e7\u00f5es e a briga entre esquerda, direita e centro. Agora, para completar o quadro, surgiu Donald Trump, que tenta recuperar o prest\u00edgio dos Estados Unidos e trata os parceiros com m\u00e3o de ferro e \u2013 se n\u00e3o tomar cuidado \u2013 pode levar \u00e0 Terceira Guerra Mundial.<br>N\u00f3s, os brasileiros, n\u00e3o temos muito a fazer pela ordem. Afinal, a grande briga entre Lula (esquerda) e Bolsonaro (direita) j\u00e1 traz problemas que n\u00e3o agradam a nenhum vivente. A desaven\u00e7a entre os poderes institucionais (Legislativo, Executivo e Judici\u00e1rio) \u00e9 algo perigoso, visto que arrepia a Constitui\u00e7\u00e3o no momento em que n\u00e3o agem \u201cindependentes e harm\u00f4nicos entre si\u201d e abrem a possibilidade do descumprimento dos ritos legais e jur\u00eddicos, o que conspurcar a t\u00e3o propalada democracia e, com isso, faz sofrer a popula\u00e7\u00e3o.<br>N\u00e3o nos agrada a interfer\u00eancia dos Estados Unidos e princialmente a penaliza\u00e7\u00e3o da nossa economia com a leonina tarifa de 50% sobre o pre\u00e7o das mercadorias que exportamos \u00e0quele pa\u00eds. Mas tamb\u00e9m incomoda a pouca disposi\u00e7\u00e3o de nossos governantes \u2013 especialmente o presidente Lula \u2013 de discutir com Donald Trump. O ideal seria que, enquanto era tempo, negociassem e chegassem a um comportado acordo. Agora, a solu\u00e7\u00e3o \u00e9 criar desonera\u00e7\u00e3o de tributos e empr\u00e9stimos para que os produtores nacionais possam continuar trabalhando e oferecendo empregos \u00e0 popula\u00e7\u00e3o. E procurar outros clientes para as nossas mercadorias que Trump gravou com 50% de imposto. Tentar vend\u00ea-las a outros pa\u00edses onde n\u00e3o haja taxa de importa\u00e7\u00e3o ou ela seja pequena. Mesmo que essas na\u00e7\u00f5es depois as repassem aos EUA.<br>Rogamos que os membros dos tr\u00eas poderes e as for\u00e7as pol\u00edticas dos diferentes matizes se entendam para evitar que suas brigas quebrem o Pa\u00eds. Para o povo, pouco importa se o governo e o parlamento s\u00e3o de maioria \u00e0 esquerda ou \u00e0 direita, desde que o cidad\u00e3o seja bem tratado e tenha os seus direitos respeitados. Os \u00f3rg\u00e3os do Judici\u00e1rio devem se conter \u00e0s suas atribui\u00e7\u00f5es e jamais pretendem governar ou legislar, pois esta n\u00e3o \u00e9 a sua fun\u00e7\u00e3o. Em vez disso, seus membros devem se empenhar para que excessos e crimes cometidos \u2013 independente da identidade e import\u00e2ncia dos autores \u2013 sejam eficientemente apurados e os cometedores apresentados ao \u00f3rg\u00e3o judicial competente para que sofram o devido processo legal e, ao final, tenha a devida penalidade (n\u00e3o mais e nem menos que o devido).<br>Pela grande quantidade de malfeitos j\u00e1 conhecidos, precisamos de absoluta firmeza dos Tr\u00eas Poderes. O Executivo cumprindo sua tarefa de governar, o Legislativo fazendo as leis e fiscalizando o seu cumprimento e o Judici\u00e1rio recebendo as queixas, apurando-as de acordo com a lei e, com isso, protegendo as institui\u00e7\u00f5es e at\u00e9 a democracia.<br>Temos pend\u00eancias como a proposta lei da anistia aos envolvidos nos acontecimentos de 8 de janeiro de 2023, o controverso processo sobre a tentativa de golpe de Estado, a proposta de elimina\u00e7\u00e3o da elei\u00e7\u00e3o de governantes e a revoga\u00e7\u00e3o do foro privilegiado que, em vez de proteger os congressistas e autoridades, as colocam em desvantagem por responderem seus problemas diretamente ao Supremo Tribunal Federal e, no caso de condena\u00e7\u00e3o, n\u00e3o terem a quem recorrer.<br>A Nova Rep\u00fablica \u2013 surgida em 1985 \u2013 despertou esperan\u00e7as na popula\u00e7\u00e3o e pacificou o Pa\u00eds. Mas chegou \u00e0 exaust\u00e3o. Grupos que se tornaram fortes conseguiram aprovar leis indevidas e a pol\u00edtica nacional, lamentavelmente, em vez de \u00e1rea de civismo e cidadania, tornou-se campo de batalha que cada dia se torna mais perigosa e \u2013 se n\u00e3o tiver as devidas mitiga\u00e7\u00f5es &#8211; poder\u00e1 conduzir a Na\u00e7\u00e3o ao caos e, o que seria um imenso desperd\u00edcio\u2026<\/p>\n\n\n\n<p>Tenente Dirceu Cardoso Gon\u00e7alves &#8211; dirigente da ASPOMIL (Associa\u00e7\u00e3o de Assist\u00eancia Social dos Policiais Militares de S\u00e3o Paulo).<\/p>\n","protected":false},"excerpt":{"rendered":"<p>A Am\u00e9rica Latina \u00e9, sem d\u00favida, uma por\u00e7\u00e3o controversa do planeta. Fruto da partilha entre&#8230;<\/p>\n","protected":false},"author":1,"featured_media":23327,"comment_status":"open","ping_status":"open","sticky":false,"template":"","format":"standard","meta":{"footnotes":""},"categories":[2],"tags":[],"featured_image_urls":{"full":["https:\/\/novosaopaulo.com.br\/n1\/wp-content\/uploads\/2025\/04\/Tenente-Dirceu-Cardoso-Goncalves.jpg",600,564,false],"thumbnail":["https:\/\/novosaopaulo.com.br\/n1\/wp-content\/uploads\/2025\/04\/Tenente-Dirceu-Cardoso-Goncalves-150x150.jpg",150,150,true],"medium":["https:\/\/novosaopaulo.com.br\/n1\/wp-content\/uploads\/2025\/04\/Tenente-Dirceu-Cardoso-Goncalves-300x282.jpg",300,282,true],"medium_large":["https:\/\/novosaopaulo.com.br\/n1\/wp-content\/uploads\/2025\/04\/Tenente-Dirceu-Cardoso-Goncalves.jpg",600,564,false],"large":["https:\/\/novosaopaulo.com.br\/n1\/wp-content\/uploads\/2025\/04\/Tenente-Dirceu-Cardoso-Goncalves.jpg",600,564,false],"1536x1536":["https:\/\/novosaopaulo.com.br\/n1\/wp-content\/uploads\/2025\/04\/Tenente-Dirceu-Cardoso-Goncalves.jpg",600,564,false],"2048x2048":["https:\/\/novosaopaulo.com.br\/n1\/wp-content\/uploads\/2025\/04\/Tenente-Dirceu-Cardoso-Goncalves.jpg",600,564,false],"newsever-slider-full":["https:\/\/novosaopaulo.com.br\/n1\/wp-content\/uploads\/2025\/04\/Tenente-Dirceu-Cardoso-Goncalves.jpg",600,564,false],"newsever-featured":["https:\/\/novosaopaulo.com.br\/n1\/wp-content\/uploads\/2025\/04\/Tenente-Dirceu-Cardoso-Goncalves.jpg",600,564,false],"newsever-medium":["https:\/\/novosaopaulo.com.br\/n1\/wp-content\/uploads\/2025\/04\/Tenente-Dirceu-Cardoso-Goncalves-600x475.jpg",600,475,true]},"author_info":{"display_name":"Reda\u00e7\u00e3o","author_link":"https:\/\/novosaopaulo.com.br\/n1\/author\/g5poa\/"},"category_info":"<a href=\"https:\/\/novosaopaulo.com.br\/n1\/category\/cidades\/\" rel=\"category tag\">Cidades<\/a>","tag_info":"Cidades","comment_count":"0","_links":{"self":[{"href":"https:\/\/novosaopaulo.com.br\/n1\/wp-json\/wp\/v2\/posts\/25381"}],"collection":[{"href":"https:\/\/novosaopaulo.com.br\/n1\/wp-json\/wp\/v2\/posts"}],"about":[{"href":"https:\/\/novosaopaulo.com.br\/n1\/wp-json\/wp\/v2\/types\/post"}],"author":[{"embeddable":true,"href":"https:\/\/novosaopaulo.com.br\/n1\/wp-json\/wp\/v2\/users\/1"}],"replies":[{"embeddable":true,"href":"https:\/\/novosaopaulo.com.br\/n1\/wp-json\/wp\/v2\/comments?post=25381"}],"version-history":[{"count":1,"href":"https:\/\/novosaopaulo.com.br\/n1\/wp-json\/wp\/v2\/posts\/25381\/revisions"}],"predecessor-version":[{"id":25382,"href":"https:\/\/novosaopaulo.com.br\/n1\/wp-json\/wp\/v2\/posts\/25381\/revisions\/25382"}],"wp:featuredmedia":[{"embeddable":true,"href":"https:\/\/novosaopaulo.com.br\/n1\/wp-json\/wp\/v2\/media\/23327"}],"wp:attachment":[{"href":"https:\/\/novosaopaulo.com.br\/n1\/wp-json\/wp\/v2\/media?parent=25381"}],"wp:term":[{"taxonomy":"category","embeddable":true,"href":"https:\/\/novosaopaulo.com.br\/n1\/wp-json\/wp\/v2\/categories?post=25381"},{"taxonomy":"post_tag","embeddable":true,"href":"https:\/\/novosaopaulo.com.br\/n1\/wp-json\/wp\/v2\/tags?post=25381"}],"curies":[{"name":"wp","href":"https:\/\/api.w.org\/{rel}","templated":true}]}}