{"id":25377,"date":"2025-08-14T12:14:43","date_gmt":"2025-08-14T15:14:43","guid":{"rendered":"https:\/\/novosaopaulo.com.br\/n1\/?p=25377"},"modified":"2025-08-14T12:14:44","modified_gmt":"2025-08-14T15:14:44","slug":"espaco-da-audicao-mostra-como-idosos-com-problemas-auditivos-tem-42-mais-risco-de-demencia","status":"publish","type":"post","link":"https:\/\/novosaopaulo.com.br\/n1\/espaco-da-audicao-mostra-como-idosos-com-problemas-auditivos-tem-42-mais-risco-de-demencia\/","title":{"rendered":"Espa\u00e7o da Audi\u00e7\u00e3o mostra como idosos com problemas auditivos tem 42% mais risco de dem\u00eancia"},"content":{"rendered":"\n<p>A dem\u00eancia e a perda auditiva s\u00e3o condi\u00e7\u00f5es comuns entre os idosos, e, segundo estudos recentes, est\u00e3o mais relacionadas do que se imagina. A revista cient\u00edfica The Lancet Public Health analisou dados de 437.704 pessoas do banco de dados UK Biobank e revelou: pessoas com perda auditiva que n\u00e3o utilizavam aparelhos auditivos apresentaram um risco 42% maior de desenvolver dem\u00eancia.<\/p>\n\n\n\n<p>A fonoaudi\u00f3loga Ariane Bonucci (@fgaarianebonucci), especialista em audiologia e propriet\u00e1ria do Espa\u00e7o da Audi\u00e7\u00e3o (@espacodaaudicao), explica que a perda auditiva pode come\u00e7ar de forma silenciosa e gerar problemas mentais diversos. \u201cN\u00e3o \u00e9 apenas um problema sensorial, ela tem um impacto direto na sa\u00fade mental e na qualidade de vida. Muitas vezes, os sinais iniciais passam despercebidos ou s\u00e3o negligenciados\u201d, exclama.<\/p>\n\n\n\n<p>\u201cOs aparelhos auditivos s\u00e3o cruciais para a preven\u00e7\u00e3o da dem\u00eancia, pois mant\u00eam o c\u00e9rebro ativo e estimulado. Quando o som deixa de chegar com clareza ao c\u00e9rebro, ele come\u00e7a a reduzir suas conex\u00f5es. O uso dos aparelhos ajuda a preservar essas conex\u00f5es neurais e melhora significativamente a qualidade de vida\u201d, explica a fonoaudi\u00f3loga Ariane.<\/p>\n\n\n\n<p>Sinais para manter a aten\u00e7\u00e3o:<br>Um dos sinais iniciais da perda auditiva s\u00e3o a dificuldade para compreender conversas, principalmente em ambientes com ru\u00eddos, e o zumbido constante nos ouvidos, um sintoma que pode indicar algum grau de altera\u00e7\u00e3o auditiva.<\/p>\n\n\n\n<p>Esse quadro, se n\u00e3o tratado, pode desencadear consequ\u00eancias emocionais e sociais como isolamento social, solid\u00e3o e at\u00e9 sintomas de depress\u00e3o tamb\u00e9m podem surgir durante esse processo, segundo dados da Johns Hopkins University.<\/p>\n\n\n\n<p>Por isso, recomenda-se fazer uma avalia\u00e7\u00e3o peri\u00f3dica e, em caso de perda auditiva, buscar o tratamento mais cedo poss\u00edvel. Bonucci afirma que \u00e9 crucial reconhecer e tratar, mesmo a de grau mais leve, para resolver de forma mais eficaz, preservando o bem-estar e sa\u00fade do ouvido.<\/p>\n\n\n\n<p>Ela conclui sinalizando que o apoio dos familiares tamb\u00e9m \u00e9 fundamental. \u201cQuando a pessoa idosa sente que n\u00e3o est\u00e1 sozinha e percebe o incentivo para buscar ajuda, o tratamento se torna muito mais eficaz. O acolhimento da fam\u00edlia pode ser o primeiro passo para romper o ciclo do isolamento e da nega\u00e7\u00e3o da perda auditiva\u201d, alerta.<\/p>\n\n\n\n<figure class=\"wp-block-image size-full\"><img fetchpriority=\"high\" decoding=\"async\" width=\"934\" height=\"623\" src=\"https:\/\/novosaopaulo.com.br\/n1\/wp-content\/uploads\/2025\/08\/WhatsApp-Image-2025-08-14-at-07.25.00.jpeg\" alt=\"\" class=\"wp-image-25378\" srcset=\"https:\/\/novosaopaulo.com.br\/n1\/wp-content\/uploads\/2025\/08\/WhatsApp-Image-2025-08-14-at-07.25.00.jpeg 934w, https:\/\/novosaopaulo.com.br\/n1\/wp-content\/uploads\/2025\/08\/WhatsApp-Image-2025-08-14-at-07.25.00-300x200.jpeg 300w, https:\/\/novosaopaulo.com.br\/n1\/wp-content\/uploads\/2025\/08\/WhatsApp-Image-2025-08-14-at-07.25.00-768x512.jpeg 768w\" sizes=\"(max-width: 934px) 100vw, 934px\" \/><\/figure>\n","protected":false},"excerpt":{"rendered":"<p>A dem\u00eancia e a perda auditiva s\u00e3o condi\u00e7\u00f5es comuns entre os idosos, e, segundo estudos&#8230;<\/p>\n","protected":false},"author":1,"featured_media":25379,"comment_status":"open","ping_status":"open","sticky":false,"template":"","format":"standard","meta":{"footnotes":""},"categories":[38],"tags":[],"featured_image_urls":{"full":["https:\/\/novosaopaulo.com.br\/n1\/wp-content\/uploads\/2025\/08\/WhatsApp-Image-2025-08-14-at-07.24.58.jpeg",960,540,false],"thumbnail":["https:\/\/novosaopaulo.com.br\/n1\/wp-content\/uploads\/2025\/08\/WhatsApp-Image-2025-08-14-at-07.24.58-150x150.jpeg",150,150,true],"medium":["https:\/\/novosaopaulo.com.br\/n1\/wp-content\/uploads\/2025\/08\/WhatsApp-Image-2025-08-14-at-07.24.58-300x169.jpeg",300,169,true],"medium_large":["https:\/\/novosaopaulo.com.br\/n1\/wp-content\/uploads\/2025\/08\/WhatsApp-Image-2025-08-14-at-07.24.58-768x432.jpeg",640,360,true],"large":["https:\/\/novosaopaulo.com.br\/n1\/wp-content\/uploads\/2025\/08\/WhatsApp-Image-2025-08-14-at-07.24.58.jpeg",640,360,false],"1536x1536":["https:\/\/novosaopaulo.com.br\/n1\/wp-content\/uploads\/2025\/08\/WhatsApp-Image-2025-08-14-at-07.24.58.jpeg",960,540,false],"2048x2048":["https:\/\/novosaopaulo.com.br\/n1\/wp-content\/uploads\/2025\/08\/WhatsApp-Image-2025-08-14-at-07.24.58.jpeg",960,540,false],"newsever-slider-full":["https:\/\/novosaopaulo.com.br\/n1\/wp-content\/uploads\/2025\/08\/WhatsApp-Image-2025-08-14-at-07.24.58.jpeg",960,540,false],"newsever-featured":["https:\/\/novosaopaulo.com.br\/n1\/wp-content\/uploads\/2025\/08\/WhatsApp-Image-2025-08-14-at-07.24.58.jpeg",960,540,false],"newsever-medium":["https:\/\/novosaopaulo.com.br\/n1\/wp-content\/uploads\/2025\/08\/WhatsApp-Image-2025-08-14-at-07.24.58-720x475.jpeg",720,475,true]},"author_info":{"display_name":"Reda\u00e7\u00e3o","author_link":"https:\/\/novosaopaulo.com.br\/n1\/author\/g5poa\/"},"category_info":"<a href=\"https:\/\/novosaopaulo.com.br\/n1\/category\/joao-costa\/\" rel=\"category tag\">Jo\u00e3o Costa<\/a>","tag_info":"Jo\u00e3o Costa","comment_count":"0","_links":{"self":[{"href":"https:\/\/novosaopaulo.com.br\/n1\/wp-json\/wp\/v2\/posts\/25377"}],"collection":[{"href":"https:\/\/novosaopaulo.com.br\/n1\/wp-json\/wp\/v2\/posts"}],"about":[{"href":"https:\/\/novosaopaulo.com.br\/n1\/wp-json\/wp\/v2\/types\/post"}],"author":[{"embeddable":true,"href":"https:\/\/novosaopaulo.com.br\/n1\/wp-json\/wp\/v2\/users\/1"}],"replies":[{"embeddable":true,"href":"https:\/\/novosaopaulo.com.br\/n1\/wp-json\/wp\/v2\/comments?post=25377"}],"version-history":[{"count":1,"href":"https:\/\/novosaopaulo.com.br\/n1\/wp-json\/wp\/v2\/posts\/25377\/revisions"}],"predecessor-version":[{"id":25380,"href":"https:\/\/novosaopaulo.com.br\/n1\/wp-json\/wp\/v2\/posts\/25377\/revisions\/25380"}],"wp:featuredmedia":[{"embeddable":true,"href":"https:\/\/novosaopaulo.com.br\/n1\/wp-json\/wp\/v2\/media\/25379"}],"wp:attachment":[{"href":"https:\/\/novosaopaulo.com.br\/n1\/wp-json\/wp\/v2\/media?parent=25377"}],"wp:term":[{"taxonomy":"category","embeddable":true,"href":"https:\/\/novosaopaulo.com.br\/n1\/wp-json\/wp\/v2\/categories?post=25377"},{"taxonomy":"post_tag","embeddable":true,"href":"https:\/\/novosaopaulo.com.br\/n1\/wp-json\/wp\/v2\/tags?post=25377"}],"curies":[{"name":"wp","href":"https:\/\/api.w.org\/{rel}","templated":true}]}}