{"id":25368,"date":"2025-08-13T20:37:24","date_gmt":"2025-08-13T23:37:24","guid":{"rendered":"https:\/\/novosaopaulo.com.br\/n1\/?p=25368"},"modified":"2025-08-13T20:37:25","modified_gmt":"2025-08-13T23:37:25","slug":"resistencia-ao-autoritarismo-no-brasil-dever-civico-nao-opcao","status":"publish","type":"post","link":"https:\/\/novosaopaulo.com.br\/n1\/resistencia-ao-autoritarismo-no-brasil-dever-civico-nao-opcao\/","title":{"rendered":"Resist\u00eancia ao autoritarismo no Brasil: dever c\u00edvico, n\u00e3o op\u00e7\u00e3o"},"content":{"rendered":"\n<p>Deputada Federal Rosana Valle (PL\u2011SP)*<\/p>\n\n\n\n<p>O Brasil atravessa um momento grave e, neste cen\u00e1rio, fingir normalidade seria, no m\u00ednimo, agir com cumplicidade. O que aconteceu recentemente no Congresso Nacional, em Bras\u00edlia-DF, n\u00e3o foi apenas uma a\u00e7\u00e3o de obstru\u00e7\u00e3o legislativa: foi ato leg\u00edtimo de resist\u00eancia contra o sufocamento de um Poder pelo outro &#8211; mais um alerta claro de que a balan\u00e7a da Democracia est\u00e1 pendendo, perigosamente, para um \u00fanico lado.<\/p>\n\n\n\n<p>Deputados federais e senadores da Rep\u00fablica ocuparam as Mesas Diretoras da C\u00e2mara e do Senado Federal para exigir que a maioria parlamentar seja respeitada e que a pauta leg\u00edtima do povo brasileiro seja votada. N\u00e3o importando, inclusive, se as mat\u00e9rias ser\u00e3o aprovadas ou n\u00e3o! Afinal, isso \u00e9 Democracia. Mas n\u00e3o colocar em aprecia\u00e7\u00e3o e vota\u00e7\u00e3o, n\u00e3o deixar com que a Casa de Leis cumpra seu papel \u00e9 flertar com o retrocesso num Pa\u00eds que h\u00e1 tempos \u00e9 livre e que tem no Parlamento a garantia da participa\u00e7\u00e3o dos cidad\u00e3os na tomada de decis\u00f5es pol\u00edticas e no controle do poder p\u00fablico.<\/p>\n\n\n\n<p>Entre os temas travados no Congresso Nacional est\u00e1 o \u201cpacote da pacifica\u00e7\u00e3o do Brasil\u201d, que inclui o Impeachment do ministro Alexandre de Moraes, do Supremo Tribunal Federal (STF), e a vota\u00e7\u00e3o da anistia \u00e0s condena\u00e7\u00f5es &#8211; ao meu ver, desproporcionais &#8211; dos respons\u00e1veis pelos atos de 8 de janeiro de 2023.<\/p>\n\n\n\n<p>N\u00e3o se trata de briga pessoal ou disputa de vaidades. Trata-se de um princ\u00edpio elementar: nenhum Poder pode funcionar com autonomia se outro o subjuga. E, tal percep\u00e7\u00e3o n\u00e3o vem apenas da oposi\u00e7\u00e3o. Foi refor\u00e7ada e chancelada por l\u00edderes nacionais, como os governadores Ronaldo Caiado (Uni\u00e3o Brasil-GO), Jorginho Mello (PL-SC) e Tarc\u00edsio Gomes de Freitas (Republicanos-SP), que defendem a urg\u00eancia de devolver ao Parlamento sua fun\u00e7\u00e3o constitucional prec\u00edpua de legislar sem press\u00e3o, nem opress\u00e3o.<\/p>\n\n\n\n<p>O caso recente da pris\u00e3o domiciliar do ex-presidente Jair Bolsonaro (PL), somada \u00e0 censura de suas redes sociais e \u00e0 proibi\u00e7\u00e3o de conceder entrevistas, \u00e9 o s\u00edmbolo mais evidente do que se denuncia, nos \u00faltimos dias: o uso desvirtuado do Poder para calar advers\u00e1rios pol\u00edticos e interditar o debate p\u00fablico. Isto n\u00e3o \u00e9 Justi\u00e7a. \u00c9 persegui\u00e7\u00e3o!<\/p>\n\n\n\n<p>Participei da mobiliza\u00e7\u00e3o na C\u00e2mara dos Deputados, na \u00faltima semana, porque acredito que a omiss\u00e3o, neste momento, seria hist\u00f3rica \u2014 e imperdo\u00e1vel. Cumpri meu dever de representar quem me elegeu: defender a liberdade, a Constitui\u00e7\u00e3o Federal e o direito de o Poder Legislativo funcionar sem coer\u00e7\u00e3o.<\/p>\n\n\n\n<p>Por isso, \u00e9 preciso, tamb\u00e9m, fazer um apelo direto ao presidente da C\u00e2mara, deputado federal Hugo Motta (Republicanos-PB): punir parlamentares por uma mobiliza\u00e7\u00e3o leg\u00edtima seria aumentar ainda mais as injusti\u00e7as que j\u00e1 est\u00e3o sendo cometidas no Brasil. Afinal, o que a sociedade espera da Casa de Leis \u00e9 coragem para resistir ao autoritarismo, n\u00e3o submiss\u00e3o.<\/p>\n\n\n\n<p>A Democracia n\u00e3o se perde de uma s\u00f3 vez. Ela se deteriora aos poucos, progressivamente, quando as institui\u00e7\u00f5es deixam de reagir; quando o sil\u00eancio substitui a resist\u00eancia, e quando o medo passa a ditar o comportamento dos representantes eleitos pela popula\u00e7\u00e3o. Por isso, n\u00e3o se pode baixar a guarda.<\/p>\n\n\n\n<p>Com o movimento na C\u00e2mara dos Deputados e no Senado, reagimos. A hist\u00f3ria que est\u00e1 sendo escrita vai mostrar quem esteve ao lado da Democracia, da liberdade e do povo brasileiro. Se opor aos exageros e ao que est\u00e1 errado, sim, \u00e9 imperativo!<\/p>\n\n\n\n<p>*Rosana Valle \u00e9 deputada federal pelo PL-SP, em segundo mandato; presidente da Executiva Estadual do PL Mulher de S\u00e3o Paulo; jornalista por forma\u00e7\u00e3o h\u00e1 mais de 25 anos; e autora dos livros \u201cRota do Sol 1 e 2\u201d<\/p>\n","protected":false},"excerpt":{"rendered":"<p>Deputada Federal Rosana Valle (PL\u2011SP)* O Brasil atravessa um momento grave e, neste cen\u00e1rio, fingir&#8230;<\/p>\n","protected":false},"author":1,"featured_media":25369,"comment_status":"open","ping_status":"open","sticky":false,"template":"","format":"standard","meta":{"footnotes":""},"categories":[2],"tags":[],"featured_image_urls":{"full":["https:\/\/novosaopaulo.com.br\/n1\/wp-content\/uploads\/2025\/08\/WhatsApp-Image-2025-08-13-at-18.59.56.jpeg",1217,1600,false],"thumbnail":["https:\/\/novosaopaulo.com.br\/n1\/wp-content\/uploads\/2025\/08\/WhatsApp-Image-2025-08-13-at-18.59.56-150x150.jpeg",150,150,true],"medium":["https:\/\/novosaopaulo.com.br\/n1\/wp-content\/uploads\/2025\/08\/WhatsApp-Image-2025-08-13-at-18.59.56-228x300.jpeg",228,300,true],"medium_large":["https:\/\/novosaopaulo.com.br\/n1\/wp-content\/uploads\/2025\/08\/WhatsApp-Image-2025-08-13-at-18.59.56-768x1010.jpeg",640,842,true],"large":["https:\/\/novosaopaulo.com.br\/n1\/wp-content\/uploads\/2025\/08\/WhatsApp-Image-2025-08-13-at-18.59.56-779x1024.jpeg",640,841,true],"1536x1536":["https:\/\/novosaopaulo.com.br\/n1\/wp-content\/uploads\/2025\/08\/WhatsApp-Image-2025-08-13-at-18.59.56-1168x1536.jpeg",1168,1536,true],"2048x2048":["https:\/\/novosaopaulo.com.br\/n1\/wp-content\/uploads\/2025\/08\/WhatsApp-Image-2025-08-13-at-18.59.56.jpeg",1217,1600,false],"newsever-slider-full":["https:\/\/novosaopaulo.com.br\/n1\/wp-content\/uploads\/2025\/08\/WhatsApp-Image-2025-08-13-at-18.59.56-1217x845.jpeg",1217,845,true],"newsever-featured":["https:\/\/novosaopaulo.com.br\/n1\/wp-content\/uploads\/2025\/08\/WhatsApp-Image-2025-08-13-at-18.59.56-1024x1346.jpeg",1024,1346,true],"newsever-medium":["https:\/\/novosaopaulo.com.br\/n1\/wp-content\/uploads\/2025\/08\/WhatsApp-Image-2025-08-13-at-18.59.56-720x475.jpeg",720,475,true]},"author_info":{"display_name":"Reda\u00e7\u00e3o","author_link":"https:\/\/novosaopaulo.com.br\/n1\/author\/g5poa\/"},"category_info":"<a href=\"https:\/\/novosaopaulo.com.br\/n1\/category\/cidades\/\" rel=\"category tag\">Cidades<\/a>","tag_info":"Cidades","comment_count":"0","_links":{"self":[{"href":"https:\/\/novosaopaulo.com.br\/n1\/wp-json\/wp\/v2\/posts\/25368"}],"collection":[{"href":"https:\/\/novosaopaulo.com.br\/n1\/wp-json\/wp\/v2\/posts"}],"about":[{"href":"https:\/\/novosaopaulo.com.br\/n1\/wp-json\/wp\/v2\/types\/post"}],"author":[{"embeddable":true,"href":"https:\/\/novosaopaulo.com.br\/n1\/wp-json\/wp\/v2\/users\/1"}],"replies":[{"embeddable":true,"href":"https:\/\/novosaopaulo.com.br\/n1\/wp-json\/wp\/v2\/comments?post=25368"}],"version-history":[{"count":1,"href":"https:\/\/novosaopaulo.com.br\/n1\/wp-json\/wp\/v2\/posts\/25368\/revisions"}],"predecessor-version":[{"id":25370,"href":"https:\/\/novosaopaulo.com.br\/n1\/wp-json\/wp\/v2\/posts\/25368\/revisions\/25370"}],"wp:featuredmedia":[{"embeddable":true,"href":"https:\/\/novosaopaulo.com.br\/n1\/wp-json\/wp\/v2\/media\/25369"}],"wp:attachment":[{"href":"https:\/\/novosaopaulo.com.br\/n1\/wp-json\/wp\/v2\/media?parent=25368"}],"wp:term":[{"taxonomy":"category","embeddable":true,"href":"https:\/\/novosaopaulo.com.br\/n1\/wp-json\/wp\/v2\/categories?post=25368"},{"taxonomy":"post_tag","embeddable":true,"href":"https:\/\/novosaopaulo.com.br\/n1\/wp-json\/wp\/v2\/tags?post=25368"}],"curies":[{"name":"wp","href":"https:\/\/api.w.org\/{rel}","templated":true}]}}