{"id":25365,"date":"2025-08-13T18:04:23","date_gmt":"2025-08-13T21:04:23","guid":{"rendered":"https:\/\/novosaopaulo.com.br\/n1\/?p=25365"},"modified":"2025-08-13T18:04:24","modified_gmt":"2025-08-13T21:04:24","slug":"psicologa-que-atuou-na-raul-brasil-na-guerra-de-israel-e-na-enchente-do-rs-recebe-homenagem-da-camara-nesta-6a-feira","status":"publish","type":"post","link":"https:\/\/novosaopaulo.com.br\/n1\/psicologa-que-atuou-na-raul-brasil-na-guerra-de-israel-e-na-enchente-do-rs-recebe-homenagem-da-camara-nesta-6a-feira\/","title":{"rendered":"Psic\u00f3loga que atuou na \u201cRaul Brasil\u201d, na guerra de Israel e na enchente do RS recebe homenagem da C\u00e2mara nesta 6\u00aa feira"},"content":{"rendered":"\n<p>Natural de S\u00e3o Paulo-SP, Luciana Inoc\u00eancio ser\u00e1 outorgada com T\u00edtulo de Cidad\u00e3 Suzanense, em sess\u00e3o solene, a partir das 19h; profissional tem especializa\u00e7\u00f5es pela USP, pela PUC e pelo Col\u00e9gio de Psicoanal\u00edsis de Madrid<\/p>\n\n\n\n<p>A psic\u00f3loga e psicanalista Luciana Inoc\u00eancio, de 47 anos, recebe o t\u00edtulo de Cidad\u00e3 Suzanense, na noite desta sexta-feira (15\/8), na C\u00e2mara Municipal de Suzano-SP. Paulistana, mas atuante no Alto Tiet\u00ea, a profissional ser\u00e1 outorgada com a honraria em raz\u00e3o de sua atua\u00e7\u00e3o volunt\u00e1ria em casos de grande repercuss\u00e3o, como o massacre na Escola Estadual (E.E) \u201cProfessor Raul Brasil\u201d, a enchente devastadora do estado do Rio Grande do Sul e a guerra entre Israel e o grupo terrorista Hamas, na faixa de Gaza.<\/p>\n\n\n\n<p>De autoria do vereador Artur Takayama (PL), o decreto legislativo 013\/2025 que concede homenagem \u00e0 Luciana foi aprovado por unanimidade pela Casa de Leis. O t\u00edtulo de Cidad\u00e3 Suzanense \u00e9 destinado \u00e0queles que n\u00e3o nasceram em Suzano, mas que, de alguma maneira, prestaram relevantes servi\u00e7os \u00e0 cidade ou se destacaram em seus ramos de atividade. A solenidade em refer\u00eancia \u00e0 psic\u00f3loga e psicanalista tem in\u00edcio \u00e0s 19h, no Plen\u00e1rio do Pal\u00e1cio \u201cDeputado Jos\u00e9 de Souza Candido&#8221; &#8211; rua dos Tr\u00eas Poderes, 65 &#8211; Jardim Paulista.<\/p>\n\n\n\n<p>Luciana \u00e9 natural da capital, mas passou boa parte da inf\u00e2ncia em Quat\u00e1, munic\u00edpio paulista da regi\u00e3o oeste de pouco mais de 11 mil habitantes. Na juventude, se mudou com a fam\u00edlia para Suzano. Se formou em Psicologia (Bacharel e Licenciatura), pela Universidade Braz Cubas (UBC), e em Psican\u00e1lise, pela Escola Brasileira de Psican\u00e1lise. N\u00e3o demorou para abrir consult\u00f3rio na cidade e aprimorar o curr\u00edculo. Se especializou em Transtornos Graves das Psicoses, pelo Col\u00e9gio de Psicoanal\u00edsis de Madrid (Espanha); em Psicologia Hospitalar e em Especialidades M\u00e9dicas, pela Universidade de S\u00e3o Paulo (USP); e em Psicologia Cl\u00ednica e em Teoria Psicanal\u00edtica, pela Pontif\u00edcia Universidade Cat\u00f3lica (PUC).<\/p>\n\n\n\n<p>Os maiores desafios, no entanto, surgiram em 2019, quando teve de voltar \u00e0 \u201cRaul Brasil\u201d, escola onde estudou por longos anos, para auxiliar v\u00edtimas e familiares de sobreviventes de um massacre cometido por dois ex-estudantes. Em meio a trag\u00e9dia que vitimou a diretora da institui\u00e7\u00e3o, outra funcion\u00e1ria e cinco alunos, todos menores de idade, Luciana, \u00fanica na regi\u00e3o a ter especializa\u00e7\u00e3o para atuar em trag\u00e9dias de grandes propor\u00e7\u00f5es, foi convocada \u00e0s pressas pelo Estado para organizar um protocolo de atendimento:<\/p>\n\n\n\n<p>\u201cJ\u00e1 atendia h\u00e1 muitos anos em consult\u00f3rio, em Suzano, mas muitos passaram a me reconhecer pelo trabalho no caso \u2018Raul Brasil\u2019. Para mim, tamb\u00e9m foi um divisor de \u00e1guas. Existe a Luciana antes e depois do massacre. O que passei com pais e m\u00e3es de v\u00edtimas, com alunos e professores, em meio a sangue e tanta dor, jamais vou me esquecer. O reconhecimento da C\u00e2mara (de Suzano) se d\u00e1 muito em raz\u00e3o deste epis\u00f3dio\u201d, observa Luciana.<\/p>\n\n\n\n<p>Segundo Katayama, autor da homenagem, a psic\u00f3loga e psicanalista tamb\u00e9m ser\u00e1 condecorada por for\u00e7a de atua\u00e7\u00e3o em outros dois casos de indiscut\u00edvel repercuss\u00e3o. Em 2023, Luciana foi selecionada pela Federa\u00e7\u00e3o Israelita do Estado de S\u00e3o Paulo (Fisesp) para atender repatriados da guerra entre Israel e o grupo terrorista Hamas e, de forma on-line, soldados brasileiros que foram para a Faixa de Gaza. Pelo trabalho, a profissional foi homenageada pela Sinagoga \u201cCharles Cohab\u201d.<\/p>\n\n\n\n<p>Autora dos livros \u201cPsican\u00e1lise Presente na Vida Cotidiana\u201d, \u201cAs aventuras de Elvis\u201d, \u201cA Comida como Fuga Emocional\u201d, \u201cO Poder da Terapia na Terceira Idade\u201d, e \u201cNarcisistas\u201d, Luciana tamb\u00e9m teve forte atua\u00e7\u00e3o na enchente que devastou o Rio Grande do Sul, em 2024. Mais 500 munic\u00edpios ga\u00fachos foram atingidos por inunda\u00e7\u00f5es, quedas de barreiras e deslizamentos de terra, resultando em desabrigados, desalojados e mortes.<\/p>\n\n\n\n<p>A especialista foi convocada pelo Sistema \u00danico de Sa\u00fade (SUS) para, numa for\u00e7a-tarefa, prestar atendimento n\u00e3o apenas aos sobreviventes e aos parentes das v\u00edtimas, mas, principalmente, para acolher psic\u00f3logos e demais profissionais da sa\u00fade mental que haviam chegado ao limite e n\u00e3o conseguiam mais trabalhar:<\/p>\n\n\n\n<p>\u201cFico feliz com este reconhecimento todo. Afinal, estamos falando da cidade (Suzano) onde vivo, onde tenho consult\u00f3rio, onde moram meus pais. Meu trabalho ultrapassou barreiras, alcan\u00e7ou outros munic\u00edpios, estados e idiomas, e isso \u00e9 o que faz sentido para quem, como eu, escolheu ouvir e acolher quem mais precisa\u201d.<\/p>\n","protected":false},"excerpt":{"rendered":"<p>Natural de S\u00e3o Paulo-SP, Luciana Inoc\u00eancio ser\u00e1 outorgada com T\u00edtulo de Cidad\u00e3 Suzanense, em sess\u00e3o&#8230;<\/p>\n","protected":false},"author":1,"featured_media":25366,"comment_status":"open","ping_status":"open","sticky":false,"template":"","format":"standard","meta":{"footnotes":""},"categories":[34],"tags":[],"featured_image_urls":{"full":["https:\/\/novosaopaulo.com.br\/n1\/wp-content\/uploads\/2025\/08\/WhatsApp-Image-2025-08-13-at-15.28.33.jpeg",1066,1600,false],"thumbnail":["https:\/\/novosaopaulo.com.br\/n1\/wp-content\/uploads\/2025\/08\/WhatsApp-Image-2025-08-13-at-15.28.33-150x150.jpeg",150,150,true],"medium":["https:\/\/novosaopaulo.com.br\/n1\/wp-content\/uploads\/2025\/08\/WhatsApp-Image-2025-08-13-at-15.28.33-200x300.jpeg",200,300,true],"medium_large":["https:\/\/novosaopaulo.com.br\/n1\/wp-content\/uploads\/2025\/08\/WhatsApp-Image-2025-08-13-at-15.28.33-768x1153.jpeg",640,961,true],"large":["https:\/\/novosaopaulo.com.br\/n1\/wp-content\/uploads\/2025\/08\/WhatsApp-Image-2025-08-13-at-15.28.33-682x1024.jpeg",640,961,true],"1536x1536":["https:\/\/novosaopaulo.com.br\/n1\/wp-content\/uploads\/2025\/08\/WhatsApp-Image-2025-08-13-at-15.28.33-1023x1536.jpeg",1023,1536,true],"2048x2048":["https:\/\/novosaopaulo.com.br\/n1\/wp-content\/uploads\/2025\/08\/WhatsApp-Image-2025-08-13-at-15.28.33.jpeg",1066,1600,false],"newsever-slider-full":["https:\/\/novosaopaulo.com.br\/n1\/wp-content\/uploads\/2025\/08\/WhatsApp-Image-2025-08-13-at-15.28.33-1066x845.jpeg",1066,845,true],"newsever-featured":["https:\/\/novosaopaulo.com.br\/n1\/wp-content\/uploads\/2025\/08\/WhatsApp-Image-2025-08-13-at-15.28.33-1024x1537.jpeg",1024,1537,true],"newsever-medium":["https:\/\/novosaopaulo.com.br\/n1\/wp-content\/uploads\/2025\/08\/WhatsApp-Image-2025-08-13-at-15.28.33-720x475.jpeg",720,475,true]},"author_info":{"display_name":"Reda\u00e7\u00e3o","author_link":"https:\/\/novosaopaulo.com.br\/n1\/author\/g5poa\/"},"category_info":"<a href=\"https:\/\/novosaopaulo.com.br\/n1\/category\/alto-tiete\/\" rel=\"category tag\">Alto Tiet\u00ea<\/a>","tag_info":"Alto Tiet\u00ea","comment_count":"0","_links":{"self":[{"href":"https:\/\/novosaopaulo.com.br\/n1\/wp-json\/wp\/v2\/posts\/25365"}],"collection":[{"href":"https:\/\/novosaopaulo.com.br\/n1\/wp-json\/wp\/v2\/posts"}],"about":[{"href":"https:\/\/novosaopaulo.com.br\/n1\/wp-json\/wp\/v2\/types\/post"}],"author":[{"embeddable":true,"href":"https:\/\/novosaopaulo.com.br\/n1\/wp-json\/wp\/v2\/users\/1"}],"replies":[{"embeddable":true,"href":"https:\/\/novosaopaulo.com.br\/n1\/wp-json\/wp\/v2\/comments?post=25365"}],"version-history":[{"count":1,"href":"https:\/\/novosaopaulo.com.br\/n1\/wp-json\/wp\/v2\/posts\/25365\/revisions"}],"predecessor-version":[{"id":25367,"href":"https:\/\/novosaopaulo.com.br\/n1\/wp-json\/wp\/v2\/posts\/25365\/revisions\/25367"}],"wp:featuredmedia":[{"embeddable":true,"href":"https:\/\/novosaopaulo.com.br\/n1\/wp-json\/wp\/v2\/media\/25366"}],"wp:attachment":[{"href":"https:\/\/novosaopaulo.com.br\/n1\/wp-json\/wp\/v2\/media?parent=25365"}],"wp:term":[{"taxonomy":"category","embeddable":true,"href":"https:\/\/novosaopaulo.com.br\/n1\/wp-json\/wp\/v2\/categories?post=25365"},{"taxonomy":"post_tag","embeddable":true,"href":"https:\/\/novosaopaulo.com.br\/n1\/wp-json\/wp\/v2\/tags?post=25365"}],"curies":[{"name":"wp","href":"https:\/\/api.w.org\/{rel}","templated":true}]}}