{"id":25362,"date":"2025-08-13T18:03:20","date_gmt":"2025-08-13T21:03:20","guid":{"rendered":"https:\/\/novosaopaulo.com.br\/n1\/?p=25362"},"modified":"2025-08-13T18:03:20","modified_gmt":"2025-08-13T21:03:20","slug":"cantor-mirim-de-itaqua-ira-se-apresentar-na-festa-de-peao-de-barretos","status":"publish","type":"post","link":"https:\/\/novosaopaulo.com.br\/n1\/cantor-mirim-de-itaqua-ira-se-apresentar-na-festa-de-peao-de-barretos\/","title":{"rendered":"Cantor mirim de Itaqu\u00e1 ir\u00e1 se apresentar na Festa de Pe\u00e3o de Barretos"},"content":{"rendered":"\n<p>Leozinho tem 9 anos e \u00e9 uma promessa da m\u00fasica sertaneja; em agosto ele sobe ao palco de um dos maiores e mais tradicionais eventos do pa\u00eds<\/p>\n\n\n\n<p>Leozinho, cantor mirim, morador de Itaquaquecetuba-SP ir\u00e1 subir ao palco da maior festa do g\u00eanero sertanejo na Am\u00e9rica Latina: a 70\u00aa edi\u00e7\u00e3o da Festa de Pe\u00e3o de Barretos, no dia 29 de agosto. Com apenas 9 anos, ele comp\u00f5e o line up do Barretube, um projeto in\u00e9dito voltado \u00e0 apresenta\u00e7\u00e3o de crian\u00e7as e youtubers. Com repert\u00f3rio voltado ao sertanejo raiz, sua participa\u00e7\u00e3o representa um marco da sua trajet\u00f3ria musical.<\/p>\n\n\n\n<p>A Festa do Pe\u00e3o de Barretos ser\u00e1 realizada entre os dias 21 a 31 de agosto no Parque do Pe\u00e3o, em Barretos-SP. Em 2024, a festa recebeu mais de 900 mil pessoas e \u00e9 considerada a maior da Am\u00e9rica Latina, superando at\u00e9 o p\u00fablico do tradicional Rock In\u2019 Rio. As atra\u00e7\u00f5es combinam competi\u00e7\u00f5es em montaria, comida t\u00edpica e shows de m\u00fasica sertaneja e tradicional. Entre as apresenta\u00e7\u00f5es confirmadas este ano est\u00e3o as duplas Maiara e Maraisa, Chit\u00e3ozinho e Xoror\u00f3, Zez\u00e9 Di Camargo e Luciano, Bruno e Marrone, Jorge e Mateus e outros.<\/p>\n\n\n\n<p>A novidade desta edi\u00e7\u00e3o \u00e9 a Barretube \u2013 palco dedicado a apresenta\u00e7\u00e3o de cantores mirins e youtubers &#8211; no Rancho do Pe\u00e3ozinho, dentro da arena do Parque do Pe\u00e3o. Leozinho \u00e9 uma das atra\u00e7\u00f5es confirmadas. O convite para integrar a line up surgiu logo ap\u00f3s ele cantar uma m\u00fasica ao lado do cantor Daniel na festa de anivers\u00e1rio de Santa Isabel-SP, no \u00faltimo dia 6 de julho.<\/p>\n\n\n\n<p>A apresenta\u00e7\u00e3o impressionou o veterano da m\u00fasica e ainda chamou a aten\u00e7\u00e3o das produtoras de eventos Dafne Palmieri e Claudia Almeida. Integrantes do projeto da Barretube, elas convidaram Leozinho para ser uma das atra\u00e7\u00f5es. Essa ser\u00e1 uma das suas apresenta\u00e7\u00f5es mais importante e deve marcar a sua trajet\u00f3ria profissional.<\/p>\n\n\n\n<p>\u201cCantar \u00e9 o que mais gosto de fazer. Estar na maior festa de rodeio do pa\u00eds e saber que l\u00e1 se apresentam meus grandes \u00eddolos \u00e9 uma alegria muito grande. Vou levar a minha voz dentro de um repert\u00f3rio raiz montado especialmente para o Barretube\u201d, disse o jovem cantor.<\/p>\n\n\n\n<p>O cantor<\/p>\n\n\n\n<p>Leonardo Santos de Oliveira, o Leozinho, nasceu no dia 8 de setembro, no mesmo dia do anivers\u00e1rio de Itaquaquecetuba-SP, onde mora com sua fam\u00edlia.<\/p>\n\n\n\n<p>Desde os 2 aninhos, ele j\u00e1 demonstrava interesse pela m\u00fasica, mas foi aos 6 anos que come\u00e7ou a se apresentar. O gosto pelo g\u00eanero sertanejo falou mais alto e se tornou sua marca. Entre suas principais influ\u00eancias est\u00e3o Edson e Hudson, Daniel, Milion\u00e1rio e Jos\u00e9 Rico, Chit\u00e3ozinho e Xoror\u00f3 e Leonardo, artistas com os quais mais se identifica. Aprendeu a tocar viol\u00e3o e passou a se apresentar em festas e shows pelo Alto Tiet\u00ea.<\/p>\n","protected":false},"excerpt":{"rendered":"<p>Leozinho tem 9 anos e \u00e9 uma promessa da m\u00fasica sertaneja; em agosto ele sobe&#8230;<\/p>\n","protected":false},"author":1,"featured_media":25363,"comment_status":"open","ping_status":"open","sticky":false,"template":"","format":"standard","meta":{"footnotes":""},"categories":[2],"tags":[],"featured_image_urls":{"full":["https:\/\/novosaopaulo.com.br\/n1\/wp-content\/uploads\/2025\/08\/WhatsApp-Image-2025-08-13-at-10.01.32.jpeg",991,853,false],"thumbnail":["https:\/\/novosaopaulo.com.br\/n1\/wp-content\/uploads\/2025\/08\/WhatsApp-Image-2025-08-13-at-10.01.32-150x150.jpeg",150,150,true],"medium":["https:\/\/novosaopaulo.com.br\/n1\/wp-content\/uploads\/2025\/08\/WhatsApp-Image-2025-08-13-at-10.01.32-300x258.jpeg",300,258,true],"medium_large":["https:\/\/novosaopaulo.com.br\/n1\/wp-content\/uploads\/2025\/08\/WhatsApp-Image-2025-08-13-at-10.01.32-768x661.jpeg",640,551,true],"large":["https:\/\/novosaopaulo.com.br\/n1\/wp-content\/uploads\/2025\/08\/WhatsApp-Image-2025-08-13-at-10.01.32.jpeg",640,551,false],"1536x1536":["https:\/\/novosaopaulo.com.br\/n1\/wp-content\/uploads\/2025\/08\/WhatsApp-Image-2025-08-13-at-10.01.32.jpeg",991,853,false],"2048x2048":["https:\/\/novosaopaulo.com.br\/n1\/wp-content\/uploads\/2025\/08\/WhatsApp-Image-2025-08-13-at-10.01.32.jpeg",991,853,false],"newsever-slider-full":["https:\/\/novosaopaulo.com.br\/n1\/wp-content\/uploads\/2025\/08\/WhatsApp-Image-2025-08-13-at-10.01.32-991x845.jpeg",991,845,true],"newsever-featured":["https:\/\/novosaopaulo.com.br\/n1\/wp-content\/uploads\/2025\/08\/WhatsApp-Image-2025-08-13-at-10.01.32.jpeg",991,853,false],"newsever-medium":["https:\/\/novosaopaulo.com.br\/n1\/wp-content\/uploads\/2025\/08\/WhatsApp-Image-2025-08-13-at-10.01.32-720x475.jpeg",720,475,true]},"author_info":{"display_name":"Reda\u00e7\u00e3o","author_link":"https:\/\/novosaopaulo.com.br\/n1\/author\/g5poa\/"},"category_info":"<a href=\"https:\/\/novosaopaulo.com.br\/n1\/category\/cidades\/\" rel=\"category tag\">Cidades<\/a>","tag_info":"Cidades","comment_count":"0","_links":{"self":[{"href":"https:\/\/novosaopaulo.com.br\/n1\/wp-json\/wp\/v2\/posts\/25362"}],"collection":[{"href":"https:\/\/novosaopaulo.com.br\/n1\/wp-json\/wp\/v2\/posts"}],"about":[{"href":"https:\/\/novosaopaulo.com.br\/n1\/wp-json\/wp\/v2\/types\/post"}],"author":[{"embeddable":true,"href":"https:\/\/novosaopaulo.com.br\/n1\/wp-json\/wp\/v2\/users\/1"}],"replies":[{"embeddable":true,"href":"https:\/\/novosaopaulo.com.br\/n1\/wp-json\/wp\/v2\/comments?post=25362"}],"version-history":[{"count":1,"href":"https:\/\/novosaopaulo.com.br\/n1\/wp-json\/wp\/v2\/posts\/25362\/revisions"}],"predecessor-version":[{"id":25364,"href":"https:\/\/novosaopaulo.com.br\/n1\/wp-json\/wp\/v2\/posts\/25362\/revisions\/25364"}],"wp:featuredmedia":[{"embeddable":true,"href":"https:\/\/novosaopaulo.com.br\/n1\/wp-json\/wp\/v2\/media\/25363"}],"wp:attachment":[{"href":"https:\/\/novosaopaulo.com.br\/n1\/wp-json\/wp\/v2\/media?parent=25362"}],"wp:term":[{"taxonomy":"category","embeddable":true,"href":"https:\/\/novosaopaulo.com.br\/n1\/wp-json\/wp\/v2\/categories?post=25362"},{"taxonomy":"post_tag","embeddable":true,"href":"https:\/\/novosaopaulo.com.br\/n1\/wp-json\/wp\/v2\/tags?post=25362"}],"curies":[{"name":"wp","href":"https:\/\/api.w.org\/{rel}","templated":true}]}}