{"id":25356,"date":"2025-08-12T21:40:39","date_gmt":"2025-08-13T00:40:39","guid":{"rendered":"https:\/\/novosaopaulo.com.br\/n1\/?p=25356"},"modified":"2025-08-12T21:40:40","modified_gmt":"2025-08-13T00:40:40","slug":"o-povo-come-pao-nao-ideologiaa-licao-de-mario-soares-ex-presidente-de-portugal","status":"publish","type":"post","link":"https:\/\/novosaopaulo.com.br\/n1\/o-povo-come-pao-nao-ideologiaa-licao-de-mario-soares-ex-presidente-de-portugal\/","title":{"rendered":"&#8220;O POVO COME P\u00c3O, N\u00c3O IDEOLOGIA&#8221;:A Li\u00e7\u00e3o de M\u00e1rio Soares, ex-presidente de Portugal"},"content":{"rendered":"\n<p>Durante anos, todo m\u00eas de julho, a Universidade de Coimbra, em parceria com o Parlamento Europeu, promove um curso de f\u00e9rias. Eu fui durante muitos anos convidado para dar uma palestra neste evento, que contava com a presen\u00e7a de autoridades e professores de diversos pa\u00edses.<\/p>\n\n\n\n<p>Em um desses anos, minha palestra foi ao lado do ex-presidente de Portugal, M\u00e1rio Soares. Ap\u00f3s nossas apresenta\u00e7\u00f5es, fomos almo\u00e7ar. Minha falecida esposa, a advogada Ruth Vidal da Silva Martins, que sempre me acompanhava e tamb\u00e9m era cidad\u00e3 portuguesa por conta de nossos ancestrais \u2013 gost\u00e1vamos de estar em Portugal, sendo que sou catedr\u00e1tico da Universidade do Minho, em Braga, desde 2009 e acad\u00eamico da Academia Internacional de Cultura Portuguesa, em Lisboa, desde 2004 \u2013, aproveitou o almo\u00e7o para questionar o ex-presidente.<\/p>\n\n\n\n<p>Ela perguntou: &#8220;Senhor presidente, como o senhor, que sempre defendeu teorias socialistas e marxistas conseguiu, ao assumir a presid\u00eancia de Portugal, dialogar com todas as correntes pol\u00edticas e ser considerado um presidente extremamente conciliador? Como o senhor conciliou sua ideologia com o exerc\u00edcio da presid\u00eancia?&#8221;<\/p>\n\n\n\n<p>A resposta do ex-presidente foi: &#8220;Minha senhora, o povo come p\u00e3o, n\u00e3o come ideologia. Eu tive que ser presidente de Portugal, independente das minhas convic\u00e7\u00f5es, e tenho a sensa\u00e7\u00e3o de que ocorre o mesmo no relacionamento com seu marido. N\u00f3s nos damos muito bem, apesar de termos correntes de pensamento diferentes. Eu sempre procurei dialogar, porque a pol\u00edtica \u00e9 feita de di\u00e1logo&#8221;.<\/p>\n\n\n\n<p>M\u00e1rio Soares foi um presidente que, ap\u00f3s a Revolu\u00e7\u00e3o dos Cravos e j\u00e1 na fase mais aguda da Revolu\u00e7\u00e3o de 25 de abril, quando foi eleito, deixou a presid\u00eancia com admira\u00e7\u00e3o total do povo portugu\u00eas. Mesmo em suas visitas ao Brasil, quando esteve na Ordem dos Advogados, e em nossas idas a Portugal, sempre dialogava, apesar de suas convic\u00e7\u00f5es ideol\u00f3gicas.<\/p>\n\n\n\n<p>A fala do ex-presidente de Portugal, M\u00e1rio Soares, de que &#8220;o povo come p\u00e3o, n\u00e3o come ideologia&#8221;, \u00e9 uma profunda reflex\u00e3o e exatamente o que precisamos aplicar no Brasil.<br>Atualmente, enfrentamos uma grave crise com o governo dos Estados Unidos. Estou convencido de que o principal fator para isso foram os discursos agressivos e gratuitos do presidente Lula contra o presidente Trump. Ao contr\u00e1rio, o presidente Milei, da Argentina, por exemplo, n\u00e3o sofreu nenhuma repres\u00e1lia; e tem tido benef\u00edcios do governo estadunidense, inclusive em n\u00edvel de tarifas. N\u00f3s poder\u00edamos ter vantagens semelhantes por estarmos no mesmo continente, se nosso discurso fosse mais coerente com o de um pa\u00eds ocidental e de livre iniciativa, tal qual prev\u00ea a Constitui\u00e7\u00e3o brasileira em seu artigo 170. Desse modo, n\u00e3o estar\u00edamos vivenciando essa terr\u00ed vel crise.<\/p>\n\n\n\n<p>Sinto, ao conversar com cada empres\u00e1rio, as grandes dificuldades que eles enfrentam ao buscar canais pr\u00f3prios para solucionar a quest\u00e3o do tarifa\u00e7o de 50% aos produtos brasileiros e convencer o presidente Trump a ouvir o Brasil, apesar dos ataques do presidente Lula.<\/p>\n\n\n\n<p>N\u00e3o \u00e9 verdade que estamos discutindo quest\u00f5es relativas \u00e0 soberania nacional, pois ningu\u00e9m est\u00e1 invadindo o Brasil. O que est\u00e1 em pauta \u00e9 o com\u00e9rcio internacional: tarifa \u00e9 mat\u00e9ria econ\u00f4mica, mas pode trazer consequ\u00eancias gigantescas para um pa\u00eds com um Produto Interno Bruto (PIB) de apenas 2 trilh\u00f5es e 100 bilh\u00f5es de d\u00f3lares, se entrar nessa guerra in\u00fatil com uma na\u00e7\u00e3o cujo PIB est\u00e1 em torno de 30 trilh\u00f5es de d\u00f3lares.<\/p>\n\n\n\n<p>\u00c9 fundamental que tentemos levar o governo a conversar e dialogar, procurando n\u00e3o agir como o presidente Lula, que fica gritando, atacando e chamando o governo Trump de imperador do mundo, etc.<\/p>\n\n\n\n<p>Precisamos de di\u00e1logo. Como disse acima, a quest\u00e3o \u00e9 econ\u00f4mica, n\u00e3o estando em discuss\u00e3o a soberania nacional. Vale, pois, refletirmos sobre isso.<\/p>\n\n\n\n<p>Ives Gandra da Silva Martins \u00e9 professor em\u00e9rito das universidades Mackenzie, Unip, Unifieo, UniFMU, do Ciee\/O Estado de S\u00e3o Paulo, das Escolas de Comando e Estado-Maior do Ex\u00e9rcito (Eceme), Superior de Guerra (ESG) e da Magistratura do Tribunal Regional Federal \u2013 1\u00aa Regi\u00e3o, professor honor\u00e1rio das Universidades Austral (Argentina), San Martin de Porres (Peru) e Vasili Goldis (Rom\u00eania), doutor honoris causa das Universidades de Craiova (Rom\u00eania) e das PUCs PR e RS, catedr\u00e1tico da Universidade do Minho (Portugal), presidente do Conselho Superior de Direito da Fecomercio -SP, ex-presidente da Acade mia Paulista de Letras (APL) e do Instituto dos Advogados de S\u00e3o Paulo (Iasp).<\/p>\n\n\n\n<p>Foto-Andreia Tarelow<\/p>\n","protected":false},"excerpt":{"rendered":"<p>Durante anos, todo m\u00eas de julho, a Universidade de Coimbra, em parceria com o Parlamento&#8230;<\/p>\n","protected":false},"author":1,"featured_media":25357,"comment_status":"open","ping_status":"open","sticky":false,"template":"","format":"standard","meta":{"footnotes":""},"categories":[2],"tags":[],"featured_image_urls":{"full":["https:\/\/novosaopaulo.com.br\/n1\/wp-content\/uploads\/2025\/08\/WhatsApp-Image-2025-08-12-at-20.28.02.jpeg",787,524,false],"thumbnail":["https:\/\/novosaopaulo.com.br\/n1\/wp-content\/uploads\/2025\/08\/WhatsApp-Image-2025-08-12-at-20.28.02-150x150.jpeg",150,150,true],"medium":["https:\/\/novosaopaulo.com.br\/n1\/wp-content\/uploads\/2025\/08\/WhatsApp-Image-2025-08-12-at-20.28.02-300x200.jpeg",300,200,true],"medium_large":["https:\/\/novosaopaulo.com.br\/n1\/wp-content\/uploads\/2025\/08\/WhatsApp-Image-2025-08-12-at-20.28.02-768x511.jpeg",640,426,true],"large":["https:\/\/novosaopaulo.com.br\/n1\/wp-content\/uploads\/2025\/08\/WhatsApp-Image-2025-08-12-at-20.28.02.jpeg",640,426,false],"1536x1536":["https:\/\/novosaopaulo.com.br\/n1\/wp-content\/uploads\/2025\/08\/WhatsApp-Image-2025-08-12-at-20.28.02.jpeg",787,524,false],"2048x2048":["https:\/\/novosaopaulo.com.br\/n1\/wp-content\/uploads\/2025\/08\/WhatsApp-Image-2025-08-12-at-20.28.02.jpeg",787,524,false],"newsever-slider-full":["https:\/\/novosaopaulo.com.br\/n1\/wp-content\/uploads\/2025\/08\/WhatsApp-Image-2025-08-12-at-20.28.02.jpeg",787,524,false],"newsever-featured":["https:\/\/novosaopaulo.com.br\/n1\/wp-content\/uploads\/2025\/08\/WhatsApp-Image-2025-08-12-at-20.28.02.jpeg",787,524,false],"newsever-medium":["https:\/\/novosaopaulo.com.br\/n1\/wp-content\/uploads\/2025\/08\/WhatsApp-Image-2025-08-12-at-20.28.02-720x475.jpeg",720,475,true]},"author_info":{"display_name":"Reda\u00e7\u00e3o","author_link":"https:\/\/novosaopaulo.com.br\/n1\/author\/g5poa\/"},"category_info":"<a href=\"https:\/\/novosaopaulo.com.br\/n1\/category\/cidades\/\" rel=\"category tag\">Cidades<\/a>","tag_info":"Cidades","comment_count":"0","_links":{"self":[{"href":"https:\/\/novosaopaulo.com.br\/n1\/wp-json\/wp\/v2\/posts\/25356"}],"collection":[{"href":"https:\/\/novosaopaulo.com.br\/n1\/wp-json\/wp\/v2\/posts"}],"about":[{"href":"https:\/\/novosaopaulo.com.br\/n1\/wp-json\/wp\/v2\/types\/post"}],"author":[{"embeddable":true,"href":"https:\/\/novosaopaulo.com.br\/n1\/wp-json\/wp\/v2\/users\/1"}],"replies":[{"embeddable":true,"href":"https:\/\/novosaopaulo.com.br\/n1\/wp-json\/wp\/v2\/comments?post=25356"}],"version-history":[{"count":1,"href":"https:\/\/novosaopaulo.com.br\/n1\/wp-json\/wp\/v2\/posts\/25356\/revisions"}],"predecessor-version":[{"id":25358,"href":"https:\/\/novosaopaulo.com.br\/n1\/wp-json\/wp\/v2\/posts\/25356\/revisions\/25358"}],"wp:featuredmedia":[{"embeddable":true,"href":"https:\/\/novosaopaulo.com.br\/n1\/wp-json\/wp\/v2\/media\/25357"}],"wp:attachment":[{"href":"https:\/\/novosaopaulo.com.br\/n1\/wp-json\/wp\/v2\/media?parent=25356"}],"wp:term":[{"taxonomy":"category","embeddable":true,"href":"https:\/\/novosaopaulo.com.br\/n1\/wp-json\/wp\/v2\/categories?post=25356"},{"taxonomy":"post_tag","embeddable":true,"href":"https:\/\/novosaopaulo.com.br\/n1\/wp-json\/wp\/v2\/tags?post=25356"}],"curies":[{"name":"wp","href":"https:\/\/api.w.org\/{rel}","templated":true}]}}