{"id":25353,"date":"2025-08-12T12:25:26","date_gmt":"2025-08-12T15:25:26","guid":{"rendered":"https:\/\/novosaopaulo.com.br\/n1\/?p=25353"},"modified":"2025-08-12T12:25:27","modified_gmt":"2025-08-12T15:25:27","slug":"adultizando","status":"publish","type":"post","link":"https:\/\/novosaopaulo.com.br\/n1\/adultizando\/","title":{"rendered":"Adultizando"},"content":{"rendered":"\n<p><em>Por Andr\u00e9 Naves<\/em>*  O recente e necess\u00e1rio document\u00e1rio &#8220;Adultizando&#8221;, do youtuber Felca, cumpre um papel brilhante ao escancarar a perversidade da adultifica\u00e7\u00e3o infantil e os perigos da superexposi\u00e7\u00e3o de crian\u00e7as nas redes sociais. A obra \u00e9 um soco no est\u00f4mago, um alerta indispens\u00e1vel contra uma cultura que flerta perigosamente com a explora\u00e7\u00e3o e at\u00e9 com o incentivo \u00e0 pedofilia. Recomendo que todos assistam.<br>\u00a0<\/p>\n\n\n\n<p>Ao olharmos, no entanto, para al\u00e9m do imediato, o document\u00e1rio tangencia uma ferida ainda mais profunda e estrutural do nosso pa\u00eds. Entre uma cena e outra de crian\u00e7as imitando rotinas e vaidades ostentat\u00f3rias de adultos vazios, emerge um sintoma assustador: o desprezo expl\u00edcito pela educa\u00e7\u00e3o.<\/p>\n\n\n\n<p>Para essas crian\u00e7as, a escola \u00e9 um peso, o conhecimento \u00e9 um obst\u00e1culo e o sonho n\u00e3o \u00e9 ser, mas ter. O materialismo, despido de qualquer pudor, se apresenta como o valor supremo, ofuscando pilares como o trabalho, a \u00e9tica e a pr\u00f3pria constru\u00e7\u00e3o do saber.<\/p>\n\n\n\n<p>Este \u00e9 o epicentro do nosso drama. Ali\u00e1s, o document\u00e1rio deveria ter dado mais aten\u00e7\u00e3o para essa indig\u00eancia moral, e deixado o sensacionalismo em suspenso, um pouco&#8230; Uma crian\u00e7a materialista hoje \u00e9 o projeto de um adulto que, amanh\u00e3, enxergar\u00e1 nos pr\u00f3prios filhos uma nova fonte de renda, um produto a ser monetizado. Inicia-se, assim, um ciclo vicioso e devastador, onde a inf\u00e2ncia \u00e9 sequestrada e o futuro, aniquilado.<\/p>\n\n\n\n<p>Mas seria simplista culpar apenas os pais. Todos eles s\u00e3o culpados, claro, mas n\u00e3o s\u00e3o a causa, e sim a consequ\u00eancia de um abandono muito maior. Muitos desses pais foram, eles mesmos, crian\u00e7as cujos direitos foram negligenciados, crescendo em um ambiente de mis\u00e9ria, desigualdade e, sobretudo, de uma educa\u00e7\u00e3o prec\u00e1ria.<\/p>\n\n\n\n<p>Uma educa\u00e7\u00e3o que n\u00e3o dialoga com suas realidades, que n\u00e3o acende a chama da curiosidade e que parece anacr\u00f4nica diante das linguagens e dos anseios das novas gera\u00e7\u00f5es. Quando a escola falha em apresentar um caminho de esperan\u00e7a e prop\u00f3sito, o apelo vazio da fama instant\u00e2nea e dos &#8220;likes&#8221; se torna um canto de sereia irresist\u00edvel.<\/p>\n\n\n\n<p>\u00c9 aqui que reside nossa maior responsabilidade como sociedade. Compete aos educadores, aos gestores p\u00fablicos e a todos n\u00f3s entender que a solu\u00e7\u00e3o n\u00e3o est\u00e1 em demonizar a tecnologia, mas em ressignificar a educa\u00e7\u00e3o. Precisamos mostrar a estas crian\u00e7as e jovens que aprender n\u00e3o \u00e9 decorar f\u00f3rmulas, mas desenvolver o racioc\u00ednio l\u00f3gico; n\u00e3o \u00e9 acumular informa\u00e7\u00f5es, mas cultivar habilidades socioemocionais. \u00c9, em outras palavras, aprender a aprender!<br>&nbsp;<\/p>\n\n\n\n<p>Em um mundo onde a intelig\u00eancia artificial avan\u00e7a para automatizar tarefas t\u00e9cnicas, o que nos restar\u00e1 de essencialmente humano ser\u00e1 nossa capacidade de sentir alteridade, de colaborar, de criar, de resolver problemas complexos com um olhar que a m\u00e1quina n\u00e3o possui.<\/p>\n\n\n\n<p>A criatividade, a resili\u00eancia e o pensamento cr\u00edtico n\u00e3o s\u00e3o mat\u00e9rias de um curr\u00edculo, mas a pr\u00f3pria ess\u00eancia de uma forma\u00e7\u00e3o que liberta. O desprezo pela educa\u00e7\u00e3o que &#8220;Adultizando&#8221; nos mostra de relance \u00e9 um grito de alerta. Ignor\u00e1-lo \u00e9 nos contentarmos em tapar o sol com a peneira, enquanto as funda\u00e7\u00f5es do nosso futuro social se esfarelam.<\/p>\n\n\n\n<p>A verdadeira beleza n\u00e3o est\u00e1 em enxergar o sucesso ef\u00eamero de um v\u00eddeo viral, mas em construir um caminho s\u00f3lido onde cada crian\u00e7a possa enxergar, atrav\u00e9s do conhecimento, a pot\u00eancia infinita do seu pr\u00f3prio ser. O fogo da esperan\u00e7a precisa ser mantido aceso, e a educa\u00e7\u00e3o \u00e9 o \u00fanico combust\u00edvel capaz de aliment\u00e1-lo!<\/p>\n\n\n\n<p>*<strong>\u00a0Andr\u00e9 Naves<\/strong>\u00a0\u00e9 Defensor P\u00fablico Federal formado em Direito pela USP, especialista em Direitos Humanos e Inclus\u00e3o Social; mestre em Economia Pol\u00edtica pela PUC\/SP; Cientista Pol\u00edtico pela Hillsdale College e doutor em Economia pela Princeton University. Comendador Cultural, Escritor e Professor (Instagram: @andrenaves.def).<\/p>\n\n\n\n<p>Defensor P\u00fablico Federal Andr\u00e9 Naves \/ Foto: Arquivo pessoal<\/p>\n\n\n\n<p><\/p>\n","protected":false},"excerpt":{"rendered":"<p>Por Andr\u00e9 Naves* O recente e necess\u00e1rio document\u00e1rio &#8220;Adultizando&#8221;, do youtuber Felca, cumpre um papel&#8230;<\/p>\n","protected":false},"author":1,"featured_media":25354,"comment_status":"open","ping_status":"open","sticky":false,"template":"","format":"standard","meta":{"footnotes":""},"categories":[2],"tags":[],"featured_image_urls":{"full":["https:\/\/novosaopaulo.com.br\/n1\/wp-content\/uploads\/2025\/08\/handler.jpg",640,480,false],"thumbnail":["https:\/\/novosaopaulo.com.br\/n1\/wp-content\/uploads\/2025\/08\/handler-150x150.jpg",150,150,true],"medium":["https:\/\/novosaopaulo.com.br\/n1\/wp-content\/uploads\/2025\/08\/handler-300x225.jpg",300,225,true],"medium_large":["https:\/\/novosaopaulo.com.br\/n1\/wp-content\/uploads\/2025\/08\/handler.jpg",640,480,false],"large":["https:\/\/novosaopaulo.com.br\/n1\/wp-content\/uploads\/2025\/08\/handler.jpg",640,480,false],"1536x1536":["https:\/\/novosaopaulo.com.br\/n1\/wp-content\/uploads\/2025\/08\/handler.jpg",640,480,false],"2048x2048":["https:\/\/novosaopaulo.com.br\/n1\/wp-content\/uploads\/2025\/08\/handler.jpg",640,480,false],"newsever-slider-full":["https:\/\/novosaopaulo.com.br\/n1\/wp-content\/uploads\/2025\/08\/handler.jpg",640,480,false],"newsever-featured":["https:\/\/novosaopaulo.com.br\/n1\/wp-content\/uploads\/2025\/08\/handler.jpg",640,480,false],"newsever-medium":["https:\/\/novosaopaulo.com.br\/n1\/wp-content\/uploads\/2025\/08\/handler-640x475.jpg",640,475,true]},"author_info":{"display_name":"Reda\u00e7\u00e3o","author_link":"https:\/\/novosaopaulo.com.br\/n1\/author\/g5poa\/"},"category_info":"<a href=\"https:\/\/novosaopaulo.com.br\/n1\/category\/cidades\/\" rel=\"category tag\">Cidades<\/a>","tag_info":"Cidades","comment_count":"0","_links":{"self":[{"href":"https:\/\/novosaopaulo.com.br\/n1\/wp-json\/wp\/v2\/posts\/25353"}],"collection":[{"href":"https:\/\/novosaopaulo.com.br\/n1\/wp-json\/wp\/v2\/posts"}],"about":[{"href":"https:\/\/novosaopaulo.com.br\/n1\/wp-json\/wp\/v2\/types\/post"}],"author":[{"embeddable":true,"href":"https:\/\/novosaopaulo.com.br\/n1\/wp-json\/wp\/v2\/users\/1"}],"replies":[{"embeddable":true,"href":"https:\/\/novosaopaulo.com.br\/n1\/wp-json\/wp\/v2\/comments?post=25353"}],"version-history":[{"count":1,"href":"https:\/\/novosaopaulo.com.br\/n1\/wp-json\/wp\/v2\/posts\/25353\/revisions"}],"predecessor-version":[{"id":25355,"href":"https:\/\/novosaopaulo.com.br\/n1\/wp-json\/wp\/v2\/posts\/25353\/revisions\/25355"}],"wp:featuredmedia":[{"embeddable":true,"href":"https:\/\/novosaopaulo.com.br\/n1\/wp-json\/wp\/v2\/media\/25354"}],"wp:attachment":[{"href":"https:\/\/novosaopaulo.com.br\/n1\/wp-json\/wp\/v2\/media?parent=25353"}],"wp:term":[{"taxonomy":"category","embeddable":true,"href":"https:\/\/novosaopaulo.com.br\/n1\/wp-json\/wp\/v2\/categories?post=25353"},{"taxonomy":"post_tag","embeddable":true,"href":"https:\/\/novosaopaulo.com.br\/n1\/wp-json\/wp\/v2\/tags?post=25353"}],"curies":[{"name":"wp","href":"https:\/\/api.w.org\/{rel}","templated":true}]}}