{"id":25344,"date":"2025-08-12T12:22:01","date_gmt":"2025-08-12T15:22:01","guid":{"rendered":"https:\/\/novosaopaulo.com.br\/n1\/?p=25344"},"modified":"2025-08-12T12:22:13","modified_gmt":"2025-08-12T15:22:13","slug":"mulheres-na-frente-sementeia-divulga-programacao-completa-do-festival","status":"publish","type":"post","link":"https:\/\/novosaopaulo.com.br\/n1\/mulheres-na-frente-sementeia-divulga-programacao-completa-do-festival\/","title":{"rendered":"Mulheres na frente: Sementeia divulga programa\u00e7\u00e3o completa do Festival"},"content":{"rendered":"\n<p>Mulheres na frente: Sementeia divulga programa\u00e7\u00e3o completa do Festival<\/p>\n\n\n\n<p>Entre os dias 1\u00ba e 12 de setembro de 2025, a cidade de Suzano (SP) recebe a segunda edi\u00e7\u00e3o do Festival Sementeia, evento cultural gratuito que re\u00fane mais de 10 atividades presenciais e online, todas idealizadas, protagonizadas e realizadas por mulheres artistas, t\u00e9cnicas, educadoras e produtoras. A iniciativa \u00e9 realizada com recursos da Pol\u00edtica Nacional Aldir Blanc (PNAB) e integra a agenda cultural do munic\u00edpio com um olhar interseccional, inclusivo e sens\u00edvel.<\/p>\n\n\n\n<p>O Festival \u00e9 um gesto coletivo na cidade de reivindica\u00e7\u00e3o por espa\u00e7os seguros e f\u00e9rteis onde mulheres possam criar, compartilhar, emocionar e provocar, trazendo as quest\u00f5es inerentes e provocadoras do ser mulher hoje: como amar, trabalhar, criar, resistir, maternar, sonhar, celebrar, tudo isso em meio a um pa\u00eds que ainda insiste em nos silenciar. O festival convida o p\u00fablico a plantar presen\u00e7a, cultivar trocas e florescer junto.<\/p>\n\n\n\n<p>Toda a programa\u00e7\u00e3o \u00e9 gratuita e celebra a pot\u00eancia feminina nas artes e na cultura. Um dos momentos mais esperados desta edi\u00e7\u00e3o \u00e9 a abertura com a pensadora e escritora ind\u00edgena Geni Nu\u00f1ez, que participa com a palestra \u201cReflorestamento do Imagin\u00e1rio\u201d, abordando as monoculturas do pensamento e os caminhos decoloniais poss\u00edveis para os afetos, os corpos e os territ\u00f3rios. O encontro acontece no dia 01\/09, na Sala Orlando Digenova, com media\u00e7\u00e3o da psic\u00f3loga Endil Oliveira e abertura da performance &#8220;M\u00e3enifesto &#8211; Tent\u00e1culo 1&#8221;, da artista Bel Jaccoud, e ser\u00e1 acess\u00edvel em Libras.<\/p>\n\n\n\n<p>Como proposta, o Sementeia oferece um equil\u00edbrio entre forma\u00e7\u00f5es, debates e apresenta\u00e7\u00f5es art\u00edsticas, dando visibilidade \u00e0 produ\u00e7\u00e3o cultural feminina e local. Al\u00e9m de acontecer em v\u00e1rios espa\u00e7os culturais da cidade, de maneira descentralizada e com acesso gratuito, h\u00e1 tamb\u00e9m programa\u00e7\u00e3o online no Instagram do projeto (@festival_sementeia), ampliando o alcance do debate.<\/p>\n\n\n\n<p>Entre os destaques desta edi\u00e7\u00e3o tamb\u00e9m est\u00e3o, o bate-papo com a influencer baiana Daylanne Cerqueira (03\/09), os espet\u00e1culos \u201cTropicana(s)\u201d, com a Cia. Deux (04\/09) e \u201cGuerreirinha, Guerreirinha\u201d com o coletivo Elementar (11\/09), a performance \u201cPalavras\u201d com Su\u00e9llen Santos (11\/09), as oficinas conduzidas por Elidayana Alexandrino (04\/09) e Jana Santos (08\/09), al\u00e9m dos shows musicais de Sati\u00ea (05\/09) e Zanah (12\/09), com discotecagem especial de Fl\u00e1via Durante celebrando artistas latinas (12\/09).<\/p>\n\n\n\n<p>As mais de 10 atividades confirmadas acontecem em diversos espa\u00e7os culturais da cidade, como CEUs, centros culturais, salas de encontro e tamb\u00e9m nas redes. Desse modo, o festival prop\u00f5e um circuito onde a arte encontra o cotidiano, a escuta vira pr\u00e1tica e o corpo se faz territ\u00f3rio de cria\u00e7\u00e3o e cura.<\/p>\n\n\n\n<p>Fala da organiza\u00e7\u00e3o:<\/p>\n\n\n\n<p>\u201cO Festival Sementeia nasce da vontade de reunir mulheres que s\u00e3o artistas, produtoras, jornalistas, musicistas, terapeutas, professoras e, sobretudo, cidad\u00e3s \u00e1vidas por mudan\u00e7as estruturais na sociedade brasileira. Queremos contribuir, junto com a popula\u00e7\u00e3o, para um Brasil mais igualit\u00e1rio e menos violento para n\u00f3s e para nossas filhas, sobrinhas, afilhadas e netas, tendo nossa cidade como foco\u201d, afirma Tuane Vieira, idealizadora do projeto, que atua h\u00e1 20 anos na produ\u00e7\u00e3o cultural de Suzano e do Alto Tiet\u00ea.<\/p>\n\n\n\n<p>Psic\u00f3loga, atriz e produtora cultural, Tuane tem trajet\u00f3ria marcada por criar, ocupar e transformar espa\u00e7os culturais. \u00c9 fundadora e gestora do Instituto N de Arte e Cultura e do Teatro da Neura, al\u00e9m de ter sido presidente da Associa\u00e7\u00e3o Paulista de Artes C\u00eanicas. Coordenou grandes festivais e mostras multiculturais e foi delegada eleita na II Confer\u00eancia Nacional de Cultura, em Bras\u00edlia. Em todos esses espa\u00e7os, seguiu promovendo a escuta, o acolhimento e o protagonismo de artistas e mulheres da regi\u00e3o.<\/p>\n\n\n\n<p>Como express\u00e3o dessa realidade, o festival \u00e9 fruto de uma articula\u00e7\u00e3o coletiva, que emerge de muitos encontros e conversas entre mulheres comprometidas em fazer a diferen\u00e7a e em ocupar espa\u00e7os tradicionalmente hostis ou excludentes. Ao reunir essas mulheres, o Sementeia fortalece uma rede de cuidado, inspira\u00e7\u00e3o e resist\u00eancia, mostrando que h\u00e1, sim, mulheres-refer\u00eancia em suas \u00e1reas e que \u00e9 poss\u00edvel transformar realidades quando h\u00e1 vontade, pol\u00edtica p\u00fablica e afeto.<\/p>\n\n\n\n<hr class=\"wp-block-separator has-alpha-channel-opacity\"\/>\n\n\n\n<p>Confira a programa\u00e7\u00e3o, toda gratuita:<\/p>\n\n\n\n<p>01\/09, 19h (ABERTURA) &#8211; Palestra com Geni Nu\u00f1ez com o tema \u201cReflorestamento do Imagin\u00e1rio\u201d. Media\u00e7\u00e3o: Endil Oliveira. Abertura com a multiartista Bel Jaccoud apresentando a performance M\u00e3enifesto &#8211; Tent\u00e1culo 1. Sala Orlando Digenova.<br>\u25cf Acess\u00edvel em Libras<\/p>\n\n\n\n<p>03\/09, 19h30 &#8211; Bate-papo sobre produ\u00e7\u00e3o de conte\u00fado por mulheres reais com Daylanne Cerqueira, influencer e bailarina, direto de Salvador\/BA. Media\u00e7\u00e3o da atriz, militante negra e influenciadora Anna Fl\u00e1via Macedo. Instagram do Festival Sementeia.<br>\u25cf @festival_sementeia.<\/p>\n\n\n\n<p>04\/09, 10h &#8211; Espet\u00e1culo de dan\u00e7a Tropicana(s), com a Cia. Deux. Centro Cultural Colorado.<\/p>\n\n\n\n<p>04\/09, 17h &#8211; Oficina Laborat\u00f3rio de Escuta de Imagens, com a arte-educadora Elidayana Alexandrino. Casar\u00e3o das Artes.<\/p>\n\n\n\n<p>05\/09, 19h30 &#8211; Bate-papo O papel dos contos de fadas na forma\u00e7\u00e3o e autonomia feminina, com o Coletivo Atreva-se, a psic\u00f3loga Victoria Rodrigues e media\u00e7\u00e3o da jornalista e professora Fl\u00e1via Gon\u00e7alves. Sala Orlando Digenova.<br>\u25cf Acess\u00edvel em Libras<\/p>\n\n\n\n<p>05\/09, 21h &#8211; Show musical com a cantora Sati\u00ea. Centro Cultural Francisco Carlos Moriconi.<\/p>\n\n\n\n<p>08\/09, 14h &#8211; Oficina EU, SEMENTE com a arte-educadora Jana Santos. Centro Cultural Colorado.<\/p>\n\n\n\n<p>11\/09, 19h30 &#8211; Espet\u00e1culo teatral Guerreirinha, Guerreirinha, com o coletivo Elementar. Abertura com a performance Palavras, com a artista Su\u00e9llen Santos. CEU Gard\u00eania.<br>\u25cf Acess\u00edvel em Libras<\/p>\n\n\n\n<p>12\/09, 19h (ENCERRAMENTO) &#8211; Show musical \u201cCinzas\u201d com a cantora Zanah, com abertura e encerramento com a DJ Fl\u00e1via Durante, tocando artistas latinas. Casar\u00e3o das Artes.<\/p>\n\n\n\n<hr class=\"wp-block-separator has-alpha-channel-opacity\"\/>\n\n\n\n<p>Servi\u00e7o:<\/p>\n\n\n\n<p>\ud83d\udccdFestival Sementeia 2025<br>\ud83d\uddd3\ufe0f De 1\u00ba a 12 de setembro<br>\ud83d\udccc Diversos espa\u00e7os de Suzano \u2013 SP<br>\ud83d\udcf2 @festival_sementeia<br>\ud83c\udf9f\ufe0f Atividades gratuitas<\/p>\n\n\n\n<hr class=\"wp-block-separator has-alpha-channel-opacity\"\/>\n\n\n\n<p>Endere\u00e7os:<\/p>\n\n\n\n<p>Sala Orlando Digenova<br>Centro Cultural Francisco Carlos Moriconi<br>R. Benjamin Constant, 682 &#8211; Centro, Suzano &#8211; SP, 08674-010<\/p>\n\n\n\n<p>Instagram do Festival<br>@festival_sementeia<\/p>\n\n\n\n<p>Centro Cultural Colorado<br>R. Domingos Vitorino, 68 &#8211; Jardim Cacique, Suzano &#8211; SP, 08616-170<\/p>\n\n\n\n<p>Casar\u00e3o das Artes<br>R. Vinte e Sete de Outubro, 271 &#8211; Centro, Suzano &#8211; SP, 08674-200<\/p>\n\n\n\n<p>Centro Cultural Francisco Carlos Moriconi<br>R. Benjamin Constant, 682 &#8211; Centro, Suzano &#8211; SP, 08674-010<\/p>\n\n\n\n<p>CEU Gard\u00eania<br>R. Teruo Nishikawa, 570 &#8211; Jardim Gard\u00eania Azul, Suzano &#8211; SP, 08696-370<\/p>\n\n\n\n<hr class=\"wp-block-separator has-alpha-channel-opacity\"\/>\n\n\n\n<p>Ficha t\u00e9cnica:<\/p>\n\n\n\n<p>Idealizadora: Tuane Vieira<br>Curadoria e Produ\u00e7ao Executiva: Tuane Vieira e Cibele Zucchi<br>Assist\u00eancia de Produ\u00e7\u00e3o: Conceni Paulina, Bianca Lima e Gisele Possidonio<br>T\u00e9cnica de Luz: Stella Lisboa<br>T\u00e9cnica de Som: Jess Makandal<br>Registro: Elidiane Alexandrino<br>Design e Social Media: Acervo das Anjas<br>Assessoria de Imprensa: Agnes Arruda<br>Parceria e Divulga\u00e7\u00e3o: Anna Fl\u00e1via Macedo<br>Assessibilidade: AcessaHabilidade<\/p>\n\n\n\n<hr class=\"wp-block-separator has-alpha-channel-opacity\"\/>\n\n\n\n<p>Total de artistas: 16<\/p>\n\n\n\n<ol>\n<li>Geni Nu\u00f1ez \u2013 palestrante<\/li>\n\n\n\n<li>Endil Oliveira \u2013 mediadora<\/li>\n\n\n\n<li>Bel Jaccoud \u2013 performance art\u00edstica<\/li>\n\n\n\n<li>Daylanne Cerqueira \u2013 bate-papo (convidada)<\/li>\n\n\n\n<li>Anna Fl\u00e1via Macedo \u2013 mediadora<\/li>\n\n\n\n<li>Cia. Deux \u2013 dan\u00e7a<\/li>\n\n\n\n<li>Elidayana Alexandrino \u2013 oficina<\/li>\n\n\n\n<li>Victoria Rodrigues \u2013 bate-papo<\/li>\n\n\n\n<li>Fl\u00e1via Gon\u00e7alves \u2013 mediadora<\/li>\n\n\n\n<li>Coletivo Atreva-se \u2013 bate-papo<\/li>\n\n\n\n<li>Sati\u00ea \u2013 m\u00fasica<\/li>\n\n\n\n<li>Jana Santos \u2013 oficina<\/li>\n\n\n\n<li>Cibele Zucchi \u2013 teatro<\/li>\n\n\n\n<li>Su\u00e9llen Santos \u2013 performance<\/li>\n\n\n\n<li>Zanah \u2013 m\u00fasica<\/li>\n\n\n\n<li>Fl\u00e1via Durante \u2013 DJ (m\u00fasica)<\/li>\n<\/ol>\n\n\n\n<p>Modalidades representadas: 6<\/p>\n\n\n\n<ol>\n<li>Palestra<\/li>\n\n\n\n<li>Performance<\/li>\n\n\n\n<li>Bate-papo<\/li>\n\n\n\n<li>Dan\u00e7a<\/li>\n\n\n\n<li>Oficina<\/li>\n\n\n\n<li>Teatro<\/li>\n\n\n\n<li>Show musical \/ DJ set<\/li>\n<\/ol>\n\n\n\n<p>Locais diferentes: 5<\/p>\n\n\n\n<ol>\n<li>Sala Orlando Digenova \u2013 Centro Cultural<\/li>\n\n\n\n<li>Instagram do Festival (@festival_sementeia)<\/li>\n\n\n\n<li>Centro Cultural Colorado<\/li>\n\n\n\n<li>Casar\u00e3o das Artes<\/li>\n\n\n\n<li>CEU Gard\u00eania<\/li>\n\n\n\n<li>Centro Cultural Francisco Carlos Moriconi<\/li>\n<\/ol>\n\n\n\n<figure class=\"wp-block-gallery has-nested-images columns-default is-cropped wp-block-gallery-1 is-layout-flex wp-block-gallery-is-layout-flex\">\n<figure class=\"wp-block-image size-large\"><a href=\"https:\/\/novosaopaulo.com.br\/n1\/wp-content\/uploads\/2025\/08\/WhatsApp-Image-2025-08-12-at-10.00.40-1.jpeg\" target=\"_blank\" rel=\"noopener\"><img fetchpriority=\"high\" decoding=\"async\" width=\"800\" height=\"533\" data-id=\"25345\" src=\"https:\/\/novosaopaulo.com.br\/n1\/wp-content\/uploads\/2025\/08\/WhatsApp-Image-2025-08-12-at-10.00.40-1.jpeg\" alt=\"\" class=\"wp-image-25345\" srcset=\"https:\/\/novosaopaulo.com.br\/n1\/wp-content\/uploads\/2025\/08\/WhatsApp-Image-2025-08-12-at-10.00.40-1.jpeg 800w, https:\/\/novosaopaulo.com.br\/n1\/wp-content\/uploads\/2025\/08\/WhatsApp-Image-2025-08-12-at-10.00.40-1-300x200.jpeg 300w, https:\/\/novosaopaulo.com.br\/n1\/wp-content\/uploads\/2025\/08\/WhatsApp-Image-2025-08-12-at-10.00.40-1-768x512.jpeg 768w\" sizes=\"(max-width: 800px) 100vw, 800px\" \/><\/a><\/figure>\n\n\n\n<figure class=\"wp-block-image size-large\"><a href=\"https:\/\/novosaopaulo.com.br\/n1\/wp-content\/uploads\/2025\/08\/WhatsApp-Image-2025-08-12-at-10.00.41.jpeg\" target=\"_blank\" rel=\"noopener\"><img decoding=\"async\" width=\"800\" height=\"800\" data-id=\"25348\" src=\"https:\/\/novosaopaulo.com.br\/n1\/wp-content\/uploads\/2025\/08\/WhatsApp-Image-2025-08-12-at-10.00.41.jpeg\" alt=\"\" class=\"wp-image-25348\" srcset=\"https:\/\/novosaopaulo.com.br\/n1\/wp-content\/uploads\/2025\/08\/WhatsApp-Image-2025-08-12-at-10.00.41.jpeg 800w, https:\/\/novosaopaulo.com.br\/n1\/wp-content\/uploads\/2025\/08\/WhatsApp-Image-2025-08-12-at-10.00.41-300x300.jpeg 300w, https:\/\/novosaopaulo.com.br\/n1\/wp-content\/uploads\/2025\/08\/WhatsApp-Image-2025-08-12-at-10.00.41-150x150.jpeg 150w, https:\/\/novosaopaulo.com.br\/n1\/wp-content\/uploads\/2025\/08\/WhatsApp-Image-2025-08-12-at-10.00.41-768x768.jpeg 768w\" sizes=\"(max-width: 800px) 100vw, 800px\" \/><\/a><\/figure>\n\n\n\n<figure class=\"wp-block-image size-large\"><a href=\"https:\/\/novosaopaulo.com.br\/n1\/wp-content\/uploads\/2025\/08\/WhatsApp-Image-2025-08-12-at-10.00.41-1.jpeg\" target=\"_blank\" rel=\"noopener\"><img decoding=\"async\" width=\"533\" height=\"800\" data-id=\"25347\" src=\"https:\/\/novosaopaulo.com.br\/n1\/wp-content\/uploads\/2025\/08\/WhatsApp-Image-2025-08-12-at-10.00.41-1.jpeg\" alt=\"\" class=\"wp-image-25347\" srcset=\"https:\/\/novosaopaulo.com.br\/n1\/wp-content\/uploads\/2025\/08\/WhatsApp-Image-2025-08-12-at-10.00.41-1.jpeg 533w, https:\/\/novosaopaulo.com.br\/n1\/wp-content\/uploads\/2025\/08\/WhatsApp-Image-2025-08-12-at-10.00.41-1-200x300.jpeg 200w\" sizes=\"(max-width: 533px) 100vw, 533px\" \/><\/a><\/figure>\n\n\n\n<figure class=\"wp-block-image size-large\"><a href=\"https:\/\/novosaopaulo.com.br\/n1\/wp-content\/uploads\/2025\/08\/WhatsApp-Image-2025-08-12-at-10.00.42.jpeg\" target=\"_blank\" rel=\"noopener\"><img loading=\"lazy\" decoding=\"async\" width=\"768\" height=\"1024\" data-id=\"25350\" src=\"https:\/\/novosaopaulo.com.br\/n1\/wp-content\/uploads\/2025\/08\/WhatsApp-Image-2025-08-12-at-10.00.42-768x1024.jpeg\" alt=\"\" class=\"wp-image-25350\" srcset=\"https:\/\/novosaopaulo.com.br\/n1\/wp-content\/uploads\/2025\/08\/WhatsApp-Image-2025-08-12-at-10.00.42-768x1024.jpeg 768w, https:\/\/novosaopaulo.com.br\/n1\/wp-content\/uploads\/2025\/08\/WhatsApp-Image-2025-08-12-at-10.00.42-225x300.jpeg 225w, https:\/\/novosaopaulo.com.br\/n1\/wp-content\/uploads\/2025\/08\/WhatsApp-Image-2025-08-12-at-10.00.42-1152x1536.jpeg 1152w, https:\/\/novosaopaulo.com.br\/n1\/wp-content\/uploads\/2025\/08\/WhatsApp-Image-2025-08-12-at-10.00.42-1024x1365.jpeg 1024w, https:\/\/novosaopaulo.com.br\/n1\/wp-content\/uploads\/2025\/08\/WhatsApp-Image-2025-08-12-at-10.00.42.jpeg 1200w\" sizes=\"(max-width: 768px) 100vw, 768px\" \/><\/a><\/figure>\n\n\n\n<figure class=\"wp-block-image size-large\"><a href=\"https:\/\/novosaopaulo.com.br\/n1\/wp-content\/uploads\/2025\/08\/WhatsApp-Image-2025-08-12-at-10.00.40.jpeg\" target=\"_blank\" rel=\"noopener\"><img loading=\"lazy\" decoding=\"async\" width=\"768\" height=\"1024\" data-id=\"25349\" src=\"https:\/\/novosaopaulo.com.br\/n1\/wp-content\/uploads\/2025\/08\/WhatsApp-Image-2025-08-12-at-10.00.40-768x1024.jpeg\" alt=\"\" class=\"wp-image-25349\" srcset=\"https:\/\/novosaopaulo.com.br\/n1\/wp-content\/uploads\/2025\/08\/WhatsApp-Image-2025-08-12-at-10.00.40-768x1024.jpeg 768w, https:\/\/novosaopaulo.com.br\/n1\/wp-content\/uploads\/2025\/08\/WhatsApp-Image-2025-08-12-at-10.00.40-225x300.jpeg 225w, https:\/\/novosaopaulo.com.br\/n1\/wp-content\/uploads\/2025\/08\/WhatsApp-Image-2025-08-12-at-10.00.40-1152x1536.jpeg 1152w, https:\/\/novosaopaulo.com.br\/n1\/wp-content\/uploads\/2025\/08\/WhatsApp-Image-2025-08-12-at-10.00.40-1024x1365.jpeg 1024w, https:\/\/novosaopaulo.com.br\/n1\/wp-content\/uploads\/2025\/08\/WhatsApp-Image-2025-08-12-at-10.00.40.jpeg 1200w\" sizes=\"(max-width: 768px) 100vw, 768px\" \/><\/a><\/figure>\n<\/figure>\n","protected":false},"excerpt":{"rendered":"<p>Mulheres na frente: Sementeia divulga programa\u00e7\u00e3o completa do Festival Entre os dias 1\u00ba e 12&#8230;<\/p>\n","protected":false},"author":1,"featured_media":25346,"comment_status":"open","ping_status":"open","sticky":false,"template":"","format":"standard","meta":{"footnotes":""},"categories":[2,45],"tags":[],"featured_image_urls":{"full":["https:\/\/novosaopaulo.com.br\/n1\/wp-content\/uploads\/2025\/08\/WhatsApp-Image-2025-08-12-at-10.00.42-1.jpeg",1279,847,false],"thumbnail":["https:\/\/novosaopaulo.com.br\/n1\/wp-content\/uploads\/2025\/08\/WhatsApp-Image-2025-08-12-at-10.00.42-1-150x150.jpeg",150,150,true],"medium":["https:\/\/novosaopaulo.com.br\/n1\/wp-content\/uploads\/2025\/08\/WhatsApp-Image-2025-08-12-at-10.00.42-1-300x199.jpeg",300,199,true],"medium_large":["https:\/\/novosaopaulo.com.br\/n1\/wp-content\/uploads\/2025\/08\/WhatsApp-Image-2025-08-12-at-10.00.42-1-768x509.jpeg",640,424,true],"large":["https:\/\/novosaopaulo.com.br\/n1\/wp-content\/uploads\/2025\/08\/WhatsApp-Image-2025-08-12-at-10.00.42-1-1024x678.jpeg",640,424,true],"1536x1536":["https:\/\/novosaopaulo.com.br\/n1\/wp-content\/uploads\/2025\/08\/WhatsApp-Image-2025-08-12-at-10.00.42-1.jpeg",1279,847,false],"2048x2048":["https:\/\/novosaopaulo.com.br\/n1\/wp-content\/uploads\/2025\/08\/WhatsApp-Image-2025-08-12-at-10.00.42-1.jpeg",1279,847,false],"newsever-slider-full":["https:\/\/novosaopaulo.com.br\/n1\/wp-content\/uploads\/2025\/08\/WhatsApp-Image-2025-08-12-at-10.00.42-1-1279x845.jpeg",1279,845,true],"newsever-featured":["https:\/\/novosaopaulo.com.br\/n1\/wp-content\/uploads\/2025\/08\/WhatsApp-Image-2025-08-12-at-10.00.42-1-1024x678.jpeg",1024,678,true],"newsever-medium":["https:\/\/novosaopaulo.com.br\/n1\/wp-content\/uploads\/2025\/08\/WhatsApp-Image-2025-08-12-at-10.00.42-1-720x475.jpeg",720,475,true]},"author_info":{"display_name":"Reda\u00e7\u00e3o","author_link":"https:\/\/novosaopaulo.com.br\/n1\/author\/g5poa\/"},"category_info":"<a href=\"https:\/\/novosaopaulo.com.br\/n1\/category\/cidades\/\" rel=\"category tag\">Cidades<\/a> <a href=\"https:\/\/novosaopaulo.com.br\/n1\/category\/cultura\/\" rel=\"category tag\">Cultura<\/a>","tag_info":"Cultura","comment_count":"0","_links":{"self":[{"href":"https:\/\/novosaopaulo.com.br\/n1\/wp-json\/wp\/v2\/posts\/25344"}],"collection":[{"href":"https:\/\/novosaopaulo.com.br\/n1\/wp-json\/wp\/v2\/posts"}],"about":[{"href":"https:\/\/novosaopaulo.com.br\/n1\/wp-json\/wp\/v2\/types\/post"}],"author":[{"embeddable":true,"href":"https:\/\/novosaopaulo.com.br\/n1\/wp-json\/wp\/v2\/users\/1"}],"replies":[{"embeddable":true,"href":"https:\/\/novosaopaulo.com.br\/n1\/wp-json\/wp\/v2\/comments?post=25344"}],"version-history":[{"count":2,"href":"https:\/\/novosaopaulo.com.br\/n1\/wp-json\/wp\/v2\/posts\/25344\/revisions"}],"predecessor-version":[{"id":25352,"href":"https:\/\/novosaopaulo.com.br\/n1\/wp-json\/wp\/v2\/posts\/25344\/revisions\/25352"}],"wp:featuredmedia":[{"embeddable":true,"href":"https:\/\/novosaopaulo.com.br\/n1\/wp-json\/wp\/v2\/media\/25346"}],"wp:attachment":[{"href":"https:\/\/novosaopaulo.com.br\/n1\/wp-json\/wp\/v2\/media?parent=25344"}],"wp:term":[{"taxonomy":"category","embeddable":true,"href":"https:\/\/novosaopaulo.com.br\/n1\/wp-json\/wp\/v2\/categories?post=25344"},{"taxonomy":"post_tag","embeddable":true,"href":"https:\/\/novosaopaulo.com.br\/n1\/wp-json\/wp\/v2\/tags?post=25344"}],"curies":[{"name":"wp","href":"https:\/\/api.w.org\/{rel}","templated":true}]}}