{"id":25341,"date":"2025-08-11T20:48:08","date_gmt":"2025-08-11T23:48:08","guid":{"rendered":"https:\/\/novosaopaulo.com.br\/n1\/?p=25341"},"modified":"2025-08-11T20:48:09","modified_gmt":"2025-08-11T23:48:09","slug":"brasil-inaugura-primeiro-samu-192-indigena-com-atendimento-24h-e-profissionais-bilingues","status":"publish","type":"post","link":"https:\/\/novosaopaulo.com.br\/n1\/brasil-inaugura-primeiro-samu-192-indigena-com-atendimento-24h-e-profissionais-bilingues\/","title":{"rendered":"Brasil inaugura primeiro SAMU 192 Ind\u00edgena, com atendimento 24h e profissionais bil\u00edngues"},"content":{"rendered":"\n<p>Servi\u00e7o reduzir\u00e1 pela metade o tempo de espera por atendimento de urg\u00eancia e emerg\u00eancia nos territ\u00f3rios ind\u00edgenas, das etnias Guarani, Kaiow\u00e1 e Terena<\/p>\n\n\n\n<p>O SAMU bil\u00edngue tem por objetivo aprimorar o entendimento entre os profissionais da sa\u00fade e os pacientes, refor\u00e7ando o compromisso do SUS de oferecer um servi\u00e7o universal, gratuito e culturalmente adequado &#8211; Foto: Jo\u00e3o Risi \/ MS<\/p>\n\n\n\n<p>A Governo Federal, por meio do Minist\u00e9rio da Sa\u00fade, inaugurou no s\u00e1bado (9\/8), data marcada pelo Dia Internacional dos Povos Ind\u00edgenas, o primeiro Servi\u00e7o de Atendimento M\u00f3vel de Urg\u00eancia (SAMU 192) Ind\u00edgena.<\/p>\n\n\n\n<p>O SAMU Ind\u00edgena come\u00e7ou a funcionar 24 horas para atendimentos de urg\u00eancia e emerg\u00eancia na \u00e1rea do Hospital da Miss\u00e3o Evang\u00e9lica Kaiow\u00e1, dentro da reserva ind\u00edgena Aldeia Jaguapiru, em Dourados (MS). O projeto piloto, que conta com profissionais de sa\u00fade bil\u00edngues \u2013 fluentes em portugu\u00eas e guarani \u2013, atender\u00e1 25 mil ind\u00edgenas. A entrega foi realizada pelo secret\u00e1rio de Sa\u00fade Ind\u00edgena do Minist\u00e9rio da Sa\u00fade, Weibe Tapeba.<\/p>\n\n\n\n<p>\u201cEssa a\u00e7\u00e3o, realizada em uma data muito simb\u00f3lica e em um local de alta densidade demogr\u00e1fica, integra um conjunto de esfor\u00e7os para garantir aten\u00e7\u00e3o integral \u00e0 popula\u00e7\u00e3o ind\u00edgena, come\u00e7ando pela aten\u00e7\u00e3o prim\u00e1ria \u00e0 sa\u00fade. \u00c9 um trabalho conduzido pelo presidente Lula e pelo nosso ministro Alexandre Padilha, fortalecendo o SUS com este projeto piloto in\u00e9dito no pa\u00eds\u201d, afirmou o secret\u00e1rio.<\/p>\n\n\n\n<p>SAMU IND\u00cdGENA EM GUARANI: TEMBIAPO PY&#8217;AE OM\u1ef8I VA&#8217;E TE&#8217;YI MBA&#8217;E ETE VA&#8217;E<\/p>\n\n\n\n<p>MENOS TEMPO DE ESPERA \u2013 Com a nova ambul\u00e2ncia, o tempo m\u00e9dio de espera para atendimentos aos povos ind\u00edgenas ser\u00e1 reduzido pela metade. Antes, os ind\u00edgenas eram atendidos pela unidade do SAMU 192 de Dourados. O Minist\u00e9rio da Sa\u00fade far\u00e1, anualmente, o repasse de R$ 341 mil para o custeio do servi\u00e7o m\u00f3vel. A medida integra o esfor\u00e7o da pasta para universalizar o SAMU 192 at\u00e9 o fim de 2026, refor\u00e7ando o compromisso do SUS de oferecer um servi\u00e7o universal, gratuito e culturalmente adequado.<\/p>\n\n\n\n<p>REPASSE FEDERAL ANUAL \u2013 O repasse federal anual destinado ao SAMU 192 do munic\u00edpio de Dourados (MS) \u00e9 de R$ 2,2 milh\u00f5es. O montante contempla a Central de Regula\u00e7\u00e3o Urbana (CRU), duas Unidades de Suporte B\u00e1sico (USB), uma Unidade de Suporte Avan\u00e7ado (USA) e duas motol\u00e2ncias. O servi\u00e7o tamb\u00e9m atender\u00e1 os povos ind\u00edgenas em casos de urg\u00eancia e emerg\u00eancia.<\/p>\n\n\n\n<p>14 PROFISSIONAIS \u2013 O SAMU ind\u00edgena ser\u00e1 composto por 14 profissionais, sendo cinco t\u00e9cnicos de enfermagem, cinco enfermeiros e quatro condutores-socorristas. Desses, sete s\u00e3o profissionais ind\u00edgenas que falam guarani. Os pacientes ind\u00edgenas dever\u00e3o ser encaminhados para hospitais de refer\u00eancia da regi\u00e3o, incluindo o Hospital Universit\u00e1rio da Grande Dourados (HU-UFGD), que tamb\u00e9m conta com profissionais fluentes em guarani.<\/p>\n\n\n\n<p>SERVI\u00c7O CULTURALMENTE ADEQUADO \u2013 O SAMU bil\u00edngue tem por objetivo aprimorar o entendimento entre os profissionais da sa\u00fade e os pacientes, refor\u00e7ando o compromisso do SUS de oferecer um servi\u00e7o universal, gratuito e culturalmente adequado. Cada espa\u00e7o da base do SAMU 192 Ind\u00edgena tamb\u00e9m recebe o nome do ambiente em guarani.<\/p>\n\n\n\n<p>MAIS DE 2,4 MIL AMBUL\u00c2NCIAS \u2013 Desde o in\u00edcio de 2023, o Minist\u00e9rio da Sa\u00fade entregou 2.462 novas ambul\u00e2ncias do SAMU 192 para munic\u00edpios de todas as regi\u00f5es do pa\u00eds. Esse n\u00famero \u00e9 seis vezes maior que o registrado entre 2019 e 2022, quando 366 unidades foram entregues \u00e0 popula\u00e7\u00e3o. Atualmente, s\u00e3o mais de 4,3 mil ambul\u00e2ncias em circula\u00e7\u00e3o, com capacidade para atender cerca de 190 milh\u00f5es de brasileiros em 4.207 munic\u00edpios. Com planejamento e investimento cont\u00ednuo, o Minist\u00e9rio da Sa\u00fade trabalha para universalizar o SAMU 192 at\u00e9 o fim de 2026. A meta \u00e9 entregar mais 2,3 mil ambul\u00e2ncias at\u00e9 2026, sendo 1,3 mil previstas para 2025.<\/p>\n\n\n\n<p>Fonte: Secretaria de Comunica\u00e7\u00e3o Social da Presid\u00eancia da Rep\u00fablica<\/p>\n\n\n\n<p>Foto: Jo\u00e3o Risi \/ MS<\/p>\n","protected":false},"excerpt":{"rendered":"<p>Servi\u00e7o reduzir\u00e1 pela metade o tempo de espera por atendimento de urg\u00eancia e emerg\u00eancia nos&#8230;<\/p>\n","protected":false},"author":1,"featured_media":25342,"comment_status":"open","ping_status":"open","sticky":false,"template":"","format":"standard","meta":{"footnotes":""},"categories":[2],"tags":[],"featured_image_urls":{"full":["https:\/\/novosaopaulo.com.br\/n1\/wp-content\/uploads\/2025\/08\/WhatsApp-Image-2025-08-11-at-19.35.58.jpeg",768,512,false],"thumbnail":["https:\/\/novosaopaulo.com.br\/n1\/wp-content\/uploads\/2025\/08\/WhatsApp-Image-2025-08-11-at-19.35.58-150x150.jpeg",150,150,true],"medium":["https:\/\/novosaopaulo.com.br\/n1\/wp-content\/uploads\/2025\/08\/WhatsApp-Image-2025-08-11-at-19.35.58-300x200.jpeg",300,200,true],"medium_large":["https:\/\/novosaopaulo.com.br\/n1\/wp-content\/uploads\/2025\/08\/WhatsApp-Image-2025-08-11-at-19.35.58.jpeg",640,427,false],"large":["https:\/\/novosaopaulo.com.br\/n1\/wp-content\/uploads\/2025\/08\/WhatsApp-Image-2025-08-11-at-19.35.58.jpeg",640,427,false],"1536x1536":["https:\/\/novosaopaulo.com.br\/n1\/wp-content\/uploads\/2025\/08\/WhatsApp-Image-2025-08-11-at-19.35.58.jpeg",768,512,false],"2048x2048":["https:\/\/novosaopaulo.com.br\/n1\/wp-content\/uploads\/2025\/08\/WhatsApp-Image-2025-08-11-at-19.35.58.jpeg",768,512,false],"newsever-slider-full":["https:\/\/novosaopaulo.com.br\/n1\/wp-content\/uploads\/2025\/08\/WhatsApp-Image-2025-08-11-at-19.35.58.jpeg",768,512,false],"newsever-featured":["https:\/\/novosaopaulo.com.br\/n1\/wp-content\/uploads\/2025\/08\/WhatsApp-Image-2025-08-11-at-19.35.58.jpeg",768,512,false],"newsever-medium":["https:\/\/novosaopaulo.com.br\/n1\/wp-content\/uploads\/2025\/08\/WhatsApp-Image-2025-08-11-at-19.35.58-720x475.jpeg",720,475,true]},"author_info":{"display_name":"Reda\u00e7\u00e3o","author_link":"https:\/\/novosaopaulo.com.br\/n1\/author\/g5poa\/"},"category_info":"<a href=\"https:\/\/novosaopaulo.com.br\/n1\/category\/cidades\/\" rel=\"category tag\">Cidades<\/a>","tag_info":"Cidades","comment_count":"0","_links":{"self":[{"href":"https:\/\/novosaopaulo.com.br\/n1\/wp-json\/wp\/v2\/posts\/25341"}],"collection":[{"href":"https:\/\/novosaopaulo.com.br\/n1\/wp-json\/wp\/v2\/posts"}],"about":[{"href":"https:\/\/novosaopaulo.com.br\/n1\/wp-json\/wp\/v2\/types\/post"}],"author":[{"embeddable":true,"href":"https:\/\/novosaopaulo.com.br\/n1\/wp-json\/wp\/v2\/users\/1"}],"replies":[{"embeddable":true,"href":"https:\/\/novosaopaulo.com.br\/n1\/wp-json\/wp\/v2\/comments?post=25341"}],"version-history":[{"count":1,"href":"https:\/\/novosaopaulo.com.br\/n1\/wp-json\/wp\/v2\/posts\/25341\/revisions"}],"predecessor-version":[{"id":25343,"href":"https:\/\/novosaopaulo.com.br\/n1\/wp-json\/wp\/v2\/posts\/25341\/revisions\/25343"}],"wp:featuredmedia":[{"embeddable":true,"href":"https:\/\/novosaopaulo.com.br\/n1\/wp-json\/wp\/v2\/media\/25342"}],"wp:attachment":[{"href":"https:\/\/novosaopaulo.com.br\/n1\/wp-json\/wp\/v2\/media?parent=25341"}],"wp:term":[{"taxonomy":"category","embeddable":true,"href":"https:\/\/novosaopaulo.com.br\/n1\/wp-json\/wp\/v2\/categories?post=25341"},{"taxonomy":"post_tag","embeddable":true,"href":"https:\/\/novosaopaulo.com.br\/n1\/wp-json\/wp\/v2\/tags?post=25341"}],"curies":[{"name":"wp","href":"https:\/\/api.w.org\/{rel}","templated":true}]}}