{"id":25336,"date":"2025-08-11T16:48:19","date_gmt":"2025-08-11T19:48:19","guid":{"rendered":"https:\/\/novosaopaulo.com.br\/n1\/?p=25336"},"modified":"2025-08-11T16:48:20","modified_gmt":"2025-08-11T19:48:20","slug":"festival-de-inverno-de-diamantina-e-lancamento-oficial-do-carnaval-2026-prometem-esquentar-o-coracao-das-montanhas-mineiras-com-cultura-musica-e-tradicao","status":"publish","type":"post","link":"https:\/\/novosaopaulo.com.br\/n1\/festival-de-inverno-de-diamantina-e-lancamento-oficial-do-carnaval-2026-prometem-esquentar-o-coracao-das-montanhas-mineiras-com-cultura-musica-e-tradicao\/","title":{"rendered":"Festival de Inverno de Diamantina e lan\u00e7amento oficial do Carnaval 2026 prometem esquentar o cora\u00e7\u00e3o das montanhas mineiras com cultura, m\u00fasica e tradi\u00e7\u00e3o"},"content":{"rendered":"\n<p>Entre os dias 6 e 23 de agosto, a cidade hist\u00f3rica de Diamantina, reconhecida como Patrim\u00f4nio Mundial da Humanidade, se transforma em um grande palco a c\u00e9u aberto. Em mais uma edi\u00e7\u00e3o, o Festival de Inverno de Diamantina consolida-se como um dos mais importantes eventos culturais de Minas Gerais \u2014 e este ano, com uma novidade que j\u00e1 aponta para o futuro: o lan\u00e7amento oficial do Carnaval 2026.<\/p>\n\n\n\n<p>Produzido pela PULSAR Brasil, com apoio do Governo de Minas Gerais e patroc\u00ednio da CEMIG por meio da Lei Estadual de Incentivo \u00e0 Cultura, o festival prop\u00f5e uma verdadeira imers\u00e3o na cultura mineira, conectando gera\u00e7\u00f5es, valorizando costumes e exaltando o calor humano das tradi\u00e7\u00f5es que atravessam s\u00e9culos.<\/p>\n\n\n\n<p>Ao longo de quase tr\u00eas semanas, Diamantina ser\u00e1 tomada por sons, cores, sabores e mem\u00f3rias. As tradicionais Vesperatas, que transformam as sacadas dos casar\u00f5es coloniais em palcos musicais, voltam a embalar o p\u00fablico com charme e emo\u00e7\u00e3o. As pra\u00e7as ganham vida com apresenta\u00e7\u00f5es de m\u00fasica, teatro, dan\u00e7a, interven\u00e7\u00f5es art\u00edsticas e muita gastronomia, reafirmando o esp\u00edrito vibrante da cidade.<\/p>\n\n\n\n<p>A programa\u00e7\u00e3o come\u00e7a no dia 6 de agosto, com a abertura do Festival Gastron\u00f4mico e a Vesperata do Corretor Real. No dia 7, a energia do Bat Caverna toma conta da Pra\u00e7a do Mercado Velho. A Orquestra de Diamantina sobe ao palco no dia 8, preparando o clima para a emocionante Vesperata dos Pais, no dia 9. Nomes como Edu Lemos, Jo\u00e3o Ramalho, Peju Groove e Toni Garrido agitam o p\u00fablico nos dias 14 e 15. Dia 16 Pod\u00e9&amp;Lelo encerra a primeira etapa do festival.<\/p>\n\n\n\n<p>J\u00e1 o segundo final de semana, de 21 a 23 de agosto, \u00e9 uma verdadeira pr\u00e9via do Carnaval 2026 \u2014 uma programa\u00e7\u00e3o intensa e diversa que mistura ritmos e celebra a pluralidade da cultura popular. No dia 21, o p\u00fablico curte os shows de Malu Costa, com muito ax\u00e9, e de Adriana Ara\u00fajo, representando o samba feminino. No dia 22, o consagrado grupo Fundo de Quintal comanda uma roda de samba e, no dia 23, o encerramento \u00e9 por conta da tradicional Carnaverata, que marca oficialmente o lan\u00e7amento do Carnaval 2026 em Diamantina.<\/p>\n\n\n\n<p>Durante a Carnaverata, a folia toma conta das ruas com os blocos Me Ampara Se N\u00e3o Eu Caio e Sapo Seco, al\u00e9m dos shows contagiantes da Bartucada Diamantina e da banda T\u00f4 Chegando, garantindo a anima\u00e7\u00e3o at\u00e9 altas horas.<\/p>\n\n\n\n<p>Para quem busca ainda mais experi\u00eancias, h\u00e1 passeios panor\u00e2micos de bal\u00e3o e trilhas ecol\u00f3gicas nos arredores da cidade. E para os apreciadores de vinho e cerveja artesanal, Diamantina oferece sete vin\u00edcolas com experi\u00eancias harmonizadas e cinco cervejarias artesanais, que completam o roteiro sensorial do festival.<\/p>\n\n\n\n<p>Mais do que um evento, o Festival de Inverno de Diamantina \u00e9 uma celebra\u00e7\u00e3o da arte, do pertencimento e do futuro \u2014 um encontro entre tradi\u00e7\u00e3o e inova\u00e7\u00e3o que aquece os cora\u00e7\u00f5es mesmo nas noites mais frias. E este ano, com o lan\u00e7amento oficial do Carnaval 2026, a cidade convida o Brasil inteiro a viver a cultura mineira em sua forma mais vibrante e inesquec\u00edvel.<\/p>\n\n\n\n<figure class=\"wp-block-gallery has-nested-images columns-default is-cropped wp-block-gallery-1 is-layout-flex wp-block-gallery-is-layout-flex\">\n<figure class=\"wp-block-image size-large\"><a href=\"https:\/\/novosaopaulo.com.br\/n1\/wp-content\/uploads\/2025\/08\/WhatsApp-Image-2025-08-11-at-13.09.22.jpeg\" target=\"_blank\" rel=\"noopener\"><img fetchpriority=\"high\" decoding=\"async\" width=\"1024\" height=\"574\" data-id=\"25337\" src=\"https:\/\/novosaopaulo.com.br\/n1\/wp-content\/uploads\/2025\/08\/WhatsApp-Image-2025-08-11-at-13.09.22-1024x574.jpeg\" alt=\"\" class=\"wp-image-25337\" srcset=\"https:\/\/novosaopaulo.com.br\/n1\/wp-content\/uploads\/2025\/08\/WhatsApp-Image-2025-08-11-at-13.09.22-1024x574.jpeg 1024w, https:\/\/novosaopaulo.com.br\/n1\/wp-content\/uploads\/2025\/08\/WhatsApp-Image-2025-08-11-at-13.09.22-300x168.jpeg 300w, https:\/\/novosaopaulo.com.br\/n1\/wp-content\/uploads\/2025\/08\/WhatsApp-Image-2025-08-11-at-13.09.22-768x431.jpeg 768w, https:\/\/novosaopaulo.com.br\/n1\/wp-content\/uploads\/2025\/08\/WhatsApp-Image-2025-08-11-at-13.09.22.jpeg 1280w\" sizes=\"(max-width: 1024px) 100vw, 1024px\" \/><\/a><\/figure>\n\n\n\n<figure class=\"wp-block-image size-large\"><a href=\"https:\/\/novosaopaulo.com.br\/n1\/wp-content\/uploads\/2025\/08\/WhatsApp-Image-2025-08-11-at-13.09.21-1.jpeg\" target=\"_blank\" rel=\"noopener\"><img decoding=\"async\" width=\"1024\" height=\"574\" data-id=\"25338\" src=\"https:\/\/novosaopaulo.com.br\/n1\/wp-content\/uploads\/2025\/08\/WhatsApp-Image-2025-08-11-at-13.09.21-1-1024x574.jpeg\" alt=\"\" class=\"wp-image-25338\" srcset=\"https:\/\/novosaopaulo.com.br\/n1\/wp-content\/uploads\/2025\/08\/WhatsApp-Image-2025-08-11-at-13.09.21-1-1024x574.jpeg 1024w, https:\/\/novosaopaulo.com.br\/n1\/wp-content\/uploads\/2025\/08\/WhatsApp-Image-2025-08-11-at-13.09.21-1-300x168.jpeg 300w, https:\/\/novosaopaulo.com.br\/n1\/wp-content\/uploads\/2025\/08\/WhatsApp-Image-2025-08-11-at-13.09.21-1-768x431.jpeg 768w, https:\/\/novosaopaulo.com.br\/n1\/wp-content\/uploads\/2025\/08\/WhatsApp-Image-2025-08-11-at-13.09.21-1.jpeg 1280w\" sizes=\"(max-width: 1024px) 100vw, 1024px\" \/><\/a><\/figure>\n<\/figure>\n","protected":false},"excerpt":{"rendered":"<p>Entre os dias 6 e 23 de agosto, a cidade hist\u00f3rica de Diamantina, reconhecida como&#8230;<\/p>\n","protected":false},"author":1,"featured_media":25339,"comment_status":"open","ping_status":"open","sticky":false,"template":"","format":"standard","meta":{"footnotes":""},"categories":[2,45],"tags":[],"featured_image_urls":{"full":["https:\/\/novosaopaulo.com.br\/n1\/wp-content\/uploads\/2025\/08\/WhatsApp-Image-2025-08-11-at-13.09.21.jpeg",1280,718,false],"thumbnail":["https:\/\/novosaopaulo.com.br\/n1\/wp-content\/uploads\/2025\/08\/WhatsApp-Image-2025-08-11-at-13.09.21-150x150.jpeg",150,150,true],"medium":["https:\/\/novosaopaulo.com.br\/n1\/wp-content\/uploads\/2025\/08\/WhatsApp-Image-2025-08-11-at-13.09.21-300x168.jpeg",300,168,true],"medium_large":["https:\/\/novosaopaulo.com.br\/n1\/wp-content\/uploads\/2025\/08\/WhatsApp-Image-2025-08-11-at-13.09.21-768x431.jpeg",640,359,true],"large":["https:\/\/novosaopaulo.com.br\/n1\/wp-content\/uploads\/2025\/08\/WhatsApp-Image-2025-08-11-at-13.09.21-1024x574.jpeg",640,359,true],"1536x1536":["https:\/\/novosaopaulo.com.br\/n1\/wp-content\/uploads\/2025\/08\/WhatsApp-Image-2025-08-11-at-13.09.21.jpeg",1280,718,false],"2048x2048":["https:\/\/novosaopaulo.com.br\/n1\/wp-content\/uploads\/2025\/08\/WhatsApp-Image-2025-08-11-at-13.09.21.jpeg",1280,718,false],"newsever-slider-full":["https:\/\/novosaopaulo.com.br\/n1\/wp-content\/uploads\/2025\/08\/WhatsApp-Image-2025-08-11-at-13.09.21.jpeg",1280,718,false],"newsever-featured":["https:\/\/novosaopaulo.com.br\/n1\/wp-content\/uploads\/2025\/08\/WhatsApp-Image-2025-08-11-at-13.09.21-1024x574.jpeg",1024,574,true],"newsever-medium":["https:\/\/novosaopaulo.com.br\/n1\/wp-content\/uploads\/2025\/08\/WhatsApp-Image-2025-08-11-at-13.09.21-720x475.jpeg",720,475,true]},"author_info":{"display_name":"Reda\u00e7\u00e3o","author_link":"https:\/\/novosaopaulo.com.br\/n1\/author\/g5poa\/"},"category_info":"<a href=\"https:\/\/novosaopaulo.com.br\/n1\/category\/cidades\/\" rel=\"category tag\">Cidades<\/a> <a href=\"https:\/\/novosaopaulo.com.br\/n1\/category\/cultura\/\" rel=\"category tag\">Cultura<\/a>","tag_info":"Cultura","comment_count":"0","_links":{"self":[{"href":"https:\/\/novosaopaulo.com.br\/n1\/wp-json\/wp\/v2\/posts\/25336"}],"collection":[{"href":"https:\/\/novosaopaulo.com.br\/n1\/wp-json\/wp\/v2\/posts"}],"about":[{"href":"https:\/\/novosaopaulo.com.br\/n1\/wp-json\/wp\/v2\/types\/post"}],"author":[{"embeddable":true,"href":"https:\/\/novosaopaulo.com.br\/n1\/wp-json\/wp\/v2\/users\/1"}],"replies":[{"embeddable":true,"href":"https:\/\/novosaopaulo.com.br\/n1\/wp-json\/wp\/v2\/comments?post=25336"}],"version-history":[{"count":1,"href":"https:\/\/novosaopaulo.com.br\/n1\/wp-json\/wp\/v2\/posts\/25336\/revisions"}],"predecessor-version":[{"id":25340,"href":"https:\/\/novosaopaulo.com.br\/n1\/wp-json\/wp\/v2\/posts\/25336\/revisions\/25340"}],"wp:featuredmedia":[{"embeddable":true,"href":"https:\/\/novosaopaulo.com.br\/n1\/wp-json\/wp\/v2\/media\/25339"}],"wp:attachment":[{"href":"https:\/\/novosaopaulo.com.br\/n1\/wp-json\/wp\/v2\/media?parent=25336"}],"wp:term":[{"taxonomy":"category","embeddable":true,"href":"https:\/\/novosaopaulo.com.br\/n1\/wp-json\/wp\/v2\/categories?post=25336"},{"taxonomy":"post_tag","embeddable":true,"href":"https:\/\/novosaopaulo.com.br\/n1\/wp-json\/wp\/v2\/tags?post=25336"}],"curies":[{"name":"wp","href":"https:\/\/api.w.org\/{rel}","templated":true}]}}