{"id":25334,"date":"2025-08-11T12:30:03","date_gmt":"2025-08-11T15:30:03","guid":{"rendered":"https:\/\/novosaopaulo.com.br\/n1\/?p=25334"},"modified":"2025-08-11T12:30:04","modified_gmt":"2025-08-11T15:30:04","slug":"tempo-de-sobressalto-e-preocupacao","status":"publish","type":"post","link":"https:\/\/novosaopaulo.com.br\/n1\/tempo-de-sobressalto-e-preocupacao\/","title":{"rendered":"Tempo de sobressalto e preocupa\u00e7\u00e3o"},"content":{"rendered":"\n<p>A semana que come\u00e7a \u00e9 uma daquelas que prometem muita emo\u00e7\u00e3o, susto e sobressalto. E ningu\u00e9m, em s\u00e3 consci\u00eancia, \u00e9 capaz de prever, com certa seguran\u00e7a, como poder\u00e1 terminar e o que deixar\u00e1 encaminhado.<br>Desde o \u00faltimo dia 6, os produtos brasileiros s\u00e3o tarifados em 50% do seu pre\u00e7o quando desembarcam nos EUA, e ainda n\u00e3o h\u00e1 o menor sinal de encontro dos presidentes Lula e Trump para a tentativa de acordo. Pelo contr\u00e1rio, h\u00e1 a amea\u00e7a de mais san\u00e7\u00f5es ao Governo, Judici\u00e1rio e at\u00e9 a parlamentares, com s\u00e9rias repercuss\u00f5es na Economia nacional. Os governadores se esfor\u00e7am para diminuir o impacto, mas tudo ainda \u00e9 inc\u00f3gnita.<br>S\u00e3o formuladas graves den\u00fancias de fraudes nas elei\u00e7\u00f5es brasileiras de 2022, onde Lula ganhou de Bolsonaro. Tais a\u00e7\u00f5es, supostamente executadas \u00e0 soldo do governo democrata norte-americano presidido por Joe Biden e operadas por \u00f3rg\u00e3os p\u00fablicos, empresas e cidad\u00e3os em preju\u00edzo ao ordenamento jur\u00eddico. Ex-assessores denunciam, ainda, irregularidades no Supremo Tribunal Federal. Senadores e deputados oposicionistas impediram o trabalho das sess\u00f5es do Congresso Nacional na volta do recesso e agora s\u00e3o amea\u00e7ados de puni\u00e7\u00e3o. As redes sociais fervilham com informa\u00e7\u00f5es catastr\u00f3ficas, dif\u00edceis de sabermos se verdadeiras ou falsas.<br>O notici\u00e1rio internacional diz que o presidente Trump &#8211; que oferece pr\u00eamio de US$ 50 milh\u00f5es a quem der informa\u00e7\u00f5es que levem \u00e0 pris\u00e3o de Nicol\u00e1s Maduro, presidente da Venezuela, cuja reelei\u00e7\u00e3o \u00e9 contestada &#8211; j\u00e1 teria tropas posicionadas para prender o governante. Tamb\u00e9m se afirma que o chefe do governo estadunidense ordenou que os militares do seu pa\u00eds intervenham no combate \u00e0s fac\u00e7\u00f5es criminosas e ao narcotr\u00e1fico nos diferentes pa\u00edses, inclusive no Brasil.<br>A n\u00f3s, brasileiros, a maior expectativa se encontra no Congresso, onde est\u00e3o pendentes a anistia aos envolvidos em 8 de janeiro \u2013 agora favorecidos pelas den\u00fancias de que teriam sido v\u00edtimas de ilegalidades nas apura\u00e7\u00f5es e pris\u00e3o -, a PEC que revoga o foro privilegiado e retira os parlamentares do julgamento no STF. O projeto que acaba com a reelei\u00e7\u00e3o para presidente, governador e prefeito \u00e9 outra mat\u00e9ria explosiva. Mas nem tanto quanto a tramita\u00e7\u00e3o de pedidos de impeachment de autoridades.<br>Semana passada foi apresentado, com 41 assinaturas, novo requerimento de afastamento do ministro de Moraes, sancionado pelos Estados Unidos. Mas o presidente do Senado, Davi Alcolumbre, disse que n\u00e3o pautar\u00e1 a mat\u00e9ria, mesmo que todos os 81 senadores tivessem assinado.<br>Sem entrar no m\u00e9rito da proposta, somos de opini\u00e3o que o presidente da casa legislativa n\u00e3o deveria engavetar os pedidos de afastamento das autoridades denunciadas. Eles o fazem h\u00e1 pelo menos 30 anos, mas isso \u00e9 um mal tanto ao Pa\u00eds quanto aos denunciados. A Lei do Impeachment, em vigor desde 1950, estabelece que os pedidos protocolados na C\u00e2mara (contra o presidente da Rep\u00fablica) e no Senado (rela\u00e7\u00e3o a ministros dos tribunais superiores) devem ser apresentados ao plen\u00e1rio na sess\u00e3o seguinte \u00e0 entrada. Sua tramita\u00e7\u00e3o, al\u00e9m de cumprir a lei, ainda poder\u00e1 oferecer oportunidade de defesa aos acusados. \u00c9 um aleij\u00e3o jur\u00eddico que precisa ser corrigido.<br>O Pa\u00eds precisa resolver essas pend\u00eancias da melhor forma. Cumprir exemplarmente a Constitui\u00e7\u00e3o e o ordenamento jur\u00eddico dela decorrente. Do contr\u00e1rio, h\u00e1 o risco de nos tornarmos p\u00e1rias globais e perdermos o respeito internacional de que ainda desfrutamos. Que cada brasileiro, especialmente os mandatos e de algum tipo de poder, cumpra integralmente seus deveres para com a P\u00e1tria.<br>Tenente Dirceu Cardoso Gon\u00e7alves &#8211; dirigente da ASPOMIL (Associa\u00e7\u00e3o de Assist\u00eancia Social dos Policiais Militares de S\u00e3o Paulo).<\/p>\n","protected":false},"excerpt":{"rendered":"<p>A semana que come\u00e7a \u00e9 uma daquelas que prometem muita emo\u00e7\u00e3o, susto e sobressalto. E&#8230;<\/p>\n","protected":false},"author":1,"featured_media":23327,"comment_status":"open","ping_status":"open","sticky":false,"template":"","format":"standard","meta":{"footnotes":""},"categories":[2],"tags":[],"featured_image_urls":{"full":["https:\/\/novosaopaulo.com.br\/n1\/wp-content\/uploads\/2025\/04\/Tenente-Dirceu-Cardoso-Goncalves.jpg",600,564,false],"thumbnail":["https:\/\/novosaopaulo.com.br\/n1\/wp-content\/uploads\/2025\/04\/Tenente-Dirceu-Cardoso-Goncalves-150x150.jpg",150,150,true],"medium":["https:\/\/novosaopaulo.com.br\/n1\/wp-content\/uploads\/2025\/04\/Tenente-Dirceu-Cardoso-Goncalves-300x282.jpg",300,282,true],"medium_large":["https:\/\/novosaopaulo.com.br\/n1\/wp-content\/uploads\/2025\/04\/Tenente-Dirceu-Cardoso-Goncalves.jpg",600,564,false],"large":["https:\/\/novosaopaulo.com.br\/n1\/wp-content\/uploads\/2025\/04\/Tenente-Dirceu-Cardoso-Goncalves.jpg",600,564,false],"1536x1536":["https:\/\/novosaopaulo.com.br\/n1\/wp-content\/uploads\/2025\/04\/Tenente-Dirceu-Cardoso-Goncalves.jpg",600,564,false],"2048x2048":["https:\/\/novosaopaulo.com.br\/n1\/wp-content\/uploads\/2025\/04\/Tenente-Dirceu-Cardoso-Goncalves.jpg",600,564,false],"newsever-slider-full":["https:\/\/novosaopaulo.com.br\/n1\/wp-content\/uploads\/2025\/04\/Tenente-Dirceu-Cardoso-Goncalves.jpg",600,564,false],"newsever-featured":["https:\/\/novosaopaulo.com.br\/n1\/wp-content\/uploads\/2025\/04\/Tenente-Dirceu-Cardoso-Goncalves.jpg",600,564,false],"newsever-medium":["https:\/\/novosaopaulo.com.br\/n1\/wp-content\/uploads\/2025\/04\/Tenente-Dirceu-Cardoso-Goncalves-600x475.jpg",600,475,true]},"author_info":{"display_name":"Reda\u00e7\u00e3o","author_link":"https:\/\/novosaopaulo.com.br\/n1\/author\/g5poa\/"},"category_info":"<a href=\"https:\/\/novosaopaulo.com.br\/n1\/category\/cidades\/\" rel=\"category tag\">Cidades<\/a>","tag_info":"Cidades","comment_count":"0","_links":{"self":[{"href":"https:\/\/novosaopaulo.com.br\/n1\/wp-json\/wp\/v2\/posts\/25334"}],"collection":[{"href":"https:\/\/novosaopaulo.com.br\/n1\/wp-json\/wp\/v2\/posts"}],"about":[{"href":"https:\/\/novosaopaulo.com.br\/n1\/wp-json\/wp\/v2\/types\/post"}],"author":[{"embeddable":true,"href":"https:\/\/novosaopaulo.com.br\/n1\/wp-json\/wp\/v2\/users\/1"}],"replies":[{"embeddable":true,"href":"https:\/\/novosaopaulo.com.br\/n1\/wp-json\/wp\/v2\/comments?post=25334"}],"version-history":[{"count":1,"href":"https:\/\/novosaopaulo.com.br\/n1\/wp-json\/wp\/v2\/posts\/25334\/revisions"}],"predecessor-version":[{"id":25335,"href":"https:\/\/novosaopaulo.com.br\/n1\/wp-json\/wp\/v2\/posts\/25334\/revisions\/25335"}],"wp:featuredmedia":[{"embeddable":true,"href":"https:\/\/novosaopaulo.com.br\/n1\/wp-json\/wp\/v2\/media\/23327"}],"wp:attachment":[{"href":"https:\/\/novosaopaulo.com.br\/n1\/wp-json\/wp\/v2\/media?parent=25334"}],"wp:term":[{"taxonomy":"category","embeddable":true,"href":"https:\/\/novosaopaulo.com.br\/n1\/wp-json\/wp\/v2\/categories?post=25334"},{"taxonomy":"post_tag","embeddable":true,"href":"https:\/\/novosaopaulo.com.br\/n1\/wp-json\/wp\/v2\/tags?post=25334"}],"curies":[{"name":"wp","href":"https:\/\/api.w.org\/{rel}","templated":true}]}}