{"id":25311,"date":"2025-08-08T18:59:42","date_gmt":"2025-08-08T21:59:42","guid":{"rendered":"https:\/\/novosaopaulo.com.br\/n1\/?p=25311"},"modified":"2025-08-08T18:59:43","modified_gmt":"2025-08-08T21:59:43","slug":"a-diplomacia-empresarial-na-fiesp","status":"publish","type":"post","link":"https:\/\/novosaopaulo.com.br\/n1\/a-diplomacia-empresarial-na-fiesp\/","title":{"rendered":"A diplomacia empresarial na Fiesp"},"content":{"rendered":"\n<p>O empres\u00e1rio Paulo Skaf \u2013 que j\u00e1 presidiu a Fiesp (Federa\u00e7\u00e3o das Ind\u00fastrias do Estado de S\u00e3o Paulo) entre 2004 e 2021 \u2013 foi eleito na \u00faltima segunda-feira (04) para mais uma mandato presidencial de quatro anos, que se iniciar\u00e1 em janeiro. O l\u00edder volta num momento cr\u00edtico para o setor, motivado pelo tarifa\u00e7o que os Estados Unidos impuseram \u00e0s importa\u00e7\u00f5es dos produtos brasileiros por aquele pa\u00eds. Por conta disso, j\u00e1 se prepara para implementar um programa que denominou \u201cdiplomacia empresarial\u201d. O objetivo \u00e9 desenvolver demandas e solu\u00e7\u00f5es para o problema de relacionamento entre compradores e vendedores e se esfor\u00e7ar por ter as decis\u00f5es aceitas e respeitadas pelos governos. A a\u00e7\u00e3o inicial se dar\u00e1 entre Brasil e Estados Unidos em fun\u00e7\u00e3o do tarifa\u00e7o e outras dificuldades que v\u00eam tumultuando a rela\u00e7\u00e3o entre as duas na\u00e7\u00f5es, mas o prop\u00f3sito \u00e9 que o projeto se empenhe tamb\u00e9m com outros pa\u00edses onde as rela\u00e7\u00f5es com o Brasil tenham dificuldades ou possam ser dinamizadas. O trabalho ser\u00e1 pilotado pelo embaixador brasileiro Roberto Azevedo, ex-presidente da OMC (Organiza\u00e7\u00e3o Mundial do Com\u00e9rcio) que, convidado, j\u00e1 aceitou a miss\u00e3o.<br>Skaf projeta que a Fiesp seja um foro permanente para a discuss\u00e3o e encaminhamento dos assuntos do interesse do setor industrial e, na medida do poss\u00edvel, possa mitigar os problemas no seu surgimento, evitando surpresas como as de hoje em que chegamos ao ponto de sermos sancionados e ainda n\u00e3o temos a expectativa de um encontro entre os presidentes Donald Trump e Lula da Silva, os \u00fanicos capazes de negociar e decidir ainda durante ou ao final da negocia\u00e7\u00e3o.<br>A id\u00e9ia \u00e9 blindar os interesses econ\u00f4micos e empresariais em rela\u00e7\u00e3o aos acontecimentos pol\u00edticos e sociais.<br>O empres\u00e1rio enfatizou, em longa entrevista ao \u201cEstad\u00e3o\u201d a necessidade de separa\u00e7\u00e3o das \u00e1reas de interesse para que uma n\u00e3o atrapalhe as outras. Criticou a postura do presidente Lula sobre suas falas contra Trump, as rela\u00e7\u00f5es pr\u00f3ximas ao Ir\u00e3, a presen\u00e7a de navios iranianos atracados no Brasil, sua ida \u00e0 Uni\u00e3o Sovi\u00e9tica para a festa do Dia da Vit\u00f3ria, a defesa da desdolariza\u00e7\u00e3o do mercado internacional e outros temas gravosos aos Estados Unidos. Sua percep\u00e7\u00e3o \u00e9 de que o Brasil, que tinha tarifa de 10% antes da crise, n\u00e3o a teria subido para 50% sem a exist\u00eancia do contencioso que n\u00e3o nos trouxe qualquer tipo de vantagem. Falou ainda que n\u00e3o devemos nos distanciar dos EUA, que \u00e9 o maior importador de produtos brasileiros, e grande investidor de capital daquele pa\u00eds em empresas brasileiras, que somam 27% de todo o investimento estrangeiro no pa\u00eds, um total de US$ 300 bilh\u00f5es.<br>Espera-se que, ao tomar posse daqui a cinco meses, Skaf encontre o ambiente apropriado para colocar seus planos em pr\u00e1tica e estes levem o empresariado brasileiro e norte-americano ao lucro e pacifica\u00e7\u00e3o. J\u00e1 temos o exemplo da Embraer que, ao identificar a chegada da crise, negociou com seus parceiros melhores relacionamento e isso levou a deix\u00e1-la fora do tarifa\u00e7o, assim como outros setores que nos s\u00e3o importantes.<br>Pensamos que o Brasil, com grande capacidade de produ\u00e7\u00e3o e disponibiliza\u00e7\u00e3o de produtos para o mercado, deve cuidar-se para n\u00e3o se envolver em pol\u00eamicas alheias que nada trazem de benef\u00edcio mas podem causar grandes danos \u00e0 Economia e, no final da linha, ao desemprego e sofrimento da popula\u00e7\u00e3o. Todo o contencioso atual j\u00e1 est\u00e1 formado. Oxal\u00e1 os governos \u2013 tanto o daqui quanto o de l\u00e1 trabalhem no p\u00f3lo positivo de forma a n\u00e3o agravar ainda mais a situa\u00e7\u00e3o. Problemas que sejam sociais, legais ou pol\u00edticos devem ser tratados na respectiva \u00e1rea e \u2013 para o bem geral \u2013 jamais serem levados a interferir no relacionamento comercial das na\u00e7\u00f5es. Tanto Brasil quanto Estados Unidos possuem diplomacias de reconhecida compet\u00eancia e tradi\u00e7\u00e3o, que j\u00e1 resolveram grandes problemas no concerto universal. Os governos n\u00e3o podem prescindir dessa compet\u00eancia, por mais que isso possa agitar a vaidade e at\u00e9 os interesses eleitoreiros dos seus governantes. Governo bom n\u00e3o \u00e9 aquele que ganha uma contenda verbal, mas o que resolve problemas e com isso melhora as condi\u00e7\u00f5es de vida da popula\u00e7\u00e3o.<br>Acreditamos que Paulo Skaf, com sua lideran\u00e7a pessoal, a comprovada compet\u00eancia daqueles que o cercam e a for\u00e7a da Fiesp, ser\u00e1 capaz de incentivar outros segmentos empresariais brasileiros \u00e0 busca de solu\u00e7\u00f5es das dificuldades com pa\u00edses e parceiros. S\u00f3 dessa forma \u00e9 que conseguir\u00e3o contribuir para o avan\u00e7o da nossa sociedade\u2026<br>Tenente Dirceu Cardoso Gon\u00e7alves &#8211; dirigente da ASPOMIL (Associa\u00e7\u00e3o de Assist. Social dos Policiais Militares de S\u00e3o Paulo).<\/p>\n","protected":false},"excerpt":{"rendered":"<p>O empres\u00e1rio Paulo Skaf \u2013 que j\u00e1 presidiu a Fiesp (Federa\u00e7\u00e3o das Ind\u00fastrias do Estado&#8230;<\/p>\n","protected":false},"author":1,"featured_media":23327,"comment_status":"open","ping_status":"open","sticky":false,"template":"","format":"standard","meta":{"footnotes":""},"categories":[2],"tags":[],"featured_image_urls":{"full":["https:\/\/novosaopaulo.com.br\/n1\/wp-content\/uploads\/2025\/04\/Tenente-Dirceu-Cardoso-Goncalves.jpg",600,564,false],"thumbnail":["https:\/\/novosaopaulo.com.br\/n1\/wp-content\/uploads\/2025\/04\/Tenente-Dirceu-Cardoso-Goncalves-150x150.jpg",150,150,true],"medium":["https:\/\/novosaopaulo.com.br\/n1\/wp-content\/uploads\/2025\/04\/Tenente-Dirceu-Cardoso-Goncalves-300x282.jpg",300,282,true],"medium_large":["https:\/\/novosaopaulo.com.br\/n1\/wp-content\/uploads\/2025\/04\/Tenente-Dirceu-Cardoso-Goncalves.jpg",600,564,false],"large":["https:\/\/novosaopaulo.com.br\/n1\/wp-content\/uploads\/2025\/04\/Tenente-Dirceu-Cardoso-Goncalves.jpg",600,564,false],"1536x1536":["https:\/\/novosaopaulo.com.br\/n1\/wp-content\/uploads\/2025\/04\/Tenente-Dirceu-Cardoso-Goncalves.jpg",600,564,false],"2048x2048":["https:\/\/novosaopaulo.com.br\/n1\/wp-content\/uploads\/2025\/04\/Tenente-Dirceu-Cardoso-Goncalves.jpg",600,564,false],"newsever-slider-full":["https:\/\/novosaopaulo.com.br\/n1\/wp-content\/uploads\/2025\/04\/Tenente-Dirceu-Cardoso-Goncalves.jpg",600,564,false],"newsever-featured":["https:\/\/novosaopaulo.com.br\/n1\/wp-content\/uploads\/2025\/04\/Tenente-Dirceu-Cardoso-Goncalves.jpg",600,564,false],"newsever-medium":["https:\/\/novosaopaulo.com.br\/n1\/wp-content\/uploads\/2025\/04\/Tenente-Dirceu-Cardoso-Goncalves-600x475.jpg",600,475,true]},"author_info":{"display_name":"Reda\u00e7\u00e3o","author_link":"https:\/\/novosaopaulo.com.br\/n1\/author\/g5poa\/"},"category_info":"<a href=\"https:\/\/novosaopaulo.com.br\/n1\/category\/cidades\/\" rel=\"category tag\">Cidades<\/a>","tag_info":"Cidades","comment_count":"0","_links":{"self":[{"href":"https:\/\/novosaopaulo.com.br\/n1\/wp-json\/wp\/v2\/posts\/25311"}],"collection":[{"href":"https:\/\/novosaopaulo.com.br\/n1\/wp-json\/wp\/v2\/posts"}],"about":[{"href":"https:\/\/novosaopaulo.com.br\/n1\/wp-json\/wp\/v2\/types\/post"}],"author":[{"embeddable":true,"href":"https:\/\/novosaopaulo.com.br\/n1\/wp-json\/wp\/v2\/users\/1"}],"replies":[{"embeddable":true,"href":"https:\/\/novosaopaulo.com.br\/n1\/wp-json\/wp\/v2\/comments?post=25311"}],"version-history":[{"count":1,"href":"https:\/\/novosaopaulo.com.br\/n1\/wp-json\/wp\/v2\/posts\/25311\/revisions"}],"predecessor-version":[{"id":25312,"href":"https:\/\/novosaopaulo.com.br\/n1\/wp-json\/wp\/v2\/posts\/25311\/revisions\/25312"}],"wp:featuredmedia":[{"embeddable":true,"href":"https:\/\/novosaopaulo.com.br\/n1\/wp-json\/wp\/v2\/media\/23327"}],"wp:attachment":[{"href":"https:\/\/novosaopaulo.com.br\/n1\/wp-json\/wp\/v2\/media?parent=25311"}],"wp:term":[{"taxonomy":"category","embeddable":true,"href":"https:\/\/novosaopaulo.com.br\/n1\/wp-json\/wp\/v2\/categories?post=25311"},{"taxonomy":"post_tag","embeddable":true,"href":"https:\/\/novosaopaulo.com.br\/n1\/wp-json\/wp\/v2\/tags?post=25311"}],"curies":[{"name":"wp","href":"https:\/\/api.w.org\/{rel}","templated":true}]}}