{"id":25282,"date":"2025-08-07T18:24:30","date_gmt":"2025-08-07T21:24:30","guid":{"rendered":"https:\/\/novosaopaulo.com.br\/n1\/?p=25282"},"modified":"2025-08-07T18:25:04","modified_gmt":"2025-08-07T21:25:04","slug":"mostra-da-artista-cynthia-pimentel-na-lacerdine-galeria-de-arte-apresenta-macro-telas-de-imersao-cromatica-e-sensorial","status":"publish","type":"post","link":"https:\/\/novosaopaulo.com.br\/n1\/mostra-da-artista-cynthia-pimentel-na-lacerdine-galeria-de-arte-apresenta-macro-telas-de-imersao-cromatica-e-sensorial\/","title":{"rendered":"Mostra da artista Cynthia Pimentel na Lacerdine Galeria de Arte apresenta macro-telas de imers\u00e3o crom\u00e1tica e sensorial"},"content":{"rendered":"\n<p>Vernissage acontece na quinta-feira (14\/8), \u00e0s 19 horas, e exposi\u00e7\u00e3o fica at\u00e9 o fim de m\u00eas<\/p>\n\n\n\n<p>A Lacerdine Galeria de Arte promove de 14 a 28 de agosto, a mostra \u2018Mono\u2019 da artista visual Cynthia Pimentel, que oferece uma experi\u00eancia imersiva e sensorial por meio da varia\u00e7\u00e3o crom\u00e1tica. S\u00e3o 31 telas, entre m\u00e9dio e grande formatos, marcadas por varia\u00e7\u00f5es crom\u00e1ticas sutis, sobreposi\u00e7\u00f5es delicadas e uma presen\u00e7a silenciosamente intensa. A artista utiliza especialmente tinta acr\u00edlica para criar superf\u00edcies que sugerem atmosferas, mem\u00f3rias e sensa\u00e7\u00f5es, conduzindo o olhar por uma experi\u00eancia emocional. Na vernissage, quinta-feira, 14, \u00e0s 19 horas, haver\u00e1 apresenta\u00e7\u00e3o do Trio de Jazz Varella.<\/p>\n\n\n\n<p>Formada em arquitetura, Cynthia construiu uma carreira s\u00f3lida e reconhecida na concep\u00e7\u00e3o e execu\u00e7\u00e3o de projetos arquitet\u00f4nicos. Ao longo dos anos, a arte sempre ocupou um lugar central em sua pr\u00e1tica criativa, at\u00e9 tornar-se seu principal foco de express\u00e3o. A passagem para as artes visuais foi um desdobramento espont\u00e2neo na sua trajet\u00f3ria e, atualmente, a artista investiga as rela\u00e7\u00f5es entre espa\u00e7o, tempo, mat\u00e9ria e afeto a partir da pintura.<\/p>\n\n\n\n<p>\u201cMeu trabalho parte do sil\u00eancio. As varia\u00e7\u00f5es m\u00ednimas de cor e textura provocam uma desacelera\u00e7\u00e3o no olhar. \u00c9 uma maneira de mergulhar na presen\u00e7a do invis\u00edvel, uma<\/p>\n\n\n\n<p>mem\u00f3ria, um sentimento, algo que n\u00e3o se diz, mas que est\u00e1 ali. A pintura me permite construir essas camadas de intensidade que despertam sensa\u00e7\u00f5es \u00fanicas em cada observador\u201d, conta Cynthia.<\/p>\n\n\n\n<p>\u201cAs telas se abrem como janelas emotivas e um convite para um universo de lembran\u00e7as, descobertas e sensibilidade. Em dimens\u00f5es ampliadas, cada obra revela uma presen\u00e7a marcante, como um sussurro de sentimentos. As camadas sutis de cores entrela\u00e7am-se em profundidade, mergulhando o observador em sua imagina\u00e7\u00e3o. Meus trabalhos despertam um estado de poesia silenciosa, os aromas do passado, o vislumbre do novo e uma nova sensa\u00e7\u00e3o em cada olhar, lembrando que a alma \u00e9 um mist\u00e9rio\u201d, completa a artista carioca.<\/p>\n\n\n\n<p>Nos \u00faltimos anos, Cynthia tem se dedicado \u00e0 abstra\u00e7\u00e3o como linguagem principal, explorando superf\u00edcies amplas e atmosferas visuais que inspiram a reconex\u00e3o e autopercep\u00e7\u00e3o. Em 2024, levou sua produ\u00e7\u00e3o para eventos internacionais, como a ArtExpo New York (EUA), International Contemporary Fair em Paris (Fran\u00e7a), International Montju\u00efc Fair em Barcelona (Espanha) e a Gaudi Art Gallery em Madri (Espanha). No Brasil, participou de mostras em S\u00e3o Paulo e no interior, com destaque para a Galeria Gare, Galeria Marcelo Neves, La Galerie de Arte e Art A3.<\/p>\n\n\n\n<p>\u201cPara a galeria \u00e9 uma grande satisfa\u00e7\u00e3o receber Cynthia Pimentel, com suas pinturas que oferecem essa incr\u00edvel experi\u00eancia imersiva e sensorial\u201d, afirma o artista expressionista contempor\u00e2neo Geraldo Lacerdine, fundador e curador da Lacerdine Galeria de Arte. \u201cConvido a todos para essa imers\u00e3o muito gratificante\u201d, conclui.<\/p>\n\n\n\n<p>Para a vernissage (14) \u00e9 necess\u00e1rio confirmar presen\u00e7a por meio deste Link.<\/p>\n\n\n\n<p>Sobre a Galeria &#8211; Inaugurada em fevereiro de 2025, a Lacerdine Galeria de Arte \u00e9 um espa\u00e7o multicultural voltado \u00e0 arte contempor\u00e2nea, ao di\u00e1logo e \u00e0 inclus\u00e3o. Unindo exposi\u00e7\u00f5es, eventos perform\u00e1ticos, cinema e encontros art\u00edsticos, a galeria busca democratizar o acesso \u00e0 arte e promover o interc\u00e2mbio entre diferentes express\u00f5es e p\u00fablicos. Instagram: @lacerdine @cafefalasartes<\/p>\n\n\n\n<p>Exposi\u00e7\u00e3o \u2018Mono\u2019 de Cynthia Pimentel<br>Lacerdine Galeria de Arte<br>Avenida Ang\u00e9lica 2578, Higien\u00f3polis.<br>Vernissage dia 14 de agosto, das 19 \u00e0s 22h (confirmar presen\u00e7a neste Link)<br>Demais dias at\u00e9 28 de agosto, das 10 \u00e0s 19h (Gr\u00e1tis)<\/p>\n\n\n\n<p>Artista e arquiteta Cynthia Pimentel<br>Cr\u00e9dito: Celina Germer<\/p>\n","protected":false},"excerpt":{"rendered":"<p>Vernissage acontece na quinta-feira (14\/8), \u00e0s 19 horas, e exposi\u00e7\u00e3o fica at\u00e9 o fim de&#8230;<\/p>\n","protected":false},"author":1,"featured_media":25283,"comment_status":"open","ping_status":"open","sticky":false,"template":"","format":"standard","meta":{"footnotes":""},"categories":[2],"tags":[],"featured_image_urls":{"full":["https:\/\/novosaopaulo.com.br\/n1\/wp-content\/uploads\/2025\/08\/WhatsApp-Image-2025-08-07-at-11.05.59.jpeg",1600,1201,false],"thumbnail":["https:\/\/novosaopaulo.com.br\/n1\/wp-content\/uploads\/2025\/08\/WhatsApp-Image-2025-08-07-at-11.05.59-150x150.jpeg",150,150,true],"medium":["https:\/\/novosaopaulo.com.br\/n1\/wp-content\/uploads\/2025\/08\/WhatsApp-Image-2025-08-07-at-11.05.59-300x225.jpeg",300,225,true],"medium_large":["https:\/\/novosaopaulo.com.br\/n1\/wp-content\/uploads\/2025\/08\/WhatsApp-Image-2025-08-07-at-11.05.59-768x576.jpeg",640,480,true],"large":["https:\/\/novosaopaulo.com.br\/n1\/wp-content\/uploads\/2025\/08\/WhatsApp-Image-2025-08-07-at-11.05.59-1024x769.jpeg",640,481,true],"1536x1536":["https:\/\/novosaopaulo.com.br\/n1\/wp-content\/uploads\/2025\/08\/WhatsApp-Image-2025-08-07-at-11.05.59-1536x1153.jpeg",1536,1153,true],"2048x2048":["https:\/\/novosaopaulo.com.br\/n1\/wp-content\/uploads\/2025\/08\/WhatsApp-Image-2025-08-07-at-11.05.59.jpeg",1600,1201,false],"newsever-slider-full":["https:\/\/novosaopaulo.com.br\/n1\/wp-content\/uploads\/2025\/08\/WhatsApp-Image-2025-08-07-at-11.05.59-1280x845.jpeg",1280,845,true],"newsever-featured":["https:\/\/novosaopaulo.com.br\/n1\/wp-content\/uploads\/2025\/08\/WhatsApp-Image-2025-08-07-at-11.05.59-1024x769.jpeg",1024,769,true],"newsever-medium":["https:\/\/novosaopaulo.com.br\/n1\/wp-content\/uploads\/2025\/08\/WhatsApp-Image-2025-08-07-at-11.05.59-720x475.jpeg",720,475,true]},"author_info":{"display_name":"Reda\u00e7\u00e3o","author_link":"https:\/\/novosaopaulo.com.br\/n1\/author\/g5poa\/"},"category_info":"<a href=\"https:\/\/novosaopaulo.com.br\/n1\/category\/cidades\/\" rel=\"category tag\">Cidades<\/a>","tag_info":"Cidades","comment_count":"0","_links":{"self":[{"href":"https:\/\/novosaopaulo.com.br\/n1\/wp-json\/wp\/v2\/posts\/25282"}],"collection":[{"href":"https:\/\/novosaopaulo.com.br\/n1\/wp-json\/wp\/v2\/posts"}],"about":[{"href":"https:\/\/novosaopaulo.com.br\/n1\/wp-json\/wp\/v2\/types\/post"}],"author":[{"embeddable":true,"href":"https:\/\/novosaopaulo.com.br\/n1\/wp-json\/wp\/v2\/users\/1"}],"replies":[{"embeddable":true,"href":"https:\/\/novosaopaulo.com.br\/n1\/wp-json\/wp\/v2\/comments?post=25282"}],"version-history":[{"count":2,"href":"https:\/\/novosaopaulo.com.br\/n1\/wp-json\/wp\/v2\/posts\/25282\/revisions"}],"predecessor-version":[{"id":25286,"href":"https:\/\/novosaopaulo.com.br\/n1\/wp-json\/wp\/v2\/posts\/25282\/revisions\/25286"}],"wp:featuredmedia":[{"embeddable":true,"href":"https:\/\/novosaopaulo.com.br\/n1\/wp-json\/wp\/v2\/media\/25283"}],"wp:attachment":[{"href":"https:\/\/novosaopaulo.com.br\/n1\/wp-json\/wp\/v2\/media?parent=25282"}],"wp:term":[{"taxonomy":"category","embeddable":true,"href":"https:\/\/novosaopaulo.com.br\/n1\/wp-json\/wp\/v2\/categories?post=25282"},{"taxonomy":"post_tag","embeddable":true,"href":"https:\/\/novosaopaulo.com.br\/n1\/wp-json\/wp\/v2\/tags?post=25282"}],"curies":[{"name":"wp","href":"https:\/\/api.w.org\/{rel}","templated":true}]}}