{"id":25279,"date":"2025-08-06T23:13:15","date_gmt":"2025-08-07T02:13:15","guid":{"rendered":"https:\/\/novosaopaulo.com.br\/n1\/?p=25279"},"modified":"2025-08-06T23:13:16","modified_gmt":"2025-08-07T02:13:16","slug":"prisao-de-bolsonaro-as-medidas-cautelares-que-ferem-a-constituicao-e-escancaram-estado-de-excecao","status":"publish","type":"post","link":"https:\/\/novosaopaulo.com.br\/n1\/prisao-de-bolsonaro-as-medidas-cautelares-que-ferem-a-constituicao-e-escancaram-estado-de-excecao\/","title":{"rendered":"Pris\u00e3o de Bolsonaro: as medidas cautelares que ferem a Constitui\u00e7\u00e3o e escancaram estado de exce\u00e7\u00e3o"},"content":{"rendered":"\n<p>Deputada Federal Rosana Valle (PL\u2011SP)*<\/p>\n\n\n\n<p>Muito antes da pris\u00e3o domiciliar de Jair Bolsonaro (PL), decretada na segunda-feira (4\/8), medidas cautelares j\u00e1 vinham lhe sendo impostas pelo Supremo Tribunal Federal (STF) fora de qualquer previs\u00e3o legal. O ex-presidente da Rep\u00fablica foi proibido de utilizar redes sociais, de conceder entrevistas e at\u00e9 de falar com os pr\u00f3prios filhos \u2014 restri\u00e7\u00f5es, diga-se de passagem, inexistentes no artigo 319 do C\u00f3digo de Processo Penal (CPP). Tal norma prev\u00ea medidas cautelares diversas, mas jamais uma morda\u00e7a pol\u00edtica ou social.<\/p>\n\n\n\n<p>A pris\u00e3o domiciliar foi apenas o \u00e1pice deste estado de exce\u00e7\u00e3o. E ela n\u00e3o \u00e9 proveniente de um fato novo, mas da mesma l\u00f3gica de intimida\u00e7\u00e3o que j\u00e1 vinha se consolidando desde 8 de janeiro de 2023. Documentos revelados nos chamados \u201cArquivos do 8 de Janeiro\u201d mostram que o STF, sob comando direto do ministro Alexandre de Moraes, montou uma esp\u00e9cie de \u201cfor\u00e7a-tarefa secreta\u201d para prender em massa cidad\u00e3os que protestavam contra o governo do presidente Luiz In\u00e1cio Lula da Silva (PT).<\/p>\n\n\n\n<p>Um grupo de WhatsApp, nomeado \u201cAudi\u00eancias de Cust\u00f3dia\u201d, decidia pris\u00f5es com base em anota\u00e7\u00f5es derivadas de varreduras em redes sociais. Um simples meme, uma cr\u00edtica ao PT ou uma postagem com zero seguidores poderiam bastar para transformar brasileiros comuns em \u201cterroristas\u201d.<\/p>\n\n\n\n<p>Esta engrenagem violou e continua violando princ\u00edpios elementares do Estado de Direito. Pris\u00f5es preventivas foram mantidas por meses sem provas individualizadas e sem respeito ao contradit\u00f3rio, enquanto a liberdade era decidida segundo alinhamento ideol\u00f3gico, e n\u00e3o por atos concretos.<\/p>\n\n\n\n<p>Crian\u00e7as, idosos e at\u00e9 pessoas em situa\u00e7\u00e3o de rua foram inclu\u00eddas em acusa\u00e7\u00f5es coletivas de \u201cTentativa de Golpe de Estado\u201d. Ao todo, 1.929 cidad\u00e3os brasileiros foram detidos em acampamentos pac\u00edficos e 243 dentro de pr\u00e9dios p\u00fablicos. Muitos, vale lembrar, acabaram condenados a penas t\u00e3o severas quanto a puni\u00e7\u00f5es aplicadas a criminosos violentos e que balizam o tr\u00e1fico internacional de entorpecentes.<\/p>\n\n\n\n<p>Agora, quando novos vazamentos exp\u00f5em as ilegalidades dessa \u201cfor\u00e7a-tarefa\u201d \u2013 desde infiltra\u00e7\u00f5es da Alta Corte em grupos privados, passando pelo uso indevido de dados biom\u00e9tricos e de \u201ccertid\u00f5es secretas\u201d \u2013 o Brasil assiste a mais uma retalia\u00e7\u00e3o a Bolsonaro. \u00c9 a velha cortina de fuma\u00e7a de um governo que vive da persegui\u00e7\u00e3o para desviar o foco de sua total incompet\u00eancia.<\/p>\n\n\n\n<p>At\u00e9 porque, n\u00e3o podemos nos esquecer da lamban\u00e7a na tentativa de taxa\u00e7\u00e3o do Pix, nem da fraude escandalosa do Instituto Nacional de Seguridade Social (INSS), e t\u00e3o pouco da insensibilidade dos Minist\u00e9rios da Fazenda, das Rela\u00e7\u00f5es Exteriores, e do Planejamento lidando de pauta comercial com os Estados Unidos.<\/p>\n\n\n\n<p>Escrevo estas linhas n\u00e3o apenas como deputada federal em segundo mandato, em Bras\u00edlia-DF, mas como jornalista de forma\u00e7\u00e3o e que dedicou d\u00e9cadas a contar hist\u00f3rias com honestidade.<\/p>\n\n\n\n<p>Sou defensora do equil\u00edbrio: da persegui\u00e7\u00e3o \u00e0 verdade, n\u00e3o \u00e0s pessoas! \u00c9 este idealismo que me levou \u00e0 profiss\u00e3o e que, hoje, me angustia ao assistir o avan\u00e7o no Brasil de um autoritarismo travestido de Justi\u00e7a. Penso que o tempo ser\u00e1 implac\u00e1vel com os que se omitirem diante de um Pa\u00eds que se perde.<\/p>\n\n\n\n<p>O que est\u00e1 em jogo n\u00e3o \u00e9 apenas o destino de um ex-presidente. \u00c9 o direito de qualquer cidad\u00e3o \u00e0 liberdade, \u00e0 defesa e \u00e0 opini\u00e3o. Quando a toga se transforma em ferramenta de intimida\u00e7\u00e3o, quando medidas inexistentes na lei viram rotina, a Democracia j\u00e1 est\u00e1 ferida, agoniza. Hoje, Bolsonaro \u00e9 a face mais vis\u00edvel dessa ca\u00e7a a c\u00e9u aberto. Amanh\u00e3, qualquer um de n\u00f3s pode ser o alvo.<\/p>\n\n\n\n<p>*Rosana Valle \u00e9 deputada federal pelo PL-SP, em segundo mandato; presidente da Executiva Estadual do PL Mulher de S\u00e3o Paulo; jornalista por forma\u00e7\u00e3o h\u00e1 mais de 25 anos; e autora dos livros \u201cRota do Sol 1 e 2\u201d<\/p>\n","protected":false},"excerpt":{"rendered":"<p>Deputada Federal Rosana Valle (PL\u2011SP)* Muito antes da pris\u00e3o domiciliar de Jair Bolsonaro (PL), decretada&#8230;<\/p>\n","protected":false},"author":1,"featured_media":25280,"comment_status":"open","ping_status":"open","sticky":false,"template":"","format":"standard","meta":{"footnotes":""},"categories":[2],"tags":[],"featured_image_urls":{"full":["https:\/\/novosaopaulo.com.br\/n1\/wp-content\/uploads\/2025\/08\/WhatsApp-Image-2025-08-06-at-19.34.43.jpeg",1600,1066,false],"thumbnail":["https:\/\/novosaopaulo.com.br\/n1\/wp-content\/uploads\/2025\/08\/WhatsApp-Image-2025-08-06-at-19.34.43-150x150.jpeg",150,150,true],"medium":["https:\/\/novosaopaulo.com.br\/n1\/wp-content\/uploads\/2025\/08\/WhatsApp-Image-2025-08-06-at-19.34.43-300x200.jpeg",300,200,true],"medium_large":["https:\/\/novosaopaulo.com.br\/n1\/wp-content\/uploads\/2025\/08\/WhatsApp-Image-2025-08-06-at-19.34.43-768x512.jpeg",640,427,true],"large":["https:\/\/novosaopaulo.com.br\/n1\/wp-content\/uploads\/2025\/08\/WhatsApp-Image-2025-08-06-at-19.34.43-1024x682.jpeg",640,426,true],"1536x1536":["https:\/\/novosaopaulo.com.br\/n1\/wp-content\/uploads\/2025\/08\/WhatsApp-Image-2025-08-06-at-19.34.43-1536x1023.jpeg",1536,1023,true],"2048x2048":["https:\/\/novosaopaulo.com.br\/n1\/wp-content\/uploads\/2025\/08\/WhatsApp-Image-2025-08-06-at-19.34.43.jpeg",1600,1066,false],"newsever-slider-full":["https:\/\/novosaopaulo.com.br\/n1\/wp-content\/uploads\/2025\/08\/WhatsApp-Image-2025-08-06-at-19.34.43-1280x845.jpeg",1280,845,true],"newsever-featured":["https:\/\/novosaopaulo.com.br\/n1\/wp-content\/uploads\/2025\/08\/WhatsApp-Image-2025-08-06-at-19.34.43-1024x682.jpeg",1024,682,true],"newsever-medium":["https:\/\/novosaopaulo.com.br\/n1\/wp-content\/uploads\/2025\/08\/WhatsApp-Image-2025-08-06-at-19.34.43-720x475.jpeg",720,475,true]},"author_info":{"display_name":"Reda\u00e7\u00e3o","author_link":"https:\/\/novosaopaulo.com.br\/n1\/author\/g5poa\/"},"category_info":"<a href=\"https:\/\/novosaopaulo.com.br\/n1\/category\/cidades\/\" rel=\"category tag\">Cidades<\/a>","tag_info":"Cidades","comment_count":"0","_links":{"self":[{"href":"https:\/\/novosaopaulo.com.br\/n1\/wp-json\/wp\/v2\/posts\/25279"}],"collection":[{"href":"https:\/\/novosaopaulo.com.br\/n1\/wp-json\/wp\/v2\/posts"}],"about":[{"href":"https:\/\/novosaopaulo.com.br\/n1\/wp-json\/wp\/v2\/types\/post"}],"author":[{"embeddable":true,"href":"https:\/\/novosaopaulo.com.br\/n1\/wp-json\/wp\/v2\/users\/1"}],"replies":[{"embeddable":true,"href":"https:\/\/novosaopaulo.com.br\/n1\/wp-json\/wp\/v2\/comments?post=25279"}],"version-history":[{"count":1,"href":"https:\/\/novosaopaulo.com.br\/n1\/wp-json\/wp\/v2\/posts\/25279\/revisions"}],"predecessor-version":[{"id":25281,"href":"https:\/\/novosaopaulo.com.br\/n1\/wp-json\/wp\/v2\/posts\/25279\/revisions\/25281"}],"wp:featuredmedia":[{"embeddable":true,"href":"https:\/\/novosaopaulo.com.br\/n1\/wp-json\/wp\/v2\/media\/25280"}],"wp:attachment":[{"href":"https:\/\/novosaopaulo.com.br\/n1\/wp-json\/wp\/v2\/media?parent=25279"}],"wp:term":[{"taxonomy":"category","embeddable":true,"href":"https:\/\/novosaopaulo.com.br\/n1\/wp-json\/wp\/v2\/categories?post=25279"},{"taxonomy":"post_tag","embeddable":true,"href":"https:\/\/novosaopaulo.com.br\/n1\/wp-json\/wp\/v2\/tags?post=25279"}],"curies":[{"name":"wp","href":"https:\/\/api.w.org\/{rel}","templated":true}]}}