{"id":25276,"date":"2025-08-06T18:20:19","date_gmt":"2025-08-06T21:20:19","guid":{"rendered":"https:\/\/novosaopaulo.com.br\/n1\/?p=25276"},"modified":"2025-08-06T18:20:20","modified_gmt":"2025-08-06T21:20:20","slug":"fernando-cozzi-presidente-da-femalpc-recebe-titulo-de-comendador-do-elo-social-sp","status":"publish","type":"post","link":"https:\/\/novosaopaulo.com.br\/n1\/fernando-cozzi-presidente-da-femalpc-recebe-titulo-de-comendador-do-elo-social-sp\/","title":{"rendered":"Fernando Cozzi presidente da Femalpc recebe t\u00edtulo de Comendador do Elo Social SP"},"content":{"rendered":"\n<p>Uma homenagem e um t\u00edtulo!&nbsp;Fernando de Miranda Cozzi&nbsp;foi agraciado com um t\u00edtulo de&nbsp;Comendador do Elo Social SP, por indica\u00e7\u00e3o da querid\u00edssima jornalista, colunista social e assessora de imprensa, Livia Rosa Santana. Morador, santista, divorciado e morador de S\u00e3o Jos\u00e9 dos Campos, Fernando Cozzi, conquistou pelos seus trabalhos. Atualmente, \u00e9 presidente da&nbsp;Federa\u00e7\u00e3o Mundial das Artes, da Literatura, da Paz e da Cultura (Femalpc &#8211; sem fins lucrativos), no Brasil, \u00e9 atuante como poeta, escritor, antologista e cronista. Escreve para os portais &#8220;Quero Not\u00edcia&#8221;, &#8220;Info Flash, Speed, Off News, Revista Santana News, entre outros. Participou como colunista e autor convidado da FLAL\/2025, do projeto Poesia na Escola P\u00fablica (sem fins lucrativos), do Projeto Uno (Coimbra &#8211; Portugal sem fins lucrativos), Cr\u00edtico Liter\u00e1rio Acad\u00eamico de Honra da Academia Intercontinental de Artistas e Poetas, Correspondente Liter\u00e1rio para o Vale do Para\u00edba, Academia Internacional de Literatura Brasileira. Autor do livro &#8220;Sil\u00eancio do Cora\u00e7\u00e3o&#8221;, possui forma\u00e7\u00e3o como tar\u00f3logo especializado em Tar\u00f4 de Marselha.<\/p>\n\n\n\n<p>Membro do projeto Agenda21 Local , Prefeitura de Santos para o meio ambiente Gera\u00e7\u00e3o de Renda e Emprego 1990 &#8211; ONU<\/p>\n\n\n\n<p>Instagram: https:\/\/www.instagram.com\/fernando_mirandaofc\/<br>Linkedin: https:\/\/www.linkedin.com\/in\/fernandocozzi\/<br>Fonte: https:\/\/www.elosocialsp.org\/post\/fernando-de-miranda-cozzi-%C3%A9-indicado-aprovado-e-ser%C3%A1-aclamado-laureado-e-diplomado-como-comendad<\/p>\n\n\n\n<p>Foto: Yes Agency<br>Fonte: Assessoria de imprensa Livia Rosa Santana<\/p>\n","protected":false},"excerpt":{"rendered":"<p>Uma homenagem e um t\u00edtulo!&nbsp;Fernando de Miranda Cozzi&nbsp;foi agraciado com um t\u00edtulo de&nbsp;Comendador do Elo&#8230;<\/p>\n","protected":false},"author":1,"featured_media":25277,"comment_status":"open","ping_status":"open","sticky":false,"template":"","format":"standard","meta":{"footnotes":""},"categories":[50],"tags":[],"featured_image_urls":{"full":["https:\/\/novosaopaulo.com.br\/n1\/wp-content\/uploads\/2025\/08\/cls.jpg",602,843,false],"thumbnail":["https:\/\/novosaopaulo.com.br\/n1\/wp-content\/uploads\/2025\/08\/cls-150x150.jpg",150,150,true],"medium":["https:\/\/novosaopaulo.com.br\/n1\/wp-content\/uploads\/2025\/08\/cls-214x300.jpg",214,300,true],"medium_large":["https:\/\/novosaopaulo.com.br\/n1\/wp-content\/uploads\/2025\/08\/cls.jpg",602,843,false],"large":["https:\/\/novosaopaulo.com.br\/n1\/wp-content\/uploads\/2025\/08\/cls.jpg",602,843,false],"1536x1536":["https:\/\/novosaopaulo.com.br\/n1\/wp-content\/uploads\/2025\/08\/cls.jpg",602,843,false],"2048x2048":["https:\/\/novosaopaulo.com.br\/n1\/wp-content\/uploads\/2025\/08\/cls.jpg",602,843,false],"newsever-slider-full":["https:\/\/novosaopaulo.com.br\/n1\/wp-content\/uploads\/2025\/08\/cls.jpg",602,843,false],"newsever-featured":["https:\/\/novosaopaulo.com.br\/n1\/wp-content\/uploads\/2025\/08\/cls.jpg",602,843,false],"newsever-medium":["https:\/\/novosaopaulo.com.br\/n1\/wp-content\/uploads\/2025\/08\/cls-602x475.jpg",602,475,true]},"author_info":{"display_name":"Reda\u00e7\u00e3o","author_link":"https:\/\/novosaopaulo.com.br\/n1\/author\/g5poa\/"},"category_info":"<a href=\"https:\/\/novosaopaulo.com.br\/n1\/category\/resenha-da-atualidade-com-livia-santana\/\" rel=\"category tag\">Resenha da Atualidade com L\u00edvia Santana<\/a>","tag_info":"Resenha da Atualidade com L\u00edvia Santana","comment_count":"0","_links":{"self":[{"href":"https:\/\/novosaopaulo.com.br\/n1\/wp-json\/wp\/v2\/posts\/25276"}],"collection":[{"href":"https:\/\/novosaopaulo.com.br\/n1\/wp-json\/wp\/v2\/posts"}],"about":[{"href":"https:\/\/novosaopaulo.com.br\/n1\/wp-json\/wp\/v2\/types\/post"}],"author":[{"embeddable":true,"href":"https:\/\/novosaopaulo.com.br\/n1\/wp-json\/wp\/v2\/users\/1"}],"replies":[{"embeddable":true,"href":"https:\/\/novosaopaulo.com.br\/n1\/wp-json\/wp\/v2\/comments?post=25276"}],"version-history":[{"count":1,"href":"https:\/\/novosaopaulo.com.br\/n1\/wp-json\/wp\/v2\/posts\/25276\/revisions"}],"predecessor-version":[{"id":25278,"href":"https:\/\/novosaopaulo.com.br\/n1\/wp-json\/wp\/v2\/posts\/25276\/revisions\/25278"}],"wp:featuredmedia":[{"embeddable":true,"href":"https:\/\/novosaopaulo.com.br\/n1\/wp-json\/wp\/v2\/media\/25277"}],"wp:attachment":[{"href":"https:\/\/novosaopaulo.com.br\/n1\/wp-json\/wp\/v2\/media?parent=25276"}],"wp:term":[{"taxonomy":"category","embeddable":true,"href":"https:\/\/novosaopaulo.com.br\/n1\/wp-json\/wp\/v2\/categories?post=25276"},{"taxonomy":"post_tag","embeddable":true,"href":"https:\/\/novosaopaulo.com.br\/n1\/wp-json\/wp\/v2\/tags?post=25276"}],"curies":[{"name":"wp","href":"https:\/\/api.w.org\/{rel}","templated":true}]}}