{"id":25267,"date":"2025-08-06T17:21:28","date_gmt":"2025-08-06T20:21:28","guid":{"rendered":"https:\/\/novosaopaulo.com.br\/n1\/?p=25267"},"modified":"2025-08-06T17:21:29","modified_gmt":"2025-08-06T20:21:29","slug":"afeto-e-politica-geni-nunez-abre-o-festival-sementeia-2025-com-a-palestra-reflorestamento-do-imaginario","status":"publish","type":"post","link":"https:\/\/novosaopaulo.com.br\/n1\/afeto-e-politica-geni-nunez-abre-o-festival-sementeia-2025-com-a-palestra-reflorestamento-do-imaginario\/","title":{"rendered":"Afeto \u00e9 pol\u00edtica: Geni Nu\u00f1ez abre o Festival Sementeia 2025 com a palestra \u201cReflorestamento do Imagin\u00e1rio\u201d"},"content":{"rendered":"\n<p><em>Psic\u00f3loga e ativista ind\u00edgena guarani prop\u00f5e uma reflex\u00e3o sobre monoculturas do pensamento, afetos e resist\u00eancia<\/em><\/p>\n\n\n\n<p>A abertura do Festival Sementeia 2025, no dia 1\u00ba de setembro, ser\u00e1 marcada pela presen\u00e7a da escritora, psic\u00f3loga e ativista ind\u00edgena Geni Nu\u00f1ez. Refer\u00eancia nacional no debate sobre rela\u00e7\u00f5es, sexualidade, n\u00e3o-monogamia e sa\u00fade mental com perspectiva decolonial, a autora estar\u00e1 em Suzano para apresentar a palestra \u201cReflorestamento do Imagin\u00e1rio\u201d, em uma conversa mediada pela psic\u00f3loga Endil Oliveira. O encontro ser\u00e1 realizado na Sala Orlando Digenova, \u00e0s 19h30, com entrada gratuita.<\/p>\n\n\n\n<p>No encontro, Geni ir\u00e1 abordar o conceito de monoculturas do pensamento, ideia inspirada por Ailton Krenak, refletindo sobre os efeitos da imposi\u00e7\u00e3o de um \u00fanico modelo de exist\u00eancia nas nossas formas de pensar, amar e viver. Em contraponto a essas monoculturas (dos afetos, da f\u00e9, da sexualidade, da terra), a palestra prop\u00f5e o reflorestamento simb\u00f3lico do imagin\u00e1rio: cultivar a diversidade como forma de resist\u00eancia e de vida.<\/p>\n\n\n\n<p>Geni \u00e9 ativista ind\u00edgena guarani, \u00e9 doutora em Ci\u00eancias Humanas pela UFSC e p\u00f3s-doutora pelo Instituto de Estudos Avan\u00e7ados da USP. \u00c9 autora dos livros Descolonizando Afetos (2023), Jaxy Jater\u00ea (2023) e Felizes por enquanto (2024). Sua presen\u00e7a em Suzano representa um momento potente de escuta, trocas e valoriza\u00e7\u00e3o dos saberes ind\u00edgenas no territ\u00f3rio.<\/p>\n\n\n\n<p>O Festival Sementeia \u00e9 um projeto idealizado por Tuane Vieira, que h\u00e1 24 anos atua na produ\u00e7\u00e3o cultural de Suzano e do Alto Tiet\u00ea. Sua primeira edi\u00e7\u00e3o aconteceu em 2023 e nasceu com o desejo de criar um espa\u00e7o art\u00edstico seguro, diverso e f\u00e9rtil, onde mulheres pudessem se expressar, se formar e se fortalecer por meio da arte. O festival \u00e9 inteiramente conduzido por mulheres, da curadoria \u00e0 t\u00e9cnica, e re\u00fane artistas, educadoras, comunicadoras, musicistas, terapeutas e ativistas que compartilham o mesmo sonho de transforma\u00e7\u00e3o social.<\/p>\n\n\n\n<p>\u201cAl\u00e9m de mulheres produtoras e \u00e1vidas consumidoras de arte e cultura, queremos contribuir, junto com a popula\u00e7\u00e3o, para um Brasil mais igualit\u00e1rio e menos violento para n\u00f3s e para nossas filhas, sobrinhas, afilhadas e netas, tendo nossa cidade como foco\u201d, afirma Tuane Vieira.<\/p>\n\n\n\n<p>Ap\u00f3s a abertura, a segunda edi\u00e7\u00e3o do festival, realizada com recursos da Pol\u00edtica Nacional Aldir Blanc (PNAB), segue at\u00e9 12 de setembro, com mais de 10 atividades gratuitas. A programa\u00e7\u00e3o inclui oficinas art\u00edsticas, espet\u00e1culos de dan\u00e7a e teatro, performances, rodas de conversa e shows, sempre com o protagonismo de mulheres da cidade e convidadas de not\u00f3rio saber.&nbsp; Outras informa\u00e7\u00f5es est\u00e3o dispon\u00edveis no Instagram oficial @festival_sementeia.<\/p>\n\n\n\n<hr class=\"wp-block-separator has-alpha-channel-opacity\"\/>\n\n\n\n<p><strong>Servi\u00e7o:<\/strong><\/p>\n\n\n\n<p>\ud83d\udccd Reflorestamento do Imagin\u00e1rio, com Geni Nu\u00f1ez<\/p>\n\n\n\n<p>\ud83d\uddd3\ufe0f 01 de setembro (segunda-feira)<\/p>\n\n\n\n<p>\ud83d\udd56 19h30<\/p>\n\n\n\n<p>\ud83d\udccc Sala Orlando Digenova \u2013 Suzano (SP)<\/p>\n\n\n\n<p>\ud83c\udf9f\ufe0f Entrada gratuita<\/p>\n\n\n\n<p>\ud83d\udd17 Outras informa\u00e7\u00f5es: @festival_sementeia<\/p>\n","protected":false},"excerpt":{"rendered":"<p>Psic\u00f3loga e ativista ind\u00edgena guarani prop\u00f5e uma reflex\u00e3o sobre monoculturas do pensamento, afetos e resist\u00eancia&#8230;<\/p>\n","protected":false},"author":1,"featured_media":25268,"comment_status":"open","ping_status":"open","sticky":false,"template":"","format":"standard","meta":{"footnotes":""},"categories":[2],"tags":[],"featured_image_urls":{"full":["https:\/\/novosaopaulo.com.br\/n1\/wp-content\/uploads\/2025\/08\/WhatsApp-Image-2025-08-06-at-17.17.05.jpeg",1600,1095,false],"thumbnail":["https:\/\/novosaopaulo.com.br\/n1\/wp-content\/uploads\/2025\/08\/WhatsApp-Image-2025-08-06-at-17.17.05-150x150.jpeg",150,150,true],"medium":["https:\/\/novosaopaulo.com.br\/n1\/wp-content\/uploads\/2025\/08\/WhatsApp-Image-2025-08-06-at-17.17.05-300x205.jpeg",300,205,true],"medium_large":["https:\/\/novosaopaulo.com.br\/n1\/wp-content\/uploads\/2025\/08\/WhatsApp-Image-2025-08-06-at-17.17.05-768x526.jpeg",640,438,true],"large":["https:\/\/novosaopaulo.com.br\/n1\/wp-content\/uploads\/2025\/08\/WhatsApp-Image-2025-08-06-at-17.17.05-1024x701.jpeg",640,438,true],"1536x1536":["https:\/\/novosaopaulo.com.br\/n1\/wp-content\/uploads\/2025\/08\/WhatsApp-Image-2025-08-06-at-17.17.05-1536x1051.jpeg",1536,1051,true],"2048x2048":["https:\/\/novosaopaulo.com.br\/n1\/wp-content\/uploads\/2025\/08\/WhatsApp-Image-2025-08-06-at-17.17.05.jpeg",1600,1095,false],"newsever-slider-full":["https:\/\/novosaopaulo.com.br\/n1\/wp-content\/uploads\/2025\/08\/WhatsApp-Image-2025-08-06-at-17.17.05-1280x845.jpeg",1280,845,true],"newsever-featured":["https:\/\/novosaopaulo.com.br\/n1\/wp-content\/uploads\/2025\/08\/WhatsApp-Image-2025-08-06-at-17.17.05-1024x701.jpeg",1024,701,true],"newsever-medium":["https:\/\/novosaopaulo.com.br\/n1\/wp-content\/uploads\/2025\/08\/WhatsApp-Image-2025-08-06-at-17.17.05-720x475.jpeg",720,475,true]},"author_info":{"display_name":"Reda\u00e7\u00e3o","author_link":"https:\/\/novosaopaulo.com.br\/n1\/author\/g5poa\/"},"category_info":"<a href=\"https:\/\/novosaopaulo.com.br\/n1\/category\/cidades\/\" rel=\"category tag\">Cidades<\/a>","tag_info":"Cidades","comment_count":"0","_links":{"self":[{"href":"https:\/\/novosaopaulo.com.br\/n1\/wp-json\/wp\/v2\/posts\/25267"}],"collection":[{"href":"https:\/\/novosaopaulo.com.br\/n1\/wp-json\/wp\/v2\/posts"}],"about":[{"href":"https:\/\/novosaopaulo.com.br\/n1\/wp-json\/wp\/v2\/types\/post"}],"author":[{"embeddable":true,"href":"https:\/\/novosaopaulo.com.br\/n1\/wp-json\/wp\/v2\/users\/1"}],"replies":[{"embeddable":true,"href":"https:\/\/novosaopaulo.com.br\/n1\/wp-json\/wp\/v2\/comments?post=25267"}],"version-history":[{"count":1,"href":"https:\/\/novosaopaulo.com.br\/n1\/wp-json\/wp\/v2\/posts\/25267\/revisions"}],"predecessor-version":[{"id":25269,"href":"https:\/\/novosaopaulo.com.br\/n1\/wp-json\/wp\/v2\/posts\/25267\/revisions\/25269"}],"wp:featuredmedia":[{"embeddable":true,"href":"https:\/\/novosaopaulo.com.br\/n1\/wp-json\/wp\/v2\/media\/25268"}],"wp:attachment":[{"href":"https:\/\/novosaopaulo.com.br\/n1\/wp-json\/wp\/v2\/media?parent=25267"}],"wp:term":[{"taxonomy":"category","embeddable":true,"href":"https:\/\/novosaopaulo.com.br\/n1\/wp-json\/wp\/v2\/categories?post=25267"},{"taxonomy":"post_tag","embeddable":true,"href":"https:\/\/novosaopaulo.com.br\/n1\/wp-json\/wp\/v2\/tags?post=25267"}],"curies":[{"name":"wp","href":"https:\/\/api.w.org\/{rel}","templated":true}]}}