{"id":25252,"date":"2025-08-05T19:04:24","date_gmt":"2025-08-05T22:04:24","guid":{"rendered":"https:\/\/novosaopaulo.com.br\/n1\/?p=25252"},"modified":"2025-08-05T19:04:25","modified_gmt":"2025-08-05T22:04:25","slug":"sao-paulo-participa-de-acao-nacional-que-pede-ao-presidente-lula-o-veto-ao-pl-da-devastacao","status":"publish","type":"post","link":"https:\/\/novosaopaulo.com.br\/n1\/sao-paulo-participa-de-acao-nacional-que-pede-ao-presidente-lula-o-veto-ao-pl-da-devastacao\/","title":{"rendered":"S\u00e3o Paulo participa de a\u00e7\u00e3o nacional que pede ao presidente Lula o veto ao PL da Devasta\u00e7\u00e3o"},"content":{"rendered":"\n<p>Arte contra a destrui\u00e7\u00e3o ambiental: essa \u00e9 a proposta de uma a\u00e7\u00e3o nacional em mais de 70 cidades em todo o Brasil. Ao longo desta semana, coletivos de artistas e ativistas de todas as regi\u00f5es do Brasil espalhar\u00e3o grandes cartazes (lambe-lambes) nas 26 capitais, Distrito Federal e outras 50 cidades pedindo que o presidente Lula vete integralmente o Projeto de Lei 2159\/2021- o PL da Devasta\u00e7\u00e3o. O prazo para sancionar ou vetar o projeto vai at\u00e9 sexta-feira, 8\/8.<\/p>\n\n\n\n<p>S\u00e3o Paulo teve a arte instalada nesta segunda-feira no Viaduto Ant\u00e1rtica, na Avenida Francisco Matarazzo.<\/p>\n\n\n\n<p>A arte da a\u00e7\u00e3o j\u00e1 viralizou nas redes! J\u00e1 s\u00e3o mais de 100 mil visualiza\u00e7\u00f5es em menos de 24h, isso \u00e9 um grande indicativo de engajamento dessa a\u00e7\u00e3o, mostrando o qu\u00e3o assertiva est\u00e1 sendo e como o alcance est\u00e1 aumentando. Veja a publica\u00e7\u00e3o no Instagram do Megafone: https:\/\/www.instagram.com\/p\/DMvcfwZv9SI\/<\/p>\n\n\n\n<p>Voc\u00ea encontra mais informa\u00e7\u00f5es e a imagem da arte neste link: https:\/\/docs.google.com\/document\/d\/1Ol9O8p1TgNLWIAmpmq5EcSBMCctqTiJaBW-z5a2yhaw\/edit?tab=t.0<br>Fotos da arte instalada: https:\/\/drive.google.com\/drive\/folders\/1yPW6X3uZfn8lQSgQx9o6mW_BT9EbyhGb &#8211; Foto: Divulga\u00e7\u00e3o<\/p>\n","protected":false},"excerpt":{"rendered":"<p>Arte contra a destrui\u00e7\u00e3o ambiental: essa \u00e9 a proposta de uma a\u00e7\u00e3o nacional em mais&#8230;<\/p>\n","protected":false},"author":1,"featured_media":25253,"comment_status":"open","ping_status":"open","sticky":false,"template":"","format":"standard","meta":{"footnotes":""},"categories":[2],"tags":[],"featured_image_urls":{"full":["https:\/\/novosaopaulo.com.br\/n1\/wp-content\/uploads\/2025\/08\/whatsapp_image_2025-08-02_at_17.47.17.jpeg",1280,960,false],"thumbnail":["https:\/\/novosaopaulo.com.br\/n1\/wp-content\/uploads\/2025\/08\/whatsapp_image_2025-08-02_at_17.47.17-150x150.jpeg",150,150,true],"medium":["https:\/\/novosaopaulo.com.br\/n1\/wp-content\/uploads\/2025\/08\/whatsapp_image_2025-08-02_at_17.47.17-300x225.jpeg",300,225,true],"medium_large":["https:\/\/novosaopaulo.com.br\/n1\/wp-content\/uploads\/2025\/08\/whatsapp_image_2025-08-02_at_17.47.17-768x576.jpeg",640,480,true],"large":["https:\/\/novosaopaulo.com.br\/n1\/wp-content\/uploads\/2025\/08\/whatsapp_image_2025-08-02_at_17.47.17-1024x768.jpeg",640,480,true],"1536x1536":["https:\/\/novosaopaulo.com.br\/n1\/wp-content\/uploads\/2025\/08\/whatsapp_image_2025-08-02_at_17.47.17.jpeg",1280,960,false],"2048x2048":["https:\/\/novosaopaulo.com.br\/n1\/wp-content\/uploads\/2025\/08\/whatsapp_image_2025-08-02_at_17.47.17.jpeg",1280,960,false],"newsever-slider-full":["https:\/\/novosaopaulo.com.br\/n1\/wp-content\/uploads\/2025\/08\/whatsapp_image_2025-08-02_at_17.47.17-1280x845.jpeg",1280,845,true],"newsever-featured":["https:\/\/novosaopaulo.com.br\/n1\/wp-content\/uploads\/2025\/08\/whatsapp_image_2025-08-02_at_17.47.17-1024x768.jpeg",1024,768,true],"newsever-medium":["https:\/\/novosaopaulo.com.br\/n1\/wp-content\/uploads\/2025\/08\/whatsapp_image_2025-08-02_at_17.47.17-720x475.jpeg",720,475,true]},"author_info":{"display_name":"Reda\u00e7\u00e3o","author_link":"https:\/\/novosaopaulo.com.br\/n1\/author\/g5poa\/"},"category_info":"<a href=\"https:\/\/novosaopaulo.com.br\/n1\/category\/cidades\/\" rel=\"category tag\">Cidades<\/a>","tag_info":"Cidades","comment_count":"0","_links":{"self":[{"href":"https:\/\/novosaopaulo.com.br\/n1\/wp-json\/wp\/v2\/posts\/25252"}],"collection":[{"href":"https:\/\/novosaopaulo.com.br\/n1\/wp-json\/wp\/v2\/posts"}],"about":[{"href":"https:\/\/novosaopaulo.com.br\/n1\/wp-json\/wp\/v2\/types\/post"}],"author":[{"embeddable":true,"href":"https:\/\/novosaopaulo.com.br\/n1\/wp-json\/wp\/v2\/users\/1"}],"replies":[{"embeddable":true,"href":"https:\/\/novosaopaulo.com.br\/n1\/wp-json\/wp\/v2\/comments?post=25252"}],"version-history":[{"count":1,"href":"https:\/\/novosaopaulo.com.br\/n1\/wp-json\/wp\/v2\/posts\/25252\/revisions"}],"predecessor-version":[{"id":25254,"href":"https:\/\/novosaopaulo.com.br\/n1\/wp-json\/wp\/v2\/posts\/25252\/revisions\/25254"}],"wp:featuredmedia":[{"embeddable":true,"href":"https:\/\/novosaopaulo.com.br\/n1\/wp-json\/wp\/v2\/media\/25253"}],"wp:attachment":[{"href":"https:\/\/novosaopaulo.com.br\/n1\/wp-json\/wp\/v2\/media?parent=25252"}],"wp:term":[{"taxonomy":"category","embeddable":true,"href":"https:\/\/novosaopaulo.com.br\/n1\/wp-json\/wp\/v2\/categories?post=25252"},{"taxonomy":"post_tag","embeddable":true,"href":"https:\/\/novosaopaulo.com.br\/n1\/wp-json\/wp\/v2\/tags?post=25252"}],"curies":[{"name":"wp","href":"https:\/\/api.w.org\/{rel}","templated":true}]}}