{"id":25239,"date":"2025-08-05T11:42:35","date_gmt":"2025-08-05T14:42:35","guid":{"rendered":"https:\/\/novosaopaulo.com.br\/n1\/?p=25239"},"modified":"2025-08-05T13:01:52","modified_gmt":"2025-08-05T16:01:52","slug":"primavera-do-leste-mais-cinematografica-do-que-nunca-com-o-cinema-na-palma-da-mao","status":"publish","type":"post","link":"https:\/\/novosaopaulo.com.br\/n1\/primavera-do-leste-mais-cinematografica-do-que-nunca-com-o-cinema-na-palma-da-mao\/","title":{"rendered":"PRIMAVERA DO LESTE MAIS CINEMATOGR\u00c1FICA DO QUE NUNCA COM O \u201cCinema na Palma da M\u00e3o\u201d"},"content":{"rendered":"\n<p>Entre os dias 2 e 15 de julho, o SEST SENAT, e o col\u00e9gio Alda Scopel. viraram set de filmagem com direito a roteiro, dire\u00e7\u00e3o e atua\u00e7\u00e3o improvisada! A coordena\u00e7\u00e3o ficou \u00e0 cargo de Bellamir Freire, com os produtores Elton Carlos e Sebasti\u00e3o Moreira, e o resultado foi pura magia: curtas-metragens feitos com celulares que deram um show de criatividade.<\/p>\n\n\n\n<p>O projeto, idealizado e realizado pela Prefeitura Municipal de Primavera do Leste e a Secretaria Municipal de Cultura, Turismo, Lazer e Juventude, levou arte, t\u00e9cnica e divers\u00e3o at\u00e9 a palma da m\u00e3o \u2014 e isso provou arrancar aplausos desde o in\u00edcio .<\/p>\n\n\n\n<p>O grand finale aconteceu no dia 1\u00ba de agosto, no Teatro Municipal de Primavera do Leste, com grande presen\u00e7a de p\u00fablico e autoridades: prefeito S\u00e9rgio Machnic e o secret\u00e1rio Municipal de Cultura Leopoldino Andr\u00e9 Chagas estiveram entre os convidados de honra .<\/p>\n\n\n\n<p>A abertura da noite foi digna de trilha sonora \u00e9pica: a Orquestra Musical Academia de M\u00fasica da cidade de Primavera do Leste, embalou os primeiros acordes antes dos curtas ficarem na tela. Depois, todo mundo foi presenteado com a sess\u00e3o especial do longa \u201cAmor de Deus\u201d \u2014 e sil\u00eancio total na plateia, at\u00e9 os celulares pediam bis!<\/p>\n\n\n\n<p>E a\u00ed vieram os certificados e trof\u00e9us:<br>O destaque m\u00e1ximo foi para uma produ\u00e7\u00e3o feita pelos alunos da Escola Alda Scopel, que faturou dois pr\u00eamios com o curta Autismo, inclusive de melhor filme, emocionando a todos os presentes, o curta Autismo, foi um document\u00e1rio, onde os alunos entrevistaram estudantes autistas, e eles pr\u00f3prios estrelaram o filme \u2014 o clima l\u00e1 era de Oscar e uma mistura com Festival de Emo\u00e7\u00e3o.<\/p>\n\n\n\n<p>O corpo de jurados de ouro que compuseram o j\u00fari oficial com profissionalismo e charme foram:<\/p>\n\n\n\n<p>Dirce Gigante Ger\u00f4nimo \u2013 de Atibaia (SP), empres\u00e1ria do ramo imobili\u00e1rio e esposa do ator Ger\u00f4nimo Filho.<\/p>\n\n\n\n<p>Adryelly Almeida \u2013 cantora, psic\u00f3loga e musicista de Primavera do Leste (MT).<\/p>\n\n\n\n<p>Ger\u00f4nimo Filho \u2013 ator e empres\u00e1rio do ramo imobili\u00e1rio, tamb\u00e9m de Atibaia (SP).<\/p>\n\n\n\n<p>Nic Nilson \u2013 diretor, produtor, escritor e ator de cinema e teatro, de Campinas (SP).<\/p>\n\n\n\n<p>Em sua fala final, Bellamir Freire falou algo como:<\/p>\n\n\n\n<blockquote class=\"wp-block-quote\">\n<p>\u201cQuem diria que com um celular, um roteiro maluco e muita vontade, a gente criaria verdadeiros filmes! Obrigado ao prefeito S\u00e9rgio Machnic e ao secret\u00e1rio Leopoldino Chagas por acreditarem nessa ideia \u2014 e pelo suporte de bastidores! E obrigado ao povo que lotou o teatro: voc\u00eas s\u00e3o os verdadeiros protagonistas dessa hist\u00f3ria cinematogr\u00e1fica.\u201d<\/p>\n<\/blockquote>\n\n\n\n<p>\u201cCriatividade e a\u00e7\u00e3o!\u201d<\/p>\n\n\n\n<figure class=\"wp-block-gallery has-nested-images columns-default is-cropped wp-block-gallery-1 is-layout-flex wp-block-gallery-is-layout-flex\">\n<figure class=\"wp-block-image size-large\"><a href=\"https:\/\/novosaopaulo.com.br\/n1\/wp-content\/uploads\/2025\/08\/IMG_3704.jpg\" target=\"_blank\" rel=\"noopener\"><img fetchpriority=\"high\" decoding=\"async\" width=\"768\" height=\"1024\" data-id=\"25241\" src=\"https:\/\/novosaopaulo.com.br\/n1\/wp-content\/uploads\/2025\/08\/IMG_3704-768x1024.jpg\" alt=\"\" class=\"wp-image-25241\" srcset=\"https:\/\/novosaopaulo.com.br\/n1\/wp-content\/uploads\/2025\/08\/IMG_3704-768x1024.jpg 768w, https:\/\/novosaopaulo.com.br\/n1\/wp-content\/uploads\/2025\/08\/IMG_3704-225x300.jpg 225w, https:\/\/novosaopaulo.com.br\/n1\/wp-content\/uploads\/2025\/08\/IMG_3704.jpg 960w\" sizes=\"(max-width: 768px) 100vw, 768px\" \/><\/a><\/figure>\n\n\n\n<figure class=\"wp-block-image size-large\"><a href=\"https:\/\/novosaopaulo.com.br\/n1\/wp-content\/uploads\/2025\/08\/IMG_3745.jpg\" target=\"_blank\" rel=\"noopener\"><img decoding=\"async\" width=\"768\" height=\"1024\" data-id=\"25242\" src=\"https:\/\/novosaopaulo.com.br\/n1\/wp-content\/uploads\/2025\/08\/IMG_3745-768x1024.jpg\" alt=\"\" class=\"wp-image-25242\" srcset=\"https:\/\/novosaopaulo.com.br\/n1\/wp-content\/uploads\/2025\/08\/IMG_3745-768x1024.jpg 768w, https:\/\/novosaopaulo.com.br\/n1\/wp-content\/uploads\/2025\/08\/IMG_3745-225x300.jpg 225w, https:\/\/novosaopaulo.com.br\/n1\/wp-content\/uploads\/2025\/08\/IMG_3745-1152x1536.jpg 1152w, https:\/\/novosaopaulo.com.br\/n1\/wp-content\/uploads\/2025\/08\/IMG_3745-1024x1365.jpg 1024w, https:\/\/novosaopaulo.com.br\/n1\/wp-content\/uploads\/2025\/08\/IMG_3745.jpg 1200w\" sizes=\"(max-width: 768px) 100vw, 768px\" \/><\/a><\/figure>\n<\/figure>\n","protected":false},"excerpt":{"rendered":"<p>Entre os dias 2 e 15 de julho, o SEST SENAT, e o col\u00e9gio Alda&#8230;<\/p>\n","protected":false},"author":1,"featured_media":25240,"comment_status":"open","ping_status":"open","sticky":false,"template":"","format":"standard","meta":{"footnotes":""},"categories":[38],"tags":[],"featured_image_urls":{"full":["https:\/\/novosaopaulo.com.br\/n1\/wp-content\/uploads\/2025\/08\/IMG_3744.jpg",1280,960,false],"thumbnail":["https:\/\/novosaopaulo.com.br\/n1\/wp-content\/uploads\/2025\/08\/IMG_3744-150x150.jpg",150,150,true],"medium":["https:\/\/novosaopaulo.com.br\/n1\/wp-content\/uploads\/2025\/08\/IMG_3744-300x225.jpg",300,225,true],"medium_large":["https:\/\/novosaopaulo.com.br\/n1\/wp-content\/uploads\/2025\/08\/IMG_3744-768x576.jpg",640,480,true],"large":["https:\/\/novosaopaulo.com.br\/n1\/wp-content\/uploads\/2025\/08\/IMG_3744-1024x768.jpg",640,480,true],"1536x1536":["https:\/\/novosaopaulo.com.br\/n1\/wp-content\/uploads\/2025\/08\/IMG_3744.jpg",1280,960,false],"2048x2048":["https:\/\/novosaopaulo.com.br\/n1\/wp-content\/uploads\/2025\/08\/IMG_3744.jpg",1280,960,false],"newsever-slider-full":["https:\/\/novosaopaulo.com.br\/n1\/wp-content\/uploads\/2025\/08\/IMG_3744-1280x845.jpg",1280,845,true],"newsever-featured":["https:\/\/novosaopaulo.com.br\/n1\/wp-content\/uploads\/2025\/08\/IMG_3744-1024x768.jpg",1024,768,true],"newsever-medium":["https:\/\/novosaopaulo.com.br\/n1\/wp-content\/uploads\/2025\/08\/IMG_3744-720x475.jpg",720,475,true]},"author_info":{"display_name":"Reda\u00e7\u00e3o","author_link":"https:\/\/novosaopaulo.com.br\/n1\/author\/g5poa\/"},"category_info":"<a href=\"https:\/\/novosaopaulo.com.br\/n1\/category\/joao-costa\/\" rel=\"category tag\">Jo\u00e3o Costa<\/a>","tag_info":"Jo\u00e3o Costa","comment_count":"0","_links":{"self":[{"href":"https:\/\/novosaopaulo.com.br\/n1\/wp-json\/wp\/v2\/posts\/25239"}],"collection":[{"href":"https:\/\/novosaopaulo.com.br\/n1\/wp-json\/wp\/v2\/posts"}],"about":[{"href":"https:\/\/novosaopaulo.com.br\/n1\/wp-json\/wp\/v2\/types\/post"}],"author":[{"embeddable":true,"href":"https:\/\/novosaopaulo.com.br\/n1\/wp-json\/wp\/v2\/users\/1"}],"replies":[{"embeddable":true,"href":"https:\/\/novosaopaulo.com.br\/n1\/wp-json\/wp\/v2\/comments?post=25239"}],"version-history":[{"count":2,"href":"https:\/\/novosaopaulo.com.br\/n1\/wp-json\/wp\/v2\/posts\/25239\/revisions"}],"predecessor-version":[{"id":25244,"href":"https:\/\/novosaopaulo.com.br\/n1\/wp-json\/wp\/v2\/posts\/25239\/revisions\/25244"}],"wp:featuredmedia":[{"embeddable":true,"href":"https:\/\/novosaopaulo.com.br\/n1\/wp-json\/wp\/v2\/media\/25240"}],"wp:attachment":[{"href":"https:\/\/novosaopaulo.com.br\/n1\/wp-json\/wp\/v2\/media?parent=25239"}],"wp:term":[{"taxonomy":"category","embeddable":true,"href":"https:\/\/novosaopaulo.com.br\/n1\/wp-json\/wp\/v2\/categories?post=25239"},{"taxonomy":"post_tag","embeddable":true,"href":"https:\/\/novosaopaulo.com.br\/n1\/wp-json\/wp\/v2\/tags?post=25239"}],"curies":[{"name":"wp","href":"https:\/\/api.w.org\/{rel}","templated":true}]}}