{"id":25236,"date":"2025-08-04T18:33:05","date_gmt":"2025-08-04T21:33:05","guid":{"rendered":"https:\/\/novosaopaulo.com.br\/n1\/?p=25236"},"modified":"2025-08-04T18:33:05","modified_gmt":"2025-08-04T21:33:05","slug":"contagem-regressiva-lauana-prado-faz-show-intimista-da-label-raiz-em-ribeirao-no-proximo-dia-9","status":"publish","type":"post","link":"https:\/\/novosaopaulo.com.br\/n1\/contagem-regressiva-lauana-prado-faz-show-intimista-da-label-raiz-em-ribeirao-no-proximo-dia-9\/","title":{"rendered":"Contagem regressiva: Lauana Prado faz show intimista da label \u201cRaiz\u201d em Ribeir\u00e3o no pr\u00f3ximo dia 9"},"content":{"rendered":"\n<p>A artista apresenta \u201cA Festa Mais Raiz do Brasil\u201d pela primeira vez na cidade. Diferente do show da estrada, projeto promove experi\u00eancias exclusivas e tom intimista com p\u00fablico pertinho da cantora<\/p>\n\n\n\n<p>Faltam menos de 15 dias para Ribeir\u00e3o Preto viver a experi\u00eancia da label RAIZ, comandada por Lauana Prado. No dia 9 de agosto, o Alcans Hall ser\u00e1 o palco da aguardada estreia de \u201cA Festa Mais Raiz do Brasil\u201d na cidade, que vem surpreendendo o p\u00fablico por onde passa por promover uma conex\u00e3o intimista entre artista e plateia. Os \u00faltimos ingressos est\u00e3o \u00e0 venda em lauanapradoraiz.com.br.<br>&#8220;Estou muito feliz de levar o RAIZ para Ribeir\u00e3o Preto! Em cada cidade tenho vivido essa experi\u00eancia de forma \u00fanica, e tenho certeza de que essa edi\u00e7\u00e3o vai ser inesquec\u00edvel. Estamos preparando tudo com muito carinho para que o p\u00fablico sinta essa conex\u00e3o \u00edntima, exclusiva e verdadeira que \u00e9 a ess\u00eancia do Raiz. Apruma que se voc\u00ea n\u00e3o for, s\u00f3 voc\u00ea n\u00e3o vai!&#8221;, convida Lauana Prado.<br>O repert\u00f3rio da noite promete uma jornada musical intensa e previs\u00e3o de cerca de 4 horas de show. O set list inclui can\u00e7\u00f5es do \u00e1lbum \u201cRaiz ao vivo em S\u00e3o Paulo\u201d e \u201cRaiz Goi\u00e2nia\u201d, que conquistou o Brasil e se tornou um dos \u00e1lbuns mais ouvidos de 2024. Al\u00e9m disso, n\u00e3o podem ficar de fora os maiores sucessos da carreira de Lauana e can\u00e7\u00f5es do novo EP \u201cApruma, Beag\u00e1\u201d, parte do projeto audiovisual \u201cRaiz Belo Horizonte\u201d. Entre as faixas confirmadas est\u00e3o: \u201cCora\u00e7\u00e3o Sertanejo\u201d, \u201cEscrito nas Estrelas\u201d, \u201cUm Sonhador\u201d e \u201cCDs e Livros\u201d.<br>Diferente do show apresentado nas turn\u00eas tradicionais, o RAIZ oferece uma experi\u00eancia exclusiva e intimista, pensada para aproximar ainda mais Lauana de seus f\u00e3s. Ribeir\u00e3o Preto ser\u00e1 palco da primeira edi\u00e7\u00e3o indoor da label, com estrutura in\u00e9dita e tr\u00eas setores: Pista Raiz, Camarote Bar do Tet\u00e9u e o RAIZ VIP EXPERIENCE, pacote que eleva a experi\u00eancia a outro n\u00edvel, com benef\u00edcios especiais, incluindo:<br>\u25cf 01 convite individual \u201cConvidado da Lauana Prado\u201d<br>\u25cf Transfers exclusivos de ida e volta<br>\u25cf Entrada diferenciada pelo \u201cOs de Casa\u201d<br>\u25cf Acesso ao espa\u00e7o reservado dentro do Camarote Bar do Tet\u00e9u com open bar premium e open food<br>\u25cf Visita ao camarim da artista<br>\u25cf Kit RAIZ com itens personalizados<br>\u25cf 01 hospedagem no mesmo hotel da cantora<br>\u25cf Atendimento exclusivo com concierge<br>\u201cO RAIZ VIP Experience \u00e9 uma forma de somar ainda mais \u00e0 entrega que queremos oferecer. Ribeir\u00e3o vai se surpreender com essa experi\u00eancia! Quem \u00e9 RAIZ de verdade vive um dia inesquec\u00edvel\u201d, afirma Lauana.<br>Com nova cenografia, ambienta\u00e7\u00e3o reformulada, lojinhas tem\u00e1ticas, pra\u00e7a de alimenta\u00e7\u00e3o e a loja oficial RAIZ \u2014 que re\u00fane produtos exclusivos como copos t\u00e9rmicos, camisetas, bon\u00e9s, chap\u00e9us e broches \u2014, a produ\u00e7\u00e3o do evento leva a assinatura da Casa Grande Eventos, Viva La Vida RP, LP Music Business e GTS \u2013 Universal Music Brasil.<br>Em 2025, o projeto RAIZ aconteceu com sucesso em Curitiba, Belo Horizonte e Campinas. A festa ainda tem edi\u00e7\u00f5es confirmadas em cidades como Maring\u00e1, S\u00e3o Paulo e Bras\u00edlia. Para acompanhar novidades e novas datas, siga o perfil oficial no Instagram: @lauanapradoraiz.<br>Sobre o projeto musical \u201cRaiz\u201d:<\/p>\n\n\n\n<p>O projeto \u201cRaiz\u201d, idealizado por Lauana Prado, consolidou-se como um marco na m\u00fasica sertaneja contempor\u00e2nea. Sua primeira edi\u00e7\u00e3o, \u201cRaiz ao Vivo em S\u00e3o Paulo\u201d (2022), destacou-se com 22 faixas que homenageiam cl\u00e1ssicos do g\u00eanero, rendendo \u00e0 artista uma indica\u00e7\u00e3o ao Latin GRAMMY\u00ae. Em 2023, \u201cRaiz Goi\u00e2nia\u201d alcan\u00e7ou o topo das paradas no Spotify Brasil, impulsionado pelo sucesso de \u201cEscrito nas Estrelas\u201d, que viralizou nas redes sociais e conquistou dois Pr\u00eamios Multishow em 2024 e se tornou uma das m\u00fasicas mais ouvidas nas plataformas de streaming e nas r\u00e1dios brasileiras no mesmo ano. Agora, Lauana se prepara para lan\u00e7ar o \u201cRaiz Belo Horizonte\u201d, gravado em maio no Mineir\u00e3o, com novidades no repert\u00f3rio, cenografia e experi\u00eancias exclusivas para os f\u00e3s, al\u00e9m de participa\u00e7\u00f5es especiais de nomes como Murilo Huff, Paula Fernandes, Gian &amp; Giovani, Zez\u00e9 Di Camargo, Diego &amp; Victor Hugo, Roberta Miranda e Elba Ramalho.<\/p>\n\n\n\n<p>Sobre a festa \u201cRaiz\u201d:<\/p>\n\n\n\n<p>A festa \u201cRaiz\u201d, idealizada por Lauana Prado, destaca-se por seu repert\u00f3rio de regrava\u00e7\u00f5es de cl\u00e1ssicos da m\u00fasica sertaneja e de artistas como Caetano Veloso, Alcione e C\u00e1ssia Eller, apresentando vers\u00f5es \u00fanicas que conquistaram o p\u00fablico. Com o slogan \u201cA festa mais RAIZ desse Brasil\u201d, o evento esgotou ingressos em todas as cidades por onde passou em 2024, incluindo Curitiba, S\u00e3o Paulo e Belo Horizonte, encerrando a temporada com transmiss\u00f5es ao vivo no Globoplay e Multishow. Em 2025, a label estreou nova temporada em Belo Horizonte, onde tamb\u00e9m foi gravado o terceiro audiovisual do projeto, que ter\u00e1 o EP \u201cApruma Beag\u00e1\u201d lan\u00e7ado no dia 31 de julho. A label que reuniu multid\u00e3o em Campinas em julho, segue agora para Ribeir\u00e3o Preto, Maring\u00e1, S\u00e3o Paulo, Bras\u00edlia e Goi\u00e2nia. Novas cidades ser\u00e3o anunciadas em breve.<\/p>\n\n\n\n<p>Sobre Lauana Prado:<\/p>\n\n\n\n<p>Cantora e compositora com mais de 18 anos de carreira, Lauana se destaca pela versatilidade de uma artista que canta m\u00fasica sertaneja que carrega em sua ess\u00eancia. Em seu repert\u00f3rio de sucessos est\u00e3o: \u201cCobaia\u201d, \u201cViva voz\u201d, \u201cWhisky Vagabundo\u201d e \u201cEscrito nas estrelas\u201d, que foi uma das m\u00fasicas mais ouvidas do Brasil nas r\u00e1dios e plataformas de streaming em 2024. Atualmente suas can\u00e7\u00f5es \u201cKamasutra\u201d e \u201cSaudade Burra\u201d, que comp\u00f5em o \u00e1lbum \u201cLauana Prado Transcende &#8211; Ao vivo no Ibirapuera\u201d est\u00e3o em destaque no chart das plataformas de streaming. Lauana Prado soma \u00e0 sua carreira quatro indica\u00e7\u00f5es ao Latin GRAMMY\u00ae, premia\u00e7\u00f5es e reconhecimentos internacionais, al\u00e9m de diversos discos e singles premiados no Brasil e em Portugal. A cantora se prepara para lan\u00e7ar a terceira edi\u00e7\u00e3o do premiado audiovisual \u201cRAIZ\u201d, gravado em Belo Horizonte em maio, trazendo inova\u00e7\u00e3o e novidades para uma das labels de maior sucesso no pa\u00eds. Destaque tamb\u00e9m em seu projeto de in\u00e9ditas, o \u00e1lbum \u201cLauana Prado Transcende &#8211; Ao vivo no Ibirapuera\u201d foi premiado como \u201cMelhor lan\u00e7amento sertanejo\u201d na 32\u00aa edi\u00e7\u00e3o do Pr\u00eamio BTG Pactual da M\u00fasica Brasileira.<\/p>\n","protected":false},"excerpt":{"rendered":"<p>A artista apresenta \u201cA Festa Mais Raiz do Brasil\u201d pela primeira vez na cidade. Diferente&#8230;<\/p>\n","protected":false},"author":1,"featured_media":25237,"comment_status":"open","ping_status":"open","sticky":false,"template":"","format":"standard","meta":{"footnotes":""},"categories":[2],"tags":[],"featured_image_urls":{"full":["https:\/\/novosaopaulo.com.br\/n1\/wp-content\/uploads\/2025\/08\/WhatsApp-Image-2025-08-04-at-15.20.55.jpeg",1080,1346,false],"thumbnail":["https:\/\/novosaopaulo.com.br\/n1\/wp-content\/uploads\/2025\/08\/WhatsApp-Image-2025-08-04-at-15.20.55-150x150.jpeg",150,150,true],"medium":["https:\/\/novosaopaulo.com.br\/n1\/wp-content\/uploads\/2025\/08\/WhatsApp-Image-2025-08-04-at-15.20.55-241x300.jpeg",241,300,true],"medium_large":["https:\/\/novosaopaulo.com.br\/n1\/wp-content\/uploads\/2025\/08\/WhatsApp-Image-2025-08-04-at-15.20.55-768x957.jpeg",640,798,true],"large":["https:\/\/novosaopaulo.com.br\/n1\/wp-content\/uploads\/2025\/08\/WhatsApp-Image-2025-08-04-at-15.20.55-822x1024.jpeg",640,797,true],"1536x1536":["https:\/\/novosaopaulo.com.br\/n1\/wp-content\/uploads\/2025\/08\/WhatsApp-Image-2025-08-04-at-15.20.55.jpeg",1080,1346,false],"2048x2048":["https:\/\/novosaopaulo.com.br\/n1\/wp-content\/uploads\/2025\/08\/WhatsApp-Image-2025-08-04-at-15.20.55.jpeg",1080,1346,false],"newsever-slider-full":["https:\/\/novosaopaulo.com.br\/n1\/wp-content\/uploads\/2025\/08\/WhatsApp-Image-2025-08-04-at-15.20.55-1080x845.jpeg",1080,845,true],"newsever-featured":["https:\/\/novosaopaulo.com.br\/n1\/wp-content\/uploads\/2025\/08\/WhatsApp-Image-2025-08-04-at-15.20.55-1024x1276.jpeg",1024,1276,true],"newsever-medium":["https:\/\/novosaopaulo.com.br\/n1\/wp-content\/uploads\/2025\/08\/WhatsApp-Image-2025-08-04-at-15.20.55-720x475.jpeg",720,475,true]},"author_info":{"display_name":"Reda\u00e7\u00e3o","author_link":"https:\/\/novosaopaulo.com.br\/n1\/author\/g5poa\/"},"category_info":"<a href=\"https:\/\/novosaopaulo.com.br\/n1\/category\/cidades\/\" rel=\"category tag\">Cidades<\/a>","tag_info":"Cidades","comment_count":"0","_links":{"self":[{"href":"https:\/\/novosaopaulo.com.br\/n1\/wp-json\/wp\/v2\/posts\/25236"}],"collection":[{"href":"https:\/\/novosaopaulo.com.br\/n1\/wp-json\/wp\/v2\/posts"}],"about":[{"href":"https:\/\/novosaopaulo.com.br\/n1\/wp-json\/wp\/v2\/types\/post"}],"author":[{"embeddable":true,"href":"https:\/\/novosaopaulo.com.br\/n1\/wp-json\/wp\/v2\/users\/1"}],"replies":[{"embeddable":true,"href":"https:\/\/novosaopaulo.com.br\/n1\/wp-json\/wp\/v2\/comments?post=25236"}],"version-history":[{"count":1,"href":"https:\/\/novosaopaulo.com.br\/n1\/wp-json\/wp\/v2\/posts\/25236\/revisions"}],"predecessor-version":[{"id":25238,"href":"https:\/\/novosaopaulo.com.br\/n1\/wp-json\/wp\/v2\/posts\/25236\/revisions\/25238"}],"wp:featuredmedia":[{"embeddable":true,"href":"https:\/\/novosaopaulo.com.br\/n1\/wp-json\/wp\/v2\/media\/25237"}],"wp:attachment":[{"href":"https:\/\/novosaopaulo.com.br\/n1\/wp-json\/wp\/v2\/media?parent=25236"}],"wp:term":[{"taxonomy":"category","embeddable":true,"href":"https:\/\/novosaopaulo.com.br\/n1\/wp-json\/wp\/v2\/categories?post=25236"},{"taxonomy":"post_tag","embeddable":true,"href":"https:\/\/novosaopaulo.com.br\/n1\/wp-json\/wp\/v2\/tags?post=25236"}],"curies":[{"name":"wp","href":"https:\/\/api.w.org\/{rel}","templated":true}]}}