{"id":25234,"date":"2025-08-04T13:02:46","date_gmt":"2025-08-04T16:02:46","guid":{"rendered":"https:\/\/novosaopaulo.com.br\/n1\/?p=25234"},"modified":"2025-08-04T13:02:47","modified_gmt":"2025-08-04T16:02:47","slug":"a-paz-e-a-concordia-necessarias","status":"publish","type":"post","link":"https:\/\/novosaopaulo.com.br\/n1\/a-paz-e-a-concordia-necessarias\/","title":{"rendered":"A paz e a conc\u00f3rdia, necess\u00e1rias"},"content":{"rendered":"\n<p>Vivemos, no Brasil, um dos mais delicados e controversos momentos de nossa Hist\u00f3ria pol\u00edtico-administrativa. O governo dos Estados Unidos &#8211; a maior economia do planeta &#8211; promete colocar em vigor na quarta-feira (dia 6) a tarifa de 50% sobre as mercadorias que exportamos para aquele pa\u00eds. Al\u00e9m de romper a competitividade de nossos produtos no mercado internacional, o tarifa\u00e7o americano abre as portas para outros pa\u00edses e organismos fazerem o mesmo, ou at\u00e9 pior, contra os interesses brasileiros. Especula-se que a Organiza\u00e7\u00e3o do Tratado do Atl\u00e2ntico Norte (OTAN) projeta gravar com tarifa de 100% as nossas mercadorias vendidas aos seus pa\u00edses-membros. Dif\u00edcil saber como isso terminaria.<br>No mesmo pacote, o governo de Washington cassou os vistos de acesso de oito dos 11 ministros da suprema corte brasileira e do procurador-geral da Rep\u00fablica. Paralelamente, a lei Magnitsky, que imp\u00f5em severas san\u00e7\u00f5es econ\u00f4micas foi aplicada ao ministro Alexandre de Moraes, acusado de viola\u00e7\u00e3o dos direitos humanos e persegui\u00e7\u00f5es ao ex-presidente Jair Bolsonaro e a outros advers\u00e1rios do governo do presidente Lula. H\u00e1 rumores de que outros magistrados e autoridades tamb\u00e9m ser\u00e3o sancionados. Moraes reagiu, dizendo que continuar\u00e1 atuando fortemente nos processos, como se nada tivesse ocorrido.<br>Durante o domingo, manifesta\u00e7\u00f5es foram realizadas nas capitais e principais cidades brasileiras pela anistia aos envolvidos nos epis\u00f3dios de 8 de janeiro de 2023 \u2013 entre eles Bolsonaro \u2013 e pelo impeachment de Moraes e de Lula. \u00c9 um dos pontos mais altos da polariza\u00e7\u00e3o pol\u00edtica entre direita e esquerda. Espera-se para qualquer momento as decis\u00f5es do governo Trump sobre as tarifas aplicadas aos produtos brasileiros. Dependendo do percentual, elas poder\u00e3o trazer grandes dificuldades \u00e0 economia brasileira.<br>O clima \u00e9 tenso e o palavreado forte entre os contendores. S\u00e3o incertas as informa\u00e7\u00f5es sobre a expectativa de acordo entre os governos brasileiro e estadunidense.<br>S\u00e3o preocupantes o clima de hostilidade e as diferentes vers\u00f5es \u2013 verdadeiras ou falsas \u2013 que circulam no espectro pol\u00edtico e administrativo. O ideal seria n\u00e3o haver esse contencioso e no seu lugar ocorrer o entendimento m\u00ednimo entre os envolvidos.<br>O Congresso Nacional, que volta do recesso de meio de ano, dever\u00e1 viver um per\u00edodo tenso. Al\u00e9m da lei da Anistia, do fim da reelei\u00e7\u00e3o para cargos executivos e outros temas sens\u00edveis, ainda dever\u00e3o ser apresentados novos requerimentos de impeachment ao ministro Moraes e ao presidente Lula, que ningu\u00e9m, no quadro atual, seria capaz de prever se prosperar\u00e3o ou ser\u00e3o jogados na gaveta do Senado e da C\u00e2mara, como durante os anos tem ocorrido.<br>Torcemos para que as ditas inconveni\u00eancias sejam solucionadas e o clima pol\u00edtico nacional pacificado. Que a Constitui\u00e7\u00e3o seja plenamente respeitada e cessem as escaramu\u00e7as entre os Tr\u00eas Poderes. Que eles continuem harm\u00f4nicos e independentes e nenhum dos seus agentes atue de forma a conspurcar o regime democr\u00e1tico e o bem-estar da popula\u00e7\u00e3o. Precisamos de paz, respeito e solidariedade. Do contr\u00e1rio, o caos tornar-se-\u00e1 inevit\u00e1vel\u2026<\/p>\n\n\n\n<p>Tenente Dirceu Cardoso Gon\u00e7alves &#8211; dirigente da ASPOMIL (Associa\u00e7\u00e3o de Assist\u00eancia Social dos Policiais Militares de S\u00e3o Paulo).<\/p>\n","protected":false},"excerpt":{"rendered":"<p>Vivemos, no Brasil, um dos mais delicados e controversos momentos de nossa Hist\u00f3ria pol\u00edtico-administrativa. O&#8230;<\/p>\n","protected":false},"author":1,"featured_media":23327,"comment_status":"open","ping_status":"open","sticky":false,"template":"","format":"standard","meta":{"footnotes":""},"categories":[2],"tags":[],"featured_image_urls":{"full":["https:\/\/novosaopaulo.com.br\/n1\/wp-content\/uploads\/2025\/04\/Tenente-Dirceu-Cardoso-Goncalves.jpg",600,564,false],"thumbnail":["https:\/\/novosaopaulo.com.br\/n1\/wp-content\/uploads\/2025\/04\/Tenente-Dirceu-Cardoso-Goncalves-150x150.jpg",150,150,true],"medium":["https:\/\/novosaopaulo.com.br\/n1\/wp-content\/uploads\/2025\/04\/Tenente-Dirceu-Cardoso-Goncalves-300x282.jpg",300,282,true],"medium_large":["https:\/\/novosaopaulo.com.br\/n1\/wp-content\/uploads\/2025\/04\/Tenente-Dirceu-Cardoso-Goncalves.jpg",600,564,false],"large":["https:\/\/novosaopaulo.com.br\/n1\/wp-content\/uploads\/2025\/04\/Tenente-Dirceu-Cardoso-Goncalves.jpg",600,564,false],"1536x1536":["https:\/\/novosaopaulo.com.br\/n1\/wp-content\/uploads\/2025\/04\/Tenente-Dirceu-Cardoso-Goncalves.jpg",600,564,false],"2048x2048":["https:\/\/novosaopaulo.com.br\/n1\/wp-content\/uploads\/2025\/04\/Tenente-Dirceu-Cardoso-Goncalves.jpg",600,564,false],"newsever-slider-full":["https:\/\/novosaopaulo.com.br\/n1\/wp-content\/uploads\/2025\/04\/Tenente-Dirceu-Cardoso-Goncalves.jpg",600,564,false],"newsever-featured":["https:\/\/novosaopaulo.com.br\/n1\/wp-content\/uploads\/2025\/04\/Tenente-Dirceu-Cardoso-Goncalves.jpg",600,564,false],"newsever-medium":["https:\/\/novosaopaulo.com.br\/n1\/wp-content\/uploads\/2025\/04\/Tenente-Dirceu-Cardoso-Goncalves-600x475.jpg",600,475,true]},"author_info":{"display_name":"Reda\u00e7\u00e3o","author_link":"https:\/\/novosaopaulo.com.br\/n1\/author\/g5poa\/"},"category_info":"<a href=\"https:\/\/novosaopaulo.com.br\/n1\/category\/cidades\/\" rel=\"category tag\">Cidades<\/a>","tag_info":"Cidades","comment_count":"0","_links":{"self":[{"href":"https:\/\/novosaopaulo.com.br\/n1\/wp-json\/wp\/v2\/posts\/25234"}],"collection":[{"href":"https:\/\/novosaopaulo.com.br\/n1\/wp-json\/wp\/v2\/posts"}],"about":[{"href":"https:\/\/novosaopaulo.com.br\/n1\/wp-json\/wp\/v2\/types\/post"}],"author":[{"embeddable":true,"href":"https:\/\/novosaopaulo.com.br\/n1\/wp-json\/wp\/v2\/users\/1"}],"replies":[{"embeddable":true,"href":"https:\/\/novosaopaulo.com.br\/n1\/wp-json\/wp\/v2\/comments?post=25234"}],"version-history":[{"count":1,"href":"https:\/\/novosaopaulo.com.br\/n1\/wp-json\/wp\/v2\/posts\/25234\/revisions"}],"predecessor-version":[{"id":25235,"href":"https:\/\/novosaopaulo.com.br\/n1\/wp-json\/wp\/v2\/posts\/25234\/revisions\/25235"}],"wp:featuredmedia":[{"embeddable":true,"href":"https:\/\/novosaopaulo.com.br\/n1\/wp-json\/wp\/v2\/media\/23327"}],"wp:attachment":[{"href":"https:\/\/novosaopaulo.com.br\/n1\/wp-json\/wp\/v2\/media?parent=25234"}],"wp:term":[{"taxonomy":"category","embeddable":true,"href":"https:\/\/novosaopaulo.com.br\/n1\/wp-json\/wp\/v2\/categories?post=25234"},{"taxonomy":"post_tag","embeddable":true,"href":"https:\/\/novosaopaulo.com.br\/n1\/wp-json\/wp\/v2\/tags?post=25234"}],"curies":[{"name":"wp","href":"https:\/\/api.w.org\/{rel}","templated":true}]}}